{"id":62618,"date":"2025-12-18T12:01:59","date_gmt":"2025-12-18T15:01:59","guid":{"rendered":"https:\/\/radiorevelacionfm.cl\/?p=62618"},"modified":"2025-12-18T12:01:59","modified_gmt":"2025-12-18T15:01:59","slug":"cisnes-celebra-veladas-navidenas-con-un-brillante-concierto-coral","status":"publish","type":"post","link":"https:\/\/radiorevelacionfm.cl\/?p=62618","title":{"rendered":"Cisnes celebra veladas navide\u00f1as con un brillante Concierto Coral"},"content":{"rendered":"<div class=\"flex_column av_one_full  flex_column_div av-zero-column-padding first  avia-builder-el-0  el_before_av_one_full  avia-builder-el-first  \" style='border-radius:0px; '><div  class='avia-image-container  av-styling-    avia-builder-el-1  avia-builder-el-no-sibling  avia-align-center '  itemprop=\"image\" itemscope=\"itemscope\" itemtype=\"https:\/\/schema.org\/ImageObject\"  ><div class='avia-image-container-inner'><div class='avia-image-overlay-wrap'><img decoding=\"async\" class='wp-image-62619 avia-img-lazy-loading-not-62619 avia_image' src=\"https:\/\/radiorevelacionfm.cl\/wp-content\/uploads\/2025\/12\/fotografia-oficial-1_optimized.jpg\" alt='' title='fotograf\u00eda-oficial-(1)_optimized' height=\"600\" width=\"800\"  itemprop=\"thumbnailUrl\" srcset=\"https:\/\/radiorevelacionfm.cl\/wp-content\/uploads\/2025\/12\/fotografia-oficial-1_optimized.jpg 800w, https:\/\/radiorevelacionfm.cl\/wp-content\/uploads\/2025\/12\/fotografia-oficial-1_optimized-300x225.jpg 300w, https:\/\/radiorevelacionfm.cl\/wp-content\/uploads\/2025\/12\/fotografia-oficial-1_optimized-768x576.jpg 768w, https:\/\/radiorevelacionfm.cl\/wp-content\/uploads\/2025\/12\/fotografia-oficial-1_optimized-705x529.jpg 705w, https:\/\/radiorevelacionfm.cl\/wp-content\/uploads\/2025\/12\/fotografia-oficial-1_optimized-450x338.jpg 450w, https:\/\/radiorevelacionfm.cl\/wp-content\/uploads\/2025\/12\/fotografia-oficial-1_optimized-600x450.jpg 600w\" sizes=\"(max-width: 800px) 100vw, 800px\" \/><\/div><\/div><\/div><\/div><div class=\"flex_column av_one_full  flex_column_div av-zero-column-padding first  avia-builder-el-2  el_after_av_one_full  el_before_av_one_full  column-top-margin\" style='border-radius:0px; '><section class=\"av_textblock_section \"  itemscope=\"itemscope\" itemtype=\"https:\/\/schema.org\/BlogPosting\" itemprop=\"blogPost\" ><div class='avia_textblock  '   itemprop=\"text\" ><p style=\"text-align: center;\"><strong><span style=\"font-size: 18pt;\">Cisnes celebra veladas navide\u00f1as con un brillante Concierto Coral<\/span><\/strong><\/p>\n<div id=\"gtx-trans\" style=\"position: absolute; left: -50px; top: 4.31534px;\">\n<div class=\"gtx-trans-icon\"><\/div>\n<\/div>\n<\/div><\/section><\/div><div class=\"flex_column av_one_full  flex_column_div av-zero-column-padding first  avia-builder-el-4  el_after_av_one_full  el_before_av_hr  column-top-margin\" style='border-radius:0px; '><section class=\"av_textblock_section \"  itemscope=\"itemscope\" itemtype=\"https:\/\/schema.org\/BlogPosting\" itemprop=\"blogPost\" ><div class='avia_textblock  '   itemprop=\"text\" ><p style=\"text-align: justify;\">Con una amplia participaci\u00f3n de la comunidad, la comuna de Cisnes celebr\u00f3 durante la semana pasada tres Veladas Navide\u00f1as en Puerto Cisnes, Puyuhuapi y La Junta. Las actividades, organizadas por la Municipalidad de Cisnes, pusieron en valor el talento juvenil y el trabajo formativo desarrollado a lo largo del a\u00f1o.<\/p>\n<p style=\"text-align: justify;\">Las jornadas reunieron a cerca de 200 personas entre p\u00fablico general, personas mayores y familias de los estudiantes. El concierto coral destac\u00f3 tanto por su calidad musical como por el proceso educativo y humano vivido por sus participantes, fortaleciendo la confianza, la expresi\u00f3n y el desarrollo personal de ni\u00f1os y ni\u00f1as.<\/p>\n<p style=\"text-align: justify;\">Durante el cierre realizado en La Junta, el alcalde de Cisnes, Francisco Roncagliolo, destac\u00f3 el impacto del programa y su proyecci\u00f3n futura. \u201cEstamos muy contentos con el desarrollo de estas Veladas Navide\u00f1as, que tienen una caracter\u00edstica muy especial: est\u00e1n formadas por coros de ni\u00f1os de nuestra comuna. Este proceso no solo les permiti\u00f3 interpretar canciones o mejorar su presentaci\u00f3n frente al p\u00fablico, sino que tambi\u00e9n fortaleci\u00f3 habilidades clave para su desarrollo integral\u201d, expres\u00f3. Adem\u00e1s, resalt\u00f3 que esta primera versi\u00f3n del programa cierra seis meses de trabajo sostenido y proyecta una nueva etapa de crecimiento para 2026, orientada a ampliar las oportunidades de participaci\u00f3n para ni\u00f1os y ni\u00f1as del territorio.<\/p>\n<p style=\"text-align: justify;\">Los protagonistas fueron 30 estudiantes, desde 1\u00b0 b\u00e1sico hasta 1\u00b0 medio, pertenecientes a las escuelas Hamburgo de Puyuhuapi y Eusebio Ibar Schepeler de La Junta. Durante seis meses de trabajo constante, prepararon un repertorio navide\u00f1o que fortaleci\u00f3 no solo sus habilidades vocales, sino tambi\u00e9n su seguridad esc\u00e9nica y capacidad de presentarse ante el p\u00fablico. As\u00ed lo expres\u00f3 Javiera Calvo, apoderada, quien se\u00f1al\u00f3: \u201cFue s\u00faper emocionante; me impresiona c\u00f3mo es capaz de desenvolverse frente al p\u00fablico. Esta es una instancia para desarrollar un talento que \u00e9l tiene, con herramientas de s\u00faper buena calidad. Estoy muy agradecida\u201d.<\/p>\n<p style=\"text-align: justify;\">Las Veladas Navide\u00f1as formaron parte de la primera versi\u00f3n del programa \u201cTodos Pueden Cantar\u201d, iniciativa financiada por la Municipalidad de Cisnes a trav\u00e9s de su Oficina de Cultura y dirigida por la cantante l\u00edrica y directora coral Maxiel Marchant, formada en la Universidad de Talca y con experiencia de perfeccionamiento y trabajo coral en el extranjero, especialmente en Alemania.<\/p>\n<p style=\"text-align: justify;\">Las presentaciones contaron adem\u00e1s con el respaldo del Servicio Local de Educaci\u00f3n P\u00fablica (SLEP) y Emporcha, entidades que colaboraron en los traslados y la facilitaci\u00f3n de espacio, contribuyendo al \u00e9xito del recorrido por las tres localidades.<\/p>\n<p style=\"text-align: justify;\"><strong>\u00a0<\/strong><\/p>\n<\/div><\/section><\/div><div  style='height:50px' class='hr hr-invisible   avia-builder-el-6  el_after_av_one_full  el_before_av_social_share '><span class='hr-inner ' ><span class='hr-inner-style'><\/span><\/span><\/div><\/p>\n<div  class='av-social-sharing-box  avia-builder-el-7  el_after_av_hr  el_before_av_hr  '><div class='av-share-box'><h5 class='av-share-link-description av-no-toc '>Compartir esta noticia<\/h5><ul class='av-share-box-list noLightbox'><li class='av-share-link av-social-link-facebook' ><a target=\"_blank\" aria-label=\"Compartir en Facebook\" href='https:\/\/www.facebook.com\/sharer.php?u=https:\/\/radiorevelacionfm.cl\/?p=62618&#038;t=Cisnes%20celebra%20veladas%20navide%C3%B1as%20con%20un%20brillante%20Concierto%20Coral' aria-hidden='false' data-av_icon='\ue8f3' data-av_iconfont='entypo-fontello' title='' data-avia-related-tooltip='Compartir en Facebook' rel=\"noopener\"><span class='avia_hidden_link_text'>Compartir en Facebook<\/span><\/a><\/li><li class='av-share-link av-social-link-twitter' ><a target=\"_blank\" aria-label=\"Compartir en Twitter\" href='https:\/\/twitter.com\/share?text=Cisnes%20celebra%20veladas%20navide%C3%B1as%20con%20un%20brillante%20Concierto%20Coral&#038;url=https:\/\/radiorevelacionfm.cl\/?p=62618' aria-hidden='false' data-av_icon='\ue8f1' data-av_iconfont='entypo-fontello' title='' data-avia-related-tooltip='Compartir en Twitter' rel=\"noopener\"><span class='avia_hidden_link_text'>Compartir en Twitter<\/span><\/a><\/li><li class='av-share-link av-social-link-whatsapp' ><a target=\"_blank\" aria-label=\"Compartir en Whatsapp\" href='https:\/\/api.whatsapp.com\/send?text=https:\/\/radiorevelacionfm.cl\/?p=62618' aria-hidden='false' data-av_icon='\uf232' data-av_iconfont='entypo-fontello' title='' data-avia-related-tooltip='Compartir en Whatsapp' rel=\"noopener\"><span class='avia_hidden_link_text'>Compartir en Whatsapp<\/span><\/a><\/li><li class='av-share-link av-social-link-linkedin' ><a target=\"_blank\" aria-label=\"Compartir en LinkedIn\" href='https:\/\/linkedin.com\/shareArticle?mini=true&#038;title=Cisnes%20celebra%20veladas%20navide%C3%B1as%20con%20un%20brillante%20Concierto%20Coral&#038;url=https:\/\/radiorevelacionfm.cl\/?p=62618' aria-hidden='false' data-av_icon='\ue8fc' data-av_iconfont='entypo-fontello' title='' data-avia-related-tooltip='Compartir en LinkedIn' rel=\"noopener\"><span class='avia_hidden_link_text'>Compartir en LinkedIn<\/span><\/a><\/li><li class='av-share-link av-social-link-mail' ><a  aria-label=\"Compartir por correo\" href='mailto:?subject=Cisnes%20celebra%20veladas%20navide%C3%B1as%20con%20un%20brillante%20Concierto%20Coral&#038;body=https:\/\/radiorevelacionfm.cl\/?p=62618' aria-hidden='false' data-av_icon='\ue805' data-av_iconfont='entypo-fontello' title='' data-avia-related-tooltip='Compartir por correo'><span class='avia_hidden_link_text'>Compartir por correo<\/span><\/a><\/li><\/ul><\/div><\/div>\n<div  style='height:50px' class='hr hr-invisible   avia-builder-el-8  el_after_av_social_share  el_before_av_comments_list '><span class='hr-inner ' ><span class='hr-inner-style'><\/span><\/span><\/div>\n<div  class='av-buildercomment  av-blog-meta-html-info-disabled av-blog-meta-tag-disabled  '><\/div>\n","protected":false},"excerpt":{"rendered":"","protected":false},"author":1,"featured_media":62619,"comment_status":"closed","ping_status":"closed","sticky":false,"template":"","format":"standard","meta":{"footnotes":""},"categories":[38],"tags":[],"class_list":["post-62618","post","type-post","status-publish","format-standard","has-post-thumbnail","hentry","category-regional"],"jetpack_featured_media_url":"https:\/\/radiorevelacionfm.cl\/wp-content\/uploads\/2025\/12\/fotografia-oficial-1_optimized.jpg","_links":{"self":[{"href":"https:\/\/radiorevelacionfm.cl\/index.php?rest_route=\/wp\/v2\/posts\/62618","targetHints":{"allow":["GET"]}}],"collection":[{"href":"https:\/\/radiorevelacionfm.cl\/index.php?rest_route=\/wp\/v2\/posts"}],"about":[{"href":"https:\/\/radiorevelacionfm.cl\/index.php?rest_route=\/wp\/v2\/types\/post"}],"author":[{"embeddable":true,"href":"https:\/\/radiorevelacionfm.cl\/index.php?rest_route=\/wp\/v2\/users\/1"}],"replies":[{"embeddable":true,"href":"https:\/\/radiorevelacionfm.cl\/index.php?rest_route=%2Fwp%2Fv2%2Fcomments&post=62618"}],"version-history":[{"count":2,"href":"https:\/\/radiorevelacionfm.cl\/index.php?rest_route=\/wp\/v2\/posts\/62618\/revisions"}],"predecessor-version":[{"id":62621,"href":"https:\/\/radiorevelacionfm.cl\/index.php?rest_route=\/wp\/v2\/posts\/62618\/revisions\/62621"}],"wp:featuredmedia":[{"embeddable":true,"href":"https:\/\/radiorevelacionfm.cl\/index.php?rest_route=\/wp\/v2\/media\/62619"}],"wp:attachment":[{"href":"https:\/\/radiorevelacionfm.cl\/index.php?rest_route=%2Fwp%2Fv2%2Fmedia&parent=62618"}],"wp:term":[{"taxonomy":"category","embeddable":true,"href":"https:\/\/radiorevelacionfm.cl\/index.php?rest_route=%2Fwp%2Fv2%2Fcategories&post=62618"},{"taxonomy":"post_tag","embeddable":true,"href":"https:\/\/radiorevelacionfm.cl\/index.php?rest_route=%2Fwp%2Fv2%2Ftags&post=62618"}],"curies":[{"name":"wp","href":"https:\/\/api.w.org\/{rel}","templated":true}]}}