{"id":62613,"date":"2025-12-18T11:49:09","date_gmt":"2025-12-18T14:49:09","guid":{"rendered":"https:\/\/radiorevelacionfm.cl\/?p=62613"},"modified":"2025-12-18T11:49:09","modified_gmt":"2025-12-18T14:49:09","slug":"iniciativa-comunitaria-de-esterilizacion-y-tenencia-responsable-fortalece-el-bienestar-animal-en-coyhaique-y-puerto-aysen","status":"publish","type":"post","link":"https:\/\/radiorevelacionfm.cl\/?p=62613","title":{"rendered":"Iniciativa comunitaria de esterilizaci\u00f3n y tenencia responsable fortalece el bienestar animal en Coyhaique y Puerto Ays\u00e9n"},"content":{"rendered":"<div class=\"flex_column av_one_full  flex_column_div av-zero-column-padding first  avia-builder-el-0  el_before_av_one_full  avia-builder-el-first  \" style='border-radius:0px; '><div  class='avia-image-container  av-styling-    avia-builder-el-1  avia-builder-el-no-sibling  avia-align-center '  itemprop=\"image\" itemscope=\"itemscope\" itemtype=\"https:\/\/schema.org\/ImageObject\"  ><div class='avia-image-container-inner'><div class='avia-image-overlay-wrap'><img decoding=\"async\" class='wp-image-62614 avia-img-lazy-loading-not-62614 avia_image' src=\"https:\/\/radiorevelacionfm.cl\/wp-content\/uploads\/2025\/12\/Perrito-del-Proyecto-Odepac-Esterilizacion-Mascotas-1-1-1.jpg\" alt='' title='Perrito del Proyecto Odepac Esterilizaci\u00f3n Mascotas (1) (1) (1)' height=\"690\" width=\"801\"  itemprop=\"thumbnailUrl\" srcset=\"https:\/\/radiorevelacionfm.cl\/wp-content\/uploads\/2025\/12\/Perrito-del-Proyecto-Odepac-Esterilizacion-Mascotas-1-1-1.jpg 801w, https:\/\/radiorevelacionfm.cl\/wp-content\/uploads\/2025\/12\/Perrito-del-Proyecto-Odepac-Esterilizacion-Mascotas-1-1-1-300x258.jpg 300w, https:\/\/radiorevelacionfm.cl\/wp-content\/uploads\/2025\/12\/Perrito-del-Proyecto-Odepac-Esterilizacion-Mascotas-1-1-1-768x662.jpg 768w, https:\/\/radiorevelacionfm.cl\/wp-content\/uploads\/2025\/12\/Perrito-del-Proyecto-Odepac-Esterilizacion-Mascotas-1-1-1-705x607.jpg 705w, https:\/\/radiorevelacionfm.cl\/wp-content\/uploads\/2025\/12\/Perrito-del-Proyecto-Odepac-Esterilizacion-Mascotas-1-1-1-450x388.jpg 450w, https:\/\/radiorevelacionfm.cl\/wp-content\/uploads\/2025\/12\/Perrito-del-Proyecto-Odepac-Esterilizacion-Mascotas-1-1-1-600x517.jpg 600w\" sizes=\"(max-width: 801px) 100vw, 801px\" \/><\/div><\/div><\/div><\/div><div class=\"flex_column av_one_full  flex_column_div av-zero-column-padding first  avia-builder-el-2  el_after_av_one_full  el_before_av_one_full  column-top-margin\" style='border-radius:0px; '><section class=\"av_textblock_section \"  itemscope=\"itemscope\" itemtype=\"https:\/\/schema.org\/BlogPosting\" itemprop=\"blogPost\" ><div class='avia_textblock  '   itemprop=\"text\" ><p style=\"text-align: center;\"><strong><span style=\"font-size: 18pt;\">Iniciativa comunitaria de esterilizaci\u00f3n y tenencia responsable fortalece el bienestar animal en Coyhaique y Puerto Ays\u00e9n<\/span><\/strong><\/p>\n<div id=\"gtx-trans\" style=\"position: absolute; left: -50px; top: 4.31534px;\">\n<div class=\"gtx-trans-icon\"><\/div>\n<\/div>\n<\/div><\/section><\/div><div class=\"flex_column av_one_full  flex_column_div av-zero-column-padding first  avia-builder-el-4  el_after_av_one_full  el_before_av_hr  column-top-margin\" style='border-radius:0px; '><section class=\"av_textblock_section \"  itemscope=\"itemscope\" itemtype=\"https:\/\/schema.org\/BlogPosting\" itemprop=\"blogPost\" ><div class='avia_textblock  '   itemprop=\"text\" ><p style=\"text-align: justify;\">Desde una necesidad levantada directamente por organizaciones animalistas del territorio, la ONG ODEPAC, en colaboraci\u00f3n con la ONG AYRA, impuls\u00f3 el proyecto <strong>\u201cEsterilizar es Tenencia Responsable\u201d<\/strong>, una iniciativa comunitaria que permiti\u00f3 concretar jornadas gratuitas de esterilizaci\u00f3n y educaci\u00f3n en sectores de Coyhaique y Puerto Ays\u00e9n, con el apoyo del Fondo de Fortalecimiento de Organizaciones de Inter\u00e9s P\u00fablico (FFOIP).<\/p>\n<p style=\"text-align: justify;\">El proyecto naci\u00f3 desde el trabajo territorial y la experiencia cotidiana de las propias organizaciones, que por a\u00f1os han acompa\u00f1ado a familias, personas mayores y comunidades rurales que no cuentan con acceso a servicios veterinarios. Gracias al respaldo del FFOIP, esta propuesta se transform\u00f3 en una acci\u00f3n concreta, llegando a zonas con mayores dificultades de conectividad y acceso.<\/p>\n<p style=\"text-align: justify;\">Las jornadas se realizaron en espacios comunitarios, como sedes de juntas de vecinos, y estuvieron a cargo de un m\u00e9dico veterinario, permitiendo la esterilizaci\u00f3n de mascotas, la implantaci\u00f3n de microchips y la entrega de informaci\u00f3n clara y cercana sobre tenencia responsable. Paralelamente, voluntarias de ambas ONG desarrollaron instancias educativas con tutores y vecinas y vecinos, reforzando el cuidado, la responsabilidad y el v\u00ednculo con los animales.<\/p>\n<p style=\"text-align: justify;\">\u00darsula Mix, Seremi de Gobierno de Ays\u00e9n, destac\u00f3 el valor de este tipo de iniciativas que surgen desde la sociedad civil organizada: <strong>\u201cEste proyecto es un muy buen ejemplo de c\u00f3mo las organizaciones del territorio identifican necesidades reales y proponen soluciones concretas. Desde el Estado, a trav\u00e9s del FFOIP, acompa\u00f1amos y fortalecemos ese trabajo comunitario, que no solo mejora el bienestar animal, sino que tambi\u00e9n apoya directamente a personas mayores y familias que no pueden acceder a estos servicios de manera particular\u201d<\/strong>, se\u00f1al\u00f3.<\/p>\n<p style=\"text-align: justify;\">La autoridad agreg\u00f3 que <strong>\u201ccuando la esterilizaci\u00f3n se articula con educaci\u00f3n y con un fuerte compromiso comunitario, se generan cambios m\u00e1s sostenibles en el tiempo. Este tipo de iniciativas demuestran que la colaboraci\u00f3n entre el Estado y las organizaciones sociales tiene un impacto directo en la calidad de vida de las personas y sus mascotas\u201d<\/strong>.<\/p>\n<p style=\"text-align: justify;\">El proyecto benefici\u00f3 directamente a vecinas y vecinos de Coyhaique y Puerto Ays\u00e9n, especialmente a personas mayores y familias con menos recursos, reafirmando el rol clave que cumplen las organizaciones sociales en la construcci\u00f3n de comunidades m\u00e1s responsables, solidarias y conscientes.<\/p>\n<\/div><\/section><\/div><div  style='height:50px' class='hr hr-invisible   avia-builder-el-6  el_after_av_one_full  el_before_av_social_share '><span class='hr-inner ' ><span class='hr-inner-style'><\/span><\/span><\/div><\/p>\n<div  class='av-social-sharing-box  avia-builder-el-7  el_after_av_hr  el_before_av_hr  '><div class='av-share-box'><h5 class='av-share-link-description av-no-toc '>Compartir esta noticia<\/h5><ul class='av-share-box-list noLightbox'><li class='av-share-link av-social-link-facebook' ><a target=\"_blank\" aria-label=\"Compartir en Facebook\" href='https:\/\/www.facebook.com\/sharer.php?u=https:\/\/radiorevelacionfm.cl\/?p=62613&#038;t=Iniciativa%20comunitaria%20de%20esterilizaci%C3%B3n%20y%20tenencia%20responsable%20fortalece%20el%20bienestar%20animal%20en%20Coyhaique%20y%20Puerto%20Ays%C3%A9n' aria-hidden='false' data-av_icon='\ue8f3' data-av_iconfont='entypo-fontello' title='' data-avia-related-tooltip='Compartir en Facebook' rel=\"noopener\"><span class='avia_hidden_link_text'>Compartir en Facebook<\/span><\/a><\/li><li class='av-share-link av-social-link-twitter' ><a target=\"_blank\" aria-label=\"Compartir en Twitter\" href='https:\/\/twitter.com\/share?text=Iniciativa%20comunitaria%20de%20esterilizaci%C3%B3n%20y%20tenencia%20responsable%20fortalece%20el%20bienestar%20animal%20en%20Coyhaique%20y%20Puerto%20Ays%C3%A9n&#038;url=https:\/\/radiorevelacionfm.cl\/?p=62613' aria-hidden='false' data-av_icon='\ue8f1' data-av_iconfont='entypo-fontello' title='' data-avia-related-tooltip='Compartir en Twitter' rel=\"noopener\"><span class='avia_hidden_link_text'>Compartir en Twitter<\/span><\/a><\/li><li class='av-share-link av-social-link-whatsapp' ><a target=\"_blank\" aria-label=\"Compartir en Whatsapp\" href='https:\/\/api.whatsapp.com\/send?text=https:\/\/radiorevelacionfm.cl\/?p=62613' aria-hidden='false' data-av_icon='\uf232' data-av_iconfont='entypo-fontello' title='' data-avia-related-tooltip='Compartir en Whatsapp' rel=\"noopener\"><span class='avia_hidden_link_text'>Compartir en Whatsapp<\/span><\/a><\/li><li class='av-share-link av-social-link-linkedin' ><a target=\"_blank\" aria-label=\"Compartir en LinkedIn\" href='https:\/\/linkedin.com\/shareArticle?mini=true&#038;title=Iniciativa%20comunitaria%20de%20esterilizaci%C3%B3n%20y%20tenencia%20responsable%20fortalece%20el%20bienestar%20animal%20en%20Coyhaique%20y%20Puerto%20Ays%C3%A9n&#038;url=https:\/\/radiorevelacionfm.cl\/?p=62613' aria-hidden='false' data-av_icon='\ue8fc' data-av_iconfont='entypo-fontello' title='' data-avia-related-tooltip='Compartir en LinkedIn' rel=\"noopener\"><span class='avia_hidden_link_text'>Compartir en LinkedIn<\/span><\/a><\/li><li class='av-share-link av-social-link-mail' ><a  aria-label=\"Compartir por correo\" href='mailto:?subject=Iniciativa%20comunitaria%20de%20esterilizaci%C3%B3n%20y%20tenencia%20responsable%20fortalece%20el%20bienestar%20animal%20en%20Coyhaique%20y%20Puerto%20Ays%C3%A9n&#038;body=https:\/\/radiorevelacionfm.cl\/?p=62613' aria-hidden='false' data-av_icon='\ue805' data-av_iconfont='entypo-fontello' title='' data-avia-related-tooltip='Compartir por correo'><span class='avia_hidden_link_text'>Compartir por correo<\/span><\/a><\/li><\/ul><\/div><\/div>\n<div  style='height:50px' class='hr hr-invisible   avia-builder-el-8  el_after_av_social_share  el_before_av_comments_list '><span class='hr-inner ' ><span class='hr-inner-style'><\/span><\/span><\/div>\n<div  class='av-buildercomment  av-blog-meta-html-info-disabled av-blog-meta-tag-disabled  '><\/div>\n","protected":false},"excerpt":{"rendered":"","protected":false},"author":1,"featured_media":62614,"comment_status":"closed","ping_status":"closed","sticky":false,"template":"","format":"standard","meta":{"footnotes":""},"categories":[38],"tags":[],"class_list":["post-62613","post","type-post","status-publish","format-standard","has-post-thumbnail","hentry","category-regional"],"jetpack_featured_media_url":"https:\/\/radiorevelacionfm.cl\/wp-content\/uploads\/2025\/12\/Perrito-del-Proyecto-Odepac-Esterilizacion-Mascotas-1-1-1.jpg","_links":{"self":[{"href":"https:\/\/radiorevelacionfm.cl\/index.php?rest_route=\/wp\/v2\/posts\/62613","targetHints":{"allow":["GET"]}}],"collection":[{"href":"https:\/\/radiorevelacionfm.cl\/index.php?rest_route=\/wp\/v2\/posts"}],"about":[{"href":"https:\/\/radiorevelacionfm.cl\/index.php?rest_route=\/wp\/v2\/types\/post"}],"author":[{"embeddable":true,"href":"https:\/\/radiorevelacionfm.cl\/index.php?rest_route=\/wp\/v2\/users\/1"}],"replies":[{"embeddable":true,"href":"https:\/\/radiorevelacionfm.cl\/index.php?rest_route=%2Fwp%2Fv2%2Fcomments&post=62613"}],"version-history":[{"count":2,"href":"https:\/\/radiorevelacionfm.cl\/index.php?rest_route=\/wp\/v2\/posts\/62613\/revisions"}],"predecessor-version":[{"id":62617,"href":"https:\/\/radiorevelacionfm.cl\/index.php?rest_route=\/wp\/v2\/posts\/62613\/revisions\/62617"}],"wp:featuredmedia":[{"embeddable":true,"href":"https:\/\/radiorevelacionfm.cl\/index.php?rest_route=\/wp\/v2\/media\/62614"}],"wp:attachment":[{"href":"https:\/\/radiorevelacionfm.cl\/index.php?rest_route=%2Fwp%2Fv2%2Fmedia&parent=62613"}],"wp:term":[{"taxonomy":"category","embeddable":true,"href":"https:\/\/radiorevelacionfm.cl\/index.php?rest_route=%2Fwp%2Fv2%2Fcategories&post=62613"},{"taxonomy":"post_tag","embeddable":true,"href":"https:\/\/radiorevelacionfm.cl\/index.php?rest_route=%2Fwp%2Fv2%2Ftags&post=62613"}],"curies":[{"name":"wp","href":"https:\/\/api.w.org\/{rel}","templated":true}]}}