{"id":62608,"date":"2025-12-18T09:46:57","date_gmt":"2025-12-18T12:46:57","guid":{"rendered":"https:\/\/radiorevelacionfm.cl\/?p=62608"},"modified":"2025-12-18T09:46:57","modified_gmt":"2025-12-18T12:46:57","slug":"red-futuro-tecnico-y-consejo-del-salmon-impulsan-gira-tecnologica-docente-con-impacto-territorial-en-el-sur-austral","status":"publish","type":"post","link":"https:\/\/radiorevelacionfm.cl\/?p=62608","title":{"rendered":"Red Futuro T\u00e9cnico y Consejo del Salm\u00f3n impulsan Gira Tecnol\u00f3gica Docente con impacto territorial en el sur austral"},"content":{"rendered":"<div class=\"flex_column av_one_full  flex_column_div av-zero-column-padding first  avia-builder-el-0  el_before_av_one_full  avia-builder-el-first  \" style='border-radius:0px; '><div  class='avia-image-container  av-styling-    avia-builder-el-1  avia-builder-el-no-sibling  avia-align-center '  itemprop=\"image\" itemscope=\"itemscope\" itemtype=\"https:\/\/schema.org\/ImageObject\"  ><div class='avia-image-container-inner'><div class='avia-image-overlay-wrap'><img decoding=\"async\" class='wp-image-62609 avia-img-lazy-loading-not-62609 avia_image' src=\"https:\/\/radiorevelacionfm.cl\/wp-content\/uploads\/2025\/12\/gira-3-1_optimized.jpeg\" alt='' title='gira-3-(1)_optimized' height=\"600\" width=\"814\"  itemprop=\"thumbnailUrl\" srcset=\"https:\/\/radiorevelacionfm.cl\/wp-content\/uploads\/2025\/12\/gira-3-1_optimized.jpeg 814w, https:\/\/radiorevelacionfm.cl\/wp-content\/uploads\/2025\/12\/gira-3-1_optimized-300x221.jpeg 300w, https:\/\/radiorevelacionfm.cl\/wp-content\/uploads\/2025\/12\/gira-3-1_optimized-768x566.jpeg 768w, https:\/\/radiorevelacionfm.cl\/wp-content\/uploads\/2025\/12\/gira-3-1_optimized-705x520.jpeg 705w, https:\/\/radiorevelacionfm.cl\/wp-content\/uploads\/2025\/12\/gira-3-1_optimized-450x332.jpeg 450w, https:\/\/radiorevelacionfm.cl\/wp-content\/uploads\/2025\/12\/gira-3-1_optimized-600x442.jpeg 600w\" sizes=\"(max-width: 814px) 100vw, 814px\" \/><\/div><\/div><\/div><\/div><div class=\"flex_column av_one_full  flex_column_div av-zero-column-padding first  avia-builder-el-2  el_after_av_one_full  el_before_av_one_full  column-top-margin\" style='border-radius:0px; '><section class=\"av_textblock_section \"  itemscope=\"itemscope\" itemtype=\"https:\/\/schema.org\/BlogPosting\" itemprop=\"blogPost\" ><div class='avia_textblock  '   itemprop=\"text\" ><p style=\"text-align: center;\"><strong><span style=\"font-size: 18pt;\"><span lang=\"es\">Red Futuro T\u00e9cnico y Consejo del Salm\u00f3n impulsan Gira Tecnol\u00f3gica Docente con impacto territorial en el sur austral<\/span><\/span><\/strong><\/p>\n<div id=\"gtx-trans\" style=\"position: absolute; left: -50px; top: 4.31534px;\">\n<div class=\"gtx-trans-icon\"><\/div>\n<\/div>\n<\/div><\/section><\/div><div class=\"flex_column av_one_full  flex_column_div av-zero-column-padding first  avia-builder-el-4  el_after_av_one_full  el_before_av_hr  column-top-margin\" style='border-radius:0px; '><section class=\"av_textblock_section \"  itemscope=\"itemscope\" itemtype=\"https:\/\/schema.org\/BlogPosting\" itemprop=\"blogPost\" ><div class='avia_textblock  '   itemprop=\"text\" ><p style=\"font-weight: 400; text-align: justify;\"><em>La iniciativa busca fortalecer la educaci\u00f3n t\u00e9cnico profesional vinculada a la salmonicultura, particularmente en las regiones de Los Lagos y Ays\u00e9n, Magallanes,\u00a0<\/em>acercando a los docentes y equipos educativos a este relevante sector productivo.<\/p>\n<p style=\"font-weight: 400; text-align: justify;\">En una acci\u00f3n concreta de vinculaci\u00f3n entre la salmonicultura y el mundo educativo, 26 docentes de Educaci\u00f3n Media T\u00e9cnico Profesional de las regiones de Los Lagos, Ays\u00e9n y Magallanes participaron en una Gira Tecnol\u00f3gica Docente, desarrollada en el marco de la\u00a0 Red Futuro T\u00e9cnico -programa del Ministerio de Educaci\u00f3n- implementada por ONG Canales en la macrozona sur. La actividad fue organizada por el Consejo del Salm\u00f3n junto a sus empresas socias y tuvo como empresa anfitriona a AquaChile, como parte de una iniciativa que contempla nuevas visitas a otras empresas salmonicultoras.<\/p>\n<p style=\"font-weight: 400; text-align: justify;\">La jornada se enmarca en una relaci\u00f3n de largo plazo orientada a fortalecer la educaci\u00f3n t\u00e9cnico profesional vinculada a la industria, acercando a los docentes y equipos educativos de las regiones de Los Lagos, Ays\u00e9n y Magallanes al sofisticado proceso productivo de la salmonicultura chilena.<\/p>\n<p style=\"font-weight: 400; text-align: justify;\">En esta oportunidad, la gira se realiz\u00f3 en instalaciones de AquaChile en la Regi\u00f3n de Los Lagos y cont\u00f3 con la participaci\u00f3n de Catalina Salazar, coordinadora territorial de la Red Futuro T\u00e9cnico Los Lagos; Violeta Vuscovich, coordinadora del Nodo Acuicultura RFT Los Lagos; \u00c1ngela Saavedra y Rolf Traeger, directores regionales del Consejo del Salm\u00f3n de Los Lagos y Ays\u00e9n, respectivamente; y Andr\u00e9s Langdon, gerente de Personas de AquaChile.<\/p>\n<p style=\"font-weight: 400; text-align: justify;\">Durante la visita, los docentes recorrieron distintas instalaciones del proceso productivo, incluyendo piscicultura, planta de proceso, torre de control, escuela de buceo y centro marino, lo que enriqueci\u00f3 la experiencia inmersiva en terreno.<\/p>\n<p style=\"font-weight: 400; text-align: justify;\">La jornada permiti\u00f3 conocer en primera persona las tecnolog\u00edas, est\u00e1ndares productivos y perfiles laborales que hoy tiene la industria salmonicultora, entregando informaci\u00f3n relevante y conocimiento concreto para que los docentes fortalezcan la pertinencia formativa de los establecimientos t\u00e9cnico-profesionales del sur del pa\u00eds.<\/p>\n<p style=\"font-weight: 400; text-align: justify;\">\u00c1ngela Saavedra, directora regional de Los Lagos del Consejo del Salm\u00f3n, coment\u00f3 que\u00a0<em>\u201cesta jornada refleja uno de los sellos del Consejo del Salm\u00f3n y sus empresas socias, que es generar espacios de vinculaci\u00f3n entre la educaci\u00f3n y la salmonicultura, para fortalecer la formaci\u00f3n t\u00e9cnico-profesional de la macrozona sur. Durante el recorrido pudimos conversar sobre los desaf\u00edos de una industria con un fuerte arraigo territorial, que debe ser motivo de orgullo para el pa\u00eds y que a\u00fan tiene muchas oportunidades para desarrollarse y crecer\u201d.<\/em><\/p>\n<p style=\"font-weight: 400; text-align: justify;\">Por su parte, Catalina Salazar, coordinadora territorial de la Red Futuro T\u00e9cnico Los Lagos, manifest\u00f3 que\u00a0<em>\u201choy las y los docentes de acuicultura de educaci\u00f3n media t\u00e9cnico-profesional, vivieron una gran oportunidad para actualizar sus conocimientos respecto al sector productivo, conocer los avances tecnol\u00f3gicos y necesidades de la industria en cuanto a capital humano. Tener estos espacios de la mano de la industria, es un gran aporte a la formaci\u00f3n de los futuros t\u00e9cnicos, ya que le da mayor pertinencia y sentido a la especialidad. Necesitamos que las empresas abran sus puertas a la educaci\u00f3n T\u00e9cnico Profesional como lo hizo AquaChile hoy para 26 docentes. Agradecemos la gesti\u00f3n del Consejo del Salm\u00f3n por acercar a una de sus empresas con la educaci\u00f3n TP\u201d<\/em>.<\/p>\n<p style=\"font-weight: 400; text-align: justify;\">Andr\u00e9s Langdon, Gerente de Personas de AquaChile, coment\u00f3 que\u00a0<em>\u201cpara AquaChile, esta iniciativa liderada por el Consejo del Salm\u00f3n es muy importante, abrir nuestras instalaciones a la educaci\u00f3n t\u00e9cnico-profesional es una convicci\u00f3n de largo plazo. Creemos que el desarrollo de la industria acu\u00edcola en el sur depende directamente de contar con personas preparadas para abordar los desaf\u00edos actuales y futuros de la industria, con formaci\u00f3n pertinente y conectada con la realidad productiva y territorial. Esta experiencia permiti\u00f3 a los docentes conocer en terreno los est\u00e1ndares, tecnolog\u00edas y perfiles que hoy requiere el sector, y desde ah\u00ed fortalecer la formaci\u00f3n de los futuros t\u00e9cnicos que ser\u00e1n protagonistas del desarrollo de estas regiones\u201d.<\/em><\/p>\n<p style=\"font-weight: 400; text-align: justify;\">De esta manera, la Gira Tecnol\u00f3gica, permite\u00a0 fortalecer una agenda de trabajo entre los productores de salm\u00f3n y la educaci\u00f3n t\u00e9cnico profesional, que se desplegar\u00e1 en otras regiones y empresas socias del Consejo del Salm\u00f3n, avanzando en una relaci\u00f3n virtuosa que genera oportunidades reales para quienes ser\u00e1n el futuro de Chile, impulsando el capital humano y, sobre todo, el desarrollo sostenible de las regiones del sur austral.<\/p>\n<\/div><\/section><\/div><div  style='height:50px' class='hr hr-invisible   avia-builder-el-6  el_after_av_one_full  el_before_av_social_share '><span class='hr-inner ' ><span class='hr-inner-style'><\/span><\/span><\/div><\/p>\n<div  class='av-social-sharing-box  avia-builder-el-7  el_after_av_hr  el_before_av_hr  '><div class='av-share-box'><h5 class='av-share-link-description av-no-toc '>Compartir esta noticia<\/h5><ul class='av-share-box-list noLightbox'><li class='av-share-link av-social-link-facebook' ><a target=\"_blank\" aria-label=\"Compartir en Facebook\" href='https:\/\/www.facebook.com\/sharer.php?u=https:\/\/radiorevelacionfm.cl\/?p=62608&#038;t=Red%20Futuro%20T%C3%A9cnico%20y%20Consejo%20del%20Salm%C3%B3n%20impulsan%20Gira%20Tecnol%C3%B3gica%20Docente%20con%20impacto%20territorial%20en%20el%20sur%20austral' aria-hidden='false' data-av_icon='\ue8f3' data-av_iconfont='entypo-fontello' title='' data-avia-related-tooltip='Compartir en Facebook' rel=\"noopener\"><span class='avia_hidden_link_text'>Compartir en Facebook<\/span><\/a><\/li><li class='av-share-link av-social-link-twitter' ><a target=\"_blank\" aria-label=\"Compartir en Twitter\" href='https:\/\/twitter.com\/share?text=Red%20Futuro%20T%C3%A9cnico%20y%20Consejo%20del%20Salm%C3%B3n%20impulsan%20Gira%20Tecnol%C3%B3gica%20Docente%20con%20impacto%20territorial%20en%20el%20sur%20austral&#038;url=https:\/\/radiorevelacionfm.cl\/?p=62608' aria-hidden='false' data-av_icon='\ue8f1' data-av_iconfont='entypo-fontello' title='' data-avia-related-tooltip='Compartir en Twitter' rel=\"noopener\"><span class='avia_hidden_link_text'>Compartir en Twitter<\/span><\/a><\/li><li class='av-share-link av-social-link-whatsapp' ><a target=\"_blank\" aria-label=\"Compartir en Whatsapp\" href='https:\/\/api.whatsapp.com\/send?text=https:\/\/radiorevelacionfm.cl\/?p=62608' aria-hidden='false' data-av_icon='\uf232' data-av_iconfont='entypo-fontello' title='' data-avia-related-tooltip='Compartir en Whatsapp' rel=\"noopener\"><span class='avia_hidden_link_text'>Compartir en Whatsapp<\/span><\/a><\/li><li class='av-share-link av-social-link-linkedin' ><a target=\"_blank\" aria-label=\"Compartir en LinkedIn\" href='https:\/\/linkedin.com\/shareArticle?mini=true&#038;title=Red%20Futuro%20T%C3%A9cnico%20y%20Consejo%20del%20Salm%C3%B3n%20impulsan%20Gira%20Tecnol%C3%B3gica%20Docente%20con%20impacto%20territorial%20en%20el%20sur%20austral&#038;url=https:\/\/radiorevelacionfm.cl\/?p=62608' aria-hidden='false' data-av_icon='\ue8fc' data-av_iconfont='entypo-fontello' title='' data-avia-related-tooltip='Compartir en LinkedIn' rel=\"noopener\"><span class='avia_hidden_link_text'>Compartir en LinkedIn<\/span><\/a><\/li><li class='av-share-link av-social-link-mail' ><a  aria-label=\"Compartir por correo\" href='mailto:?subject=Red%20Futuro%20T%C3%A9cnico%20y%20Consejo%20del%20Salm%C3%B3n%20impulsan%20Gira%20Tecnol%C3%B3gica%20Docente%20con%20impacto%20territorial%20en%20el%20sur%20austral&#038;body=https:\/\/radiorevelacionfm.cl\/?p=62608' aria-hidden='false' data-av_icon='\ue805' data-av_iconfont='entypo-fontello' title='' data-avia-related-tooltip='Compartir por correo'><span class='avia_hidden_link_text'>Compartir por correo<\/span><\/a><\/li><\/ul><\/div><\/div>\n<div  style='height:50px' class='hr hr-invisible   avia-builder-el-8  el_after_av_social_share  el_before_av_comments_list '><span class='hr-inner ' ><span class='hr-inner-style'><\/span><\/span><\/div>\n<div  class='av-buildercomment  av-blog-meta-html-info-disabled av-blog-meta-tag-disabled  '><\/div>\n","protected":false},"excerpt":{"rendered":"","protected":false},"author":1,"featured_media":62609,"comment_status":"closed","ping_status":"closed","sticky":false,"template":"","format":"standard","meta":{"footnotes":""},"categories":[60],"tags":[],"class_list":["post-62608","post","type-post","status-publish","format-standard","has-post-thumbnail","hentry","category-pesca"],"jetpack_featured_media_url":"https:\/\/radiorevelacionfm.cl\/wp-content\/uploads\/2025\/12\/gira-3-1_optimized.jpeg","_links":{"self":[{"href":"https:\/\/radiorevelacionfm.cl\/index.php?rest_route=\/wp\/v2\/posts\/62608","targetHints":{"allow":["GET"]}}],"collection":[{"href":"https:\/\/radiorevelacionfm.cl\/index.php?rest_route=\/wp\/v2\/posts"}],"about":[{"href":"https:\/\/radiorevelacionfm.cl\/index.php?rest_route=\/wp\/v2\/types\/post"}],"author":[{"embeddable":true,"href":"https:\/\/radiorevelacionfm.cl\/index.php?rest_route=\/wp\/v2\/users\/1"}],"replies":[{"embeddable":true,"href":"https:\/\/radiorevelacionfm.cl\/index.php?rest_route=%2Fwp%2Fv2%2Fcomments&post=62608"}],"version-history":[{"count":2,"href":"https:\/\/radiorevelacionfm.cl\/index.php?rest_route=\/wp\/v2\/posts\/62608\/revisions"}],"predecessor-version":[{"id":62611,"href":"https:\/\/radiorevelacionfm.cl\/index.php?rest_route=\/wp\/v2\/posts\/62608\/revisions\/62611"}],"wp:featuredmedia":[{"embeddable":true,"href":"https:\/\/radiorevelacionfm.cl\/index.php?rest_route=\/wp\/v2\/media\/62609"}],"wp:attachment":[{"href":"https:\/\/radiorevelacionfm.cl\/index.php?rest_route=%2Fwp%2Fv2%2Fmedia&parent=62608"}],"wp:term":[{"taxonomy":"category","embeddable":true,"href":"https:\/\/radiorevelacionfm.cl\/index.php?rest_route=%2Fwp%2Fv2%2Fcategories&post=62608"},{"taxonomy":"post_tag","embeddable":true,"href":"https:\/\/radiorevelacionfm.cl\/index.php?rest_route=%2Fwp%2Fv2%2Ftags&post=62608"}],"curies":[{"name":"wp","href":"https:\/\/api.w.org\/{rel}","templated":true}]}}