{"id":62603,"date":"2025-12-18T09:31:58","date_gmt":"2025-12-18T12:31:58","guid":{"rendered":"https:\/\/radiorevelacionfm.cl\/?p=62603"},"modified":"2025-12-18T09:31:58","modified_gmt":"2025-12-18T12:31:58","slug":"sernameg-continua-con-exitosos-cierres-y-certificaciones-de-sus-programas-2025-en-la-region-de-aysen","status":"publish","type":"post","link":"https:\/\/radiorevelacionfm.cl\/?p=62603","title":{"rendered":"SernamEG contin\u00faa con exitosos cierres y certificaciones de sus programas 2025 en la Regi\u00f3n de Ays\u00e9n"},"content":{"rendered":"<div class=\"flex_column av_one_full  flex_column_div av-zero-column-padding first  avia-builder-el-0  el_before_av_one_full  avia-builder-el-first  \" style='border-radius:0px; '><div  class='avia-image-container  av-styling-    avia-builder-el-1  avia-builder-el-no-sibling  avia-align-center '  itemprop=\"image\" itemscope=\"itemscope\" itemtype=\"https:\/\/schema.org\/ImageObject\"  ><div class='avia-image-container-inner'><div class='avia-image-overlay-wrap'><img decoding=\"async\" class='wp-image-62604 avia-img-lazy-loading-not-62604 avia_image' src=\"https:\/\/radiorevelacionfm.cl\/wp-content\/uploads\/2025\/12\/cierres-2-1_optimized-1.jpeg\" alt='' title='cierres-2-(1)_optimized (1)' height=\"800\" width=\"800\"  itemprop=\"thumbnailUrl\" srcset=\"https:\/\/radiorevelacionfm.cl\/wp-content\/uploads\/2025\/12\/cierres-2-1_optimized-1.jpeg 800w, https:\/\/radiorevelacionfm.cl\/wp-content\/uploads\/2025\/12\/cierres-2-1_optimized-1-300x300.jpeg 300w, https:\/\/radiorevelacionfm.cl\/wp-content\/uploads\/2025\/12\/cierres-2-1_optimized-1-80x80.jpeg 80w, https:\/\/radiorevelacionfm.cl\/wp-content\/uploads\/2025\/12\/cierres-2-1_optimized-1-768x768.jpeg 768w, https:\/\/radiorevelacionfm.cl\/wp-content\/uploads\/2025\/12\/cierres-2-1_optimized-1-36x36.jpeg 36w, https:\/\/radiorevelacionfm.cl\/wp-content\/uploads\/2025\/12\/cierres-2-1_optimized-1-180x180.jpeg 180w, https:\/\/radiorevelacionfm.cl\/wp-content\/uploads\/2025\/12\/cierres-2-1_optimized-1-705x705.jpeg 705w, https:\/\/radiorevelacionfm.cl\/wp-content\/uploads\/2025\/12\/cierres-2-1_optimized-1-120x120.jpeg 120w, https:\/\/radiorevelacionfm.cl\/wp-content\/uploads\/2025\/12\/cierres-2-1_optimized-1-450x450.jpeg 450w, https:\/\/radiorevelacionfm.cl\/wp-content\/uploads\/2025\/12\/cierres-2-1_optimized-1-600x600.jpeg 600w, https:\/\/radiorevelacionfm.cl\/wp-content\/uploads\/2025\/12\/cierres-2-1_optimized-1-100x100.jpeg 100w\" sizes=\"(max-width: 800px) 100vw, 800px\" \/><\/div><\/div><\/div><\/div><div class=\"flex_column av_one_full  flex_column_div av-zero-column-padding first  avia-builder-el-2  el_after_av_one_full  el_before_av_one_full  column-top-margin\" style='border-radius:0px; '><section class=\"av_textblock_section \"  itemscope=\"itemscope\" itemtype=\"https:\/\/schema.org\/BlogPosting\" itemprop=\"blogPost\" ><div class='avia_textblock  '   itemprop=\"text\" ><p style=\"text-align: center;\"><strong><span style=\"font-size: 18pt;\">SernamEG contin\u00faa con exitosos cierres y certificaciones de sus programas 2025 en la Regi\u00f3n de Ays\u00e9n<\/span><\/strong><\/p>\n<div id=\"gtx-trans\" style=\"position: absolute; left: -50px; top: 4.31534px;\">\n<div class=\"gtx-trans-icon\"><\/div>\n<\/div>\n<\/div><\/section><\/div><div class=\"flex_column av_one_full  flex_column_div av-zero-column-padding first  avia-builder-el-4  el_after_av_one_full  el_before_av_hr  column-top-margin\" style='border-radius:0px; '><section class=\"av_textblock_section \"  itemscope=\"itemscope\" itemtype=\"https:\/\/schema.org\/BlogPosting\" itemprop=\"blogPost\" ><div class='avia_textblock  '   itemprop=\"text\" ><p dir=\"ltr\" style=\"text-align: justify;\">Las primeras semanas de diciembre se llevaron a cabo cuatro cierres y certificaciones de programas del Servicio Nacional de la Mujer y la Equidad de G\u00e9nero (SernamEG), correspondientes a la ejecuci\u00f3n 2025 en la Regi\u00f3n de Ays\u00e9n.<\/p>\n<p dir=\"ltr\" style=\"text-align: justify;\">Se trata del Programa Mujer, Participaci\u00f3n Pol\u00edtica y Social; el Programa Mujeres, Derechos Sexuales y Reproductivos; el Programa Buenas Pr\u00e1cticas Laborales con Equidad de G\u00e9nero; y el Programa de Prevenci\u00f3n de las Violencias de G\u00e9nero de la comuna de Ays\u00e9n.<\/p>\n<p dir=\"ltr\" style=\"text-align: justify;\">El primero en culminar con sus actividades para este per\u00edodo fue el Programa Mujer, Participaci\u00f3n Pol\u00edtica y Social, en una emotiva ceremonia realizada en la Biblioteca Regional de Ays\u00e9n. En la instancia, tanto desde el SernamEG como desde el CFT Estatal de Ays\u00e9n \u2014que fue el ejecutor de este programa\u2014 destacaron el hecho de que, quienes se formaron en materias de liderazgo este a\u00f1o, decidieron conformar su propia organizaci\u00f3n, llamada \u201cMujeres Voz y Huella de Ays\u00e9n\u201d, agrupaci\u00f3n cuyo objetivo es incidir en la agenda pol\u00edtica y levantar las necesidades de las mujeres de la regi\u00f3n.<\/p>\n<p dir=\"ltr\" style=\"text-align: justify;\">La directora regional del SernamEG, Patricia Baeza Cabezas, enfatiz\u00f3 el hecho de que \u201cel objetivo de este programa es que las mujeres se empoderen y fortalezcan su autonom\u00eda en participaci\u00f3n y toma de decisiones, lo que en este caso y con la conformaci\u00f3n de su propia organizaci\u00f3n, super\u00f3 nuestras expectativas\u201d. Por su parte, Ronaldo \u00c1guila, director de la sede del CFT Estatal en Coyhaique, recalc\u00f3 que \u201cla misi\u00f3n del CFT es contribuir al desarrollo de la regi\u00f3n. Por lo tanto, participar en esta instancia tan importante como es el empoderamiento de la mujer en cargos directivos, pol\u00edticos y de liderazgo es una forma efectiva para lograr este objetivo\u201d.<\/p>\n<p dir=\"ltr\" style=\"text-align: justify;\">Luego fue el turno del Programa Buenas Pr\u00e1cticas Laborales con Equidad de G\u00e9nero, donde este a\u00f1o se certificaron la Seremi de Vivienda y Urbanismo, el Servicio de Salud P\u00fablica de Ays\u00e9n y Junji Ays\u00e9n. Esta iniciativa, que trabaja con organizaciones privadas y p\u00fablicas, busca aportar en la disminuci\u00f3n de las desigualdades y brechas de g\u00e9nero, apoyando la incorporaci\u00f3n de medidas que permitan conciliar la vida personal, laboral y familiar.<\/p>\n<p dir=\"ltr\" style=\"text-align: justify;\">Al respecto, la directora Patricia Baeza valor\u00f3 el hecho de que fueran entidades p\u00fablicas las que decidieran ingresar y culminar de manera exitosa el programa, debido a que \u201cdan cuenta del compromiso que hay en materias de igualdad y equidad de g\u00e9nero al interior de las instituciones, m\u00e1s a\u00fan teniendo en cuenta que en la regi\u00f3n el Estado es uno de los principales empleadores\u201d.<\/p>\n<p dir=\"ltr\" style=\"text-align: justify;\">En cuanto a lo que aconteci\u00f3 esta \u00faltima semana, en la Casa de la Cultura de Puerto Ays\u00e9n se llev\u00f3 a cabo el cierre del Programa de Prevenci\u00f3n de las Violencias de G\u00e9nero, que funciona en la comuna en convenio con la Ilustre Municipalidad de Ays\u00e9n, y que cada a\u00f1o cuenta con una gran convocatoria de agrupaciones y mujeres que participan de diversas actividades y encuentros.<\/p>\n<p dir=\"ltr\" style=\"text-align: justify;\">Este programa, que tiene como objetivo principal el contribuir a que las organizaciones sociales y educacionales en Chile cuenten con herramientas para prevenir las violencias de g\u00e9nero en sus comunidades, a trav\u00e9s de la creaci\u00f3n de Consejos Asesores Preventivos que participan de la iniciativa, certific\u00f3 este a\u00f1o a: Agrupaci\u00f3n de mujeres de Villa Ma\u00f1ihuales \u201cAmankai\u201d; Agrupaci\u00f3n de personas ciegas y de baja visi\u00f3n \u201cVisi\u00f3n de Futuro\u201d; Agrupaci\u00f3n de personas mayores \u201cMejor Vejez\u201d; Agrupaci\u00f3n de personas mayores \u201cSue\u00f1os de la Patagonia\u201d; al Centro General de Estudiantes del Liceo Polit\u00e9cnico A-1; y a la Agrupaci\u00f3n \u201cFlor Verde\u201d, perteneciente al Centro Penitenciario de Puerto Ays\u00e9n.<\/p>\n<p dir=\"ltr\" style=\"text-align: justify;\">Por \u00faltimo, y de manera telem\u00e1tica, se certificaron como facilitadores y facilitadoras las personas que realizaron los cursos de formaci\u00f3n te\u00f3rica y pr\u00e1ctica del Programa Mujeres, Derechos Sexuales y Reproductivos. Si bien, esta iniciativa funciona en convenio con la Ilustre Municipalidad de Coyhaique, a trav\u00e9s de la modalidad\u00a0online\u00a0las encargadas pudieron capacitar a interesadas e interesados de toda la regi\u00f3n, quienes ahora irradiar\u00e1n los conocimientos y las herramientas adquiridas hacia sus comunidades, fortaleciendo el ejercicio de los derechos sexuales y reproductivos y sus mecanismos de exigibilidad.<\/p>\n<p dir=\"ltr\" style=\"text-align: justify;\">Para conocer m\u00e1s sobre estos y otros programas del SernamEG que se llevan a cabo en la Regi\u00f3n de Ays\u00e9n cada a\u00f1o, ingresa a\u00a0<a href=\"http:\/\/www.sernameg.gob.cl\/\" target=\"_blank\" rel=\"noopener\" data-saferedirecturl=\"https:\/\/www.google.com\/url?q=http:\/\/www.sernameg.gob.cl&amp;source=gmail&amp;ust=1766096295609000&amp;usg=AOvVaw03HSV_diFMsK8k3YSVxtWT\">www.sernameg.gob.cl<\/a>.<\/p>\n<\/div><\/section><\/div><div  style='height:50px' class='hr hr-invisible   avia-builder-el-6  el_after_av_one_full  el_before_av_social_share '><span class='hr-inner ' ><span class='hr-inner-style'><\/span><\/span><\/div><\/p>\n<div  class='av-social-sharing-box  avia-builder-el-7  el_after_av_hr  el_before_av_hr  '><div class='av-share-box'><h5 class='av-share-link-description av-no-toc '>Compartir esta noticia<\/h5><ul class='av-share-box-list noLightbox'><li class='av-share-link av-social-link-facebook' ><a target=\"_blank\" aria-label=\"Compartir en Facebook\" href='https:\/\/www.facebook.com\/sharer.php?u=https:\/\/radiorevelacionfm.cl\/?p=62603&#038;t=SernamEG%20contin%C3%BAa%20con%20exitosos%20cierres%20y%20certificaciones%20de%20sus%20programas%202025%20en%20la%20Regi%C3%B3n%20de%20Ays%C3%A9n' aria-hidden='false' data-av_icon='\ue8f3' data-av_iconfont='entypo-fontello' title='' data-avia-related-tooltip='Compartir en Facebook' rel=\"noopener\"><span class='avia_hidden_link_text'>Compartir en Facebook<\/span><\/a><\/li><li class='av-share-link av-social-link-twitter' ><a target=\"_blank\" aria-label=\"Compartir en Twitter\" href='https:\/\/twitter.com\/share?text=SernamEG%20contin%C3%BAa%20con%20exitosos%20cierres%20y%20certificaciones%20de%20sus%20programas%202025%20en%20la%20Regi%C3%B3n%20de%20Ays%C3%A9n&#038;url=https:\/\/radiorevelacionfm.cl\/?p=62603' aria-hidden='false' data-av_icon='\ue8f1' data-av_iconfont='entypo-fontello' title='' data-avia-related-tooltip='Compartir en Twitter' rel=\"noopener\"><span class='avia_hidden_link_text'>Compartir en Twitter<\/span><\/a><\/li><li class='av-share-link av-social-link-whatsapp' ><a target=\"_blank\" aria-label=\"Compartir en Whatsapp\" href='https:\/\/api.whatsapp.com\/send?text=https:\/\/radiorevelacionfm.cl\/?p=62603' aria-hidden='false' data-av_icon='\uf232' data-av_iconfont='entypo-fontello' title='' data-avia-related-tooltip='Compartir en Whatsapp' rel=\"noopener\"><span class='avia_hidden_link_text'>Compartir en Whatsapp<\/span><\/a><\/li><li class='av-share-link av-social-link-linkedin' ><a target=\"_blank\" aria-label=\"Compartir en LinkedIn\" href='https:\/\/linkedin.com\/shareArticle?mini=true&#038;title=SernamEG%20contin%C3%BAa%20con%20exitosos%20cierres%20y%20certificaciones%20de%20sus%20programas%202025%20en%20la%20Regi%C3%B3n%20de%20Ays%C3%A9n&#038;url=https:\/\/radiorevelacionfm.cl\/?p=62603' aria-hidden='false' data-av_icon='\ue8fc' data-av_iconfont='entypo-fontello' title='' data-avia-related-tooltip='Compartir en LinkedIn' rel=\"noopener\"><span class='avia_hidden_link_text'>Compartir en LinkedIn<\/span><\/a><\/li><li class='av-share-link av-social-link-mail' ><a  aria-label=\"Compartir por correo\" href='mailto:?subject=SernamEG%20contin%C3%BAa%20con%20exitosos%20cierres%20y%20certificaciones%20de%20sus%20programas%202025%20en%20la%20Regi%C3%B3n%20de%20Ays%C3%A9n&#038;body=https:\/\/radiorevelacionfm.cl\/?p=62603' aria-hidden='false' data-av_icon='\ue805' data-av_iconfont='entypo-fontello' title='' data-avia-related-tooltip='Compartir por correo'><span class='avia_hidden_link_text'>Compartir por correo<\/span><\/a><\/li><\/ul><\/div><\/div>\n<div  style='height:50px' class='hr hr-invisible   avia-builder-el-8  el_after_av_social_share  el_before_av_comments_list '><span class='hr-inner ' ><span class='hr-inner-style'><\/span><\/span><\/div>\n<div  class='av-buildercomment  av-blog-meta-html-info-disabled av-blog-meta-tag-disabled  '><\/div>\n","protected":false},"excerpt":{"rendered":"","protected":false},"author":1,"featured_media":62604,"comment_status":"closed","ping_status":"closed","sticky":false,"template":"","format":"standard","meta":{"footnotes":""},"categories":[38],"tags":[],"class_list":["post-62603","post","type-post","status-publish","format-standard","has-post-thumbnail","hentry","category-regional"],"jetpack_featured_media_url":"https:\/\/radiorevelacionfm.cl\/wp-content\/uploads\/2025\/12\/cierres-2-1_optimized-1.jpeg","_links":{"self":[{"href":"https:\/\/radiorevelacionfm.cl\/index.php?rest_route=\/wp\/v2\/posts\/62603","targetHints":{"allow":["GET"]}}],"collection":[{"href":"https:\/\/radiorevelacionfm.cl\/index.php?rest_route=\/wp\/v2\/posts"}],"about":[{"href":"https:\/\/radiorevelacionfm.cl\/index.php?rest_route=\/wp\/v2\/types\/post"}],"author":[{"embeddable":true,"href":"https:\/\/radiorevelacionfm.cl\/index.php?rest_route=\/wp\/v2\/users\/1"}],"replies":[{"embeddable":true,"href":"https:\/\/radiorevelacionfm.cl\/index.php?rest_route=%2Fwp%2Fv2%2Fcomments&post=62603"}],"version-history":[{"count":2,"href":"https:\/\/radiorevelacionfm.cl\/index.php?rest_route=\/wp\/v2\/posts\/62603\/revisions"}],"predecessor-version":[{"id":62607,"href":"https:\/\/radiorevelacionfm.cl\/index.php?rest_route=\/wp\/v2\/posts\/62603\/revisions\/62607"}],"wp:featuredmedia":[{"embeddable":true,"href":"https:\/\/radiorevelacionfm.cl\/index.php?rest_route=\/wp\/v2\/media\/62604"}],"wp:attachment":[{"href":"https:\/\/radiorevelacionfm.cl\/index.php?rest_route=%2Fwp%2Fv2%2Fmedia&parent=62603"}],"wp:term":[{"taxonomy":"category","embeddable":true,"href":"https:\/\/radiorevelacionfm.cl\/index.php?rest_route=%2Fwp%2Fv2%2Fcategories&post=62603"},{"taxonomy":"post_tag","embeddable":true,"href":"https:\/\/radiorevelacionfm.cl\/index.php?rest_route=%2Fwp%2Fv2%2Ftags&post=62603"}],"curies":[{"name":"wp","href":"https:\/\/api.w.org\/{rel}","templated":true}]}}