{"id":62599,"date":"2025-12-17T20:12:03","date_gmt":"2025-12-17T23:12:03","guid":{"rendered":"https:\/\/radiorevelacionfm.cl\/?p=62599"},"modified":"2025-12-17T20:12:03","modified_gmt":"2025-12-17T23:12:03","slug":"autoridades-constatan-40-de-avance-en-conservacion-y-mejoramiento-del-varadero-de-aguas-muertas-en-puerto-aysen","status":"publish","type":"post","link":"https:\/\/radiorevelacionfm.cl\/?p=62599","title":{"rendered":"Autoridades constatan 40% de avance en conservaci\u00f3n y mejoramiento del varadero de Aguas Muertas en Puerto Ays\u00e9n"},"content":{"rendered":"<div class=\"flex_column av_one_full  flex_column_div av-zero-column-padding first  avia-builder-el-0  el_before_av_one_full  avia-builder-el-first  \" style='border-radius:0px; '><div  class='avia-image-container  av-styling-    avia-builder-el-1  avia-builder-el-no-sibling  avia-align-center '  itemprop=\"image\" itemscope=\"itemscope\" itemtype=\"https:\/\/schema.org\/ImageObject\"  ><div class='avia-image-container-inner'><div class='avia-image-overlay-wrap'><img decoding=\"async\" class='wp-image-62600 avia-img-lazy-loading-not-62600 avia_image' src=\"https:\/\/radiorevelacionfm.cl\/wp-content\/uploads\/2025\/12\/img-20251217-wa0020-1_optimized-1.jpg\" alt='' title='img-20251217-wa0020-(1)_optimized (1)' height=\"600\" width=\"1333\"  itemprop=\"thumbnailUrl\" srcset=\"https:\/\/radiorevelacionfm.cl\/wp-content\/uploads\/2025\/12\/img-20251217-wa0020-1_optimized-1.jpg 1333w, https:\/\/radiorevelacionfm.cl\/wp-content\/uploads\/2025\/12\/img-20251217-wa0020-1_optimized-1-300x135.jpg 300w, https:\/\/radiorevelacionfm.cl\/wp-content\/uploads\/2025\/12\/img-20251217-wa0020-1_optimized-1-1030x464.jpg 1030w, https:\/\/radiorevelacionfm.cl\/wp-content\/uploads\/2025\/12\/img-20251217-wa0020-1_optimized-1-768x346.jpg 768w, https:\/\/radiorevelacionfm.cl\/wp-content\/uploads\/2025\/12\/img-20251217-wa0020-1_optimized-1-705x317.jpg 705w, https:\/\/radiorevelacionfm.cl\/wp-content\/uploads\/2025\/12\/img-20251217-wa0020-1_optimized-1-450x203.jpg 450w, https:\/\/radiorevelacionfm.cl\/wp-content\/uploads\/2025\/12\/img-20251217-wa0020-1_optimized-1-600x270.jpg 600w\" sizes=\"(max-width: 1333px) 100vw, 1333px\" \/><\/div><\/div><\/div><\/div><div class=\"flex_column av_one_full  flex_column_div av-zero-column-padding first  avia-builder-el-2  el_after_av_one_full  el_before_av_one_full  column-top-margin\" style='border-radius:0px; '><section class=\"av_textblock_section \"  itemscope=\"itemscope\" itemtype=\"https:\/\/schema.org\/BlogPosting\" itemprop=\"blogPost\" ><div class='avia_textblock  '   itemprop=\"text\" ><p style=\"text-align: center;\"><strong><span style=\"font-size: 18pt;\">Autoridades constatan 40% de avance en conservaci\u00f3n y mejoramiento del varadero de Aguas Muertas en Puerto Ays\u00e9n<\/span><\/strong><\/p>\n<div id=\"gtx-trans\" style=\"position: absolute; left: -50px; top: 4.31534px;\">\n<div class=\"gtx-trans-icon\"><\/div>\n<\/div>\n<\/div><\/section><\/div><div class=\"flex_column av_one_full  flex_column_div av-zero-column-padding first  avia-builder-el-4  el_after_av_one_full  el_before_av_hr  column-top-margin\" style='border-radius:0px; '><section class=\"av_textblock_section \"  itemscope=\"itemscope\" itemtype=\"https:\/\/schema.org\/BlogPosting\" itemprop=\"blogPost\" ><div class='avia_textblock  '   itemprop=\"text\" ><ul>\n<li style=\"text-align: justify;\"><strong><em>Obras tienen como objetivo recuperar este espacio para entregar a los y las pescadores artesanales una infraestructura acorde a sus necesidades<\/em><\/strong>.<\/li>\n<\/ul>\n<p style=\"text-align: justify;\">La Secretaria Regional Ministerial de Obras P\u00fablicas, Paloma Jara junto al Delegado Presidencial de la Provincia de Ays\u00e9n Rodrigo Moreno Rivera y el director de Obras Portuarias del Ministerio de Obras P\u00fablicas en la Regi\u00f3n de Ays\u00e9n, \u00c1lvaro D\u00edaz Contreras hoy llegaron hasta el varadero de Aguas Muertas para constatar los avances que a la fecha presenta la conservaci\u00f3n y el mejoramiento de esta infraestructura, ubicada en la ciudad de Puerto Ays\u00e9n.<\/p>\n<p style=\"text-align: justify;\">El varadero de Aguas Muertas fue construido el a\u00f1o 1991 con el objetivo de recuperar este espacio para entregar a los y las pescadores artesanales una infraestructura acorde a sus necesidades. Esta obra, se suma a los trabajos de conservaci\u00f3n y mejoramiento efectuados al muelle el a\u00f1o 2022.<\/p>\n<p style=\"text-align: justify;\">As\u00ed lo pudo constatar hoy en su visita a las obras el Delegado Presidencial de la Provincia de Ays\u00e9n, Rodrigo Moreno Rivera, quien destac\u00f3 el significativo cambio que ha tenido este sector gracias a las obras en ejecuci\u00f3n.<\/p>\n<p style=\"text-align: justify;\">\u201cEstamos muy contentos de poder visitar esta obra con un avance ya del 40%, una inversi\u00f3n de m\u00e1s de 500 millones de pesos y un compromiso de gobierno, un compromiso de nuestro gobierno desde el a\u00f1o 22 cuando se inicia y hoy d\u00eda estamos viendo ya los avances de la reposici\u00f3n de este varadero que viene de alguna forma a transformar este sector que estaba bastante abandonado. Un compromiso con los pescadores artesanales, el cual esperamos ya en abril poder entregar para que se pueda dar uso y los pescadores puedan disfrutar de este varadero ya de una mejor manera y de una manera m\u00e1s digna a c\u00f3mo estaba en realidad bastante deteriorado\u201d, indic\u00f3 Rodrigo Moreno.<\/p>\n<p style=\"text-align: justify;\">Por su parte, la Seremi del MOP relev\u00f3 el rol del equipo de Obras Portuarias en la recuperaci\u00f3n de espacios que sirven de apoyo a las comunidades.<\/p>\n<p style=\"text-align: justify;\">\u201cImportante resaltar la labor que la Direcci\u00f3n de Obras Portuarias hace en toda nuestra regi\u00f3n y en particular aqu\u00ed en Puerto Ays\u00e9n donde estamos en el varadero de Aguas Muertas, que es un varadero que tal como dec\u00eda nuestro delegado provincial, estuvo en una condici\u00f3n de abandono y as\u00ed recuperamos este espacio urbano. El Ministerio de Obras P\u00fablicas busca dentro de sus lineamientos del plan de infraestructura ser parte de la urbanidad de las ciudades y c\u00f3mo no hacerlo aqu\u00ed en Puerto Ays\u00e9n donde hist\u00f3ricamente el mundo de la pesca artesanal ha tenido una influencia alta. Por lo tanto, seguir recuperando espacios, apoyando a las comunidades a desarrollarse va a seguir siendo un pilar dentro del Ministerio de Obras P\u00fablicas\u201d.<\/p>\n<p style=\"text-align: justify;\">La Direcci\u00f3n Regional de Obras Portuarias del MOP elabor\u00f3 un proyecto de conservaci\u00f3n del muelle de Aguas Muertas que se ejecut\u00f3 a fines del a\u00f1o 2022 en el que consider\u00f3 una inversi\u00f3n de 380 millones de pesos para construir obras terrestres y mar\u00edtimas como el acceso, una explanada e iluminaci\u00f3n, se\u00f1alizaci\u00f3n vertical, instalaci\u00f3n de nuevos elementos de amarre, bitas, defensas, escalas de gato y esquema de protecci\u00f3n anticorrosiva. Estos trabajos hoy se complementan con la conservaci\u00f3n y mejoramiento actual del varadero, el que cuenta con una inversi\u00f3n de la Direcci\u00f3n de Obras Portuarias que alcanza los $580 millones y con ellos la construcci\u00f3n de gaviones de contenci\u00f3n, explanada, carro de varado, entre otros elementos esenciales para la pesca artesanal, destac\u00f3 el director de Obras Portuarias del MOP en la Regi\u00f3n de Ays\u00e9n \u00c1lvaro D\u00edaz, quien adem\u00e1s detall\u00f3 los aspectos t\u00e9cnicos de las obras que el equipo de Obras Portuarias junto a la empresa constructora est\u00e1 llevando a efecto en Puerto Ays\u00e9n.<\/p>\n<p style=\"text-align: justify;\">\u201cLos trabajos consisten en hacer obras de conservaci\u00f3n a los portones de acceso, al cerco perimetral, al sistema de contenci\u00f3n de gaviones, tambi\u00e9n a la explanada, al carro de varado, que es un elemento esencial para los pescadores artesanales para que puedan hacer las conservaciones de sus embarcaciones a trav\u00e9s de este sistema que es tirado por un winche y que permite el d\u00eda de hoy que las embarcaciones asociadas a la pesca artesanal den cumplimiento a las normativas de la autoridad mar\u00edtima. Estamos contentos de llevar un avance importante en esta obra y esperamos dar cumplimiento al contrato para entregar la obra a fines del mes de abril del pr\u00f3ximo a\u00f1o\u201d, concluy\u00f3 el director de Obras Portuarias del MOP.<\/p>\n<\/div><\/section><\/div><div  style='height:50px' class='hr hr-invisible   avia-builder-el-6  el_after_av_one_full  el_before_av_social_share '><span class='hr-inner ' ><span class='hr-inner-style'><\/span><\/span><\/div><\/p>\n<div  class='av-social-sharing-box  avia-builder-el-7  el_after_av_hr  el_before_av_hr  '><div class='av-share-box'><h5 class='av-share-link-description av-no-toc '>Compartir esta noticia<\/h5><ul class='av-share-box-list noLightbox'><li class='av-share-link av-social-link-facebook' ><a target=\"_blank\" aria-label=\"Compartir en Facebook\" href='https:\/\/www.facebook.com\/sharer.php?u=https:\/\/radiorevelacionfm.cl\/?p=62599&#038;t=Autoridades%20constatan%2040%25%20de%20avance%20en%20conservaci%C3%B3n%20y%20mejoramiento%20del%20varadero%20de%20Aguas%20Muertas%20en%20Puerto%20Ays%C3%A9n' aria-hidden='false' data-av_icon='\ue8f3' data-av_iconfont='entypo-fontello' title='' data-avia-related-tooltip='Compartir en Facebook' rel=\"noopener\"><span class='avia_hidden_link_text'>Compartir en Facebook<\/span><\/a><\/li><li class='av-share-link av-social-link-twitter' ><a target=\"_blank\" aria-label=\"Compartir en Twitter\" href='https:\/\/twitter.com\/share?text=Autoridades%20constatan%2040%25%20de%20avance%20en%20conservaci%C3%B3n%20y%20mejoramiento%20del%20varadero%20de%20Aguas%20Muertas%20en%20Puerto%20Ays%C3%A9n&#038;url=https:\/\/radiorevelacionfm.cl\/?p=62599' aria-hidden='false' data-av_icon='\ue8f1' data-av_iconfont='entypo-fontello' title='' data-avia-related-tooltip='Compartir en Twitter' rel=\"noopener\"><span class='avia_hidden_link_text'>Compartir en Twitter<\/span><\/a><\/li><li class='av-share-link av-social-link-whatsapp' ><a target=\"_blank\" aria-label=\"Compartir en Whatsapp\" href='https:\/\/api.whatsapp.com\/send?text=https:\/\/radiorevelacionfm.cl\/?p=62599' aria-hidden='false' data-av_icon='\uf232' data-av_iconfont='entypo-fontello' title='' data-avia-related-tooltip='Compartir en Whatsapp' rel=\"noopener\"><span class='avia_hidden_link_text'>Compartir en Whatsapp<\/span><\/a><\/li><li class='av-share-link av-social-link-linkedin' ><a target=\"_blank\" aria-label=\"Compartir en LinkedIn\" href='https:\/\/linkedin.com\/shareArticle?mini=true&#038;title=Autoridades%20constatan%2040%25%20de%20avance%20en%20conservaci%C3%B3n%20y%20mejoramiento%20del%20varadero%20de%20Aguas%20Muertas%20en%20Puerto%20Ays%C3%A9n&#038;url=https:\/\/radiorevelacionfm.cl\/?p=62599' aria-hidden='false' data-av_icon='\ue8fc' data-av_iconfont='entypo-fontello' title='' data-avia-related-tooltip='Compartir en LinkedIn' rel=\"noopener\"><span class='avia_hidden_link_text'>Compartir en LinkedIn<\/span><\/a><\/li><li class='av-share-link av-social-link-mail' ><a  aria-label=\"Compartir por correo\" href='mailto:?subject=Autoridades%20constatan%2040%25%20de%20avance%20en%20conservaci%C3%B3n%20y%20mejoramiento%20del%20varadero%20de%20Aguas%20Muertas%20en%20Puerto%20Ays%C3%A9n&#038;body=https:\/\/radiorevelacionfm.cl\/?p=62599' aria-hidden='false' data-av_icon='\ue805' data-av_iconfont='entypo-fontello' title='' data-avia-related-tooltip='Compartir por correo'><span class='avia_hidden_link_text'>Compartir por correo<\/span><\/a><\/li><\/ul><\/div><\/div>\n<div  style='height:50px' class='hr hr-invisible   avia-builder-el-8  el_after_av_social_share  el_before_av_comments_list '><span class='hr-inner ' ><span class='hr-inner-style'><\/span><\/span><\/div>\n<div  class='av-buildercomment  av-blog-meta-html-info-disabled av-blog-meta-tag-disabled  '><\/div>\n","protected":false},"excerpt":{"rendered":"","protected":false},"author":1,"featured_media":62600,"comment_status":"closed","ping_status":"closed","sticky":false,"template":"","format":"standard","meta":{"footnotes":""},"categories":[38],"tags":[],"class_list":["post-62599","post","type-post","status-publish","format-standard","has-post-thumbnail","hentry","category-regional"],"jetpack_featured_media_url":"https:\/\/radiorevelacionfm.cl\/wp-content\/uploads\/2025\/12\/img-20251217-wa0020-1_optimized-1.jpg","_links":{"self":[{"href":"https:\/\/radiorevelacionfm.cl\/index.php?rest_route=\/wp\/v2\/posts\/62599","targetHints":{"allow":["GET"]}}],"collection":[{"href":"https:\/\/radiorevelacionfm.cl\/index.php?rest_route=\/wp\/v2\/posts"}],"about":[{"href":"https:\/\/radiorevelacionfm.cl\/index.php?rest_route=\/wp\/v2\/types\/post"}],"author":[{"embeddable":true,"href":"https:\/\/radiorevelacionfm.cl\/index.php?rest_route=\/wp\/v2\/users\/1"}],"replies":[{"embeddable":true,"href":"https:\/\/radiorevelacionfm.cl\/index.php?rest_route=%2Fwp%2Fv2%2Fcomments&post=62599"}],"version-history":[{"count":2,"href":"https:\/\/radiorevelacionfm.cl\/index.php?rest_route=\/wp\/v2\/posts\/62599\/revisions"}],"predecessor-version":[{"id":62602,"href":"https:\/\/radiorevelacionfm.cl\/index.php?rest_route=\/wp\/v2\/posts\/62599\/revisions\/62602"}],"wp:featuredmedia":[{"embeddable":true,"href":"https:\/\/radiorevelacionfm.cl\/index.php?rest_route=\/wp\/v2\/media\/62600"}],"wp:attachment":[{"href":"https:\/\/radiorevelacionfm.cl\/index.php?rest_route=%2Fwp%2Fv2%2Fmedia&parent=62599"}],"wp:term":[{"taxonomy":"category","embeddable":true,"href":"https:\/\/radiorevelacionfm.cl\/index.php?rest_route=%2Fwp%2Fv2%2Fcategories&post=62599"},{"taxonomy":"post_tag","embeddable":true,"href":"https:\/\/radiorevelacionfm.cl\/index.php?rest_route=%2Fwp%2Fv2%2Ftags&post=62599"}],"curies":[{"name":"wp","href":"https:\/\/api.w.org\/{rel}","templated":true}]}}