{"id":62590,"date":"2025-12-17T17:06:18","date_gmt":"2025-12-17T20:06:18","guid":{"rendered":"https:\/\/radiorevelacionfm.cl\/?p=62590"},"modified":"2025-12-17T17:06:18","modified_gmt":"2025-12-17T20:06:18","slug":"valle-simpson-constituye-mesa-agroclimatica-participativa-para-enfrentar-el-cambio-climatico-desde-la-agricultura-local","status":"publish","type":"post","link":"https:\/\/radiorevelacionfm.cl\/?p=62590","title":{"rendered":"Valle Simpson constituye Mesa Agroclim\u00e1tica Participativa para enfrentar el cambio clim\u00e1tico desde la agricultura local"},"content":{"rendered":"<div class=\"flex_column av_one_full  flex_column_div av-zero-column-padding first  avia-builder-el-0  el_before_av_one_full  avia-builder-el-first  \" style='border-radius:0px; '><div  class='avia-image-container  av-styling-    avia-builder-el-1  avia-builder-el-no-sibling  avia-align-center '  itemprop=\"image\" itemscope=\"itemscope\" itemtype=\"https:\/\/schema.org\/ImageObject\"  ><div class='avia-image-container-inner'><div class='avia-image-overlay-wrap'><img decoding=\"async\" class='wp-image-62591 avia-img-lazy-loading-not-62591 avia_image' src=\"https:\/\/radiorevelacionfm.cl\/wp-content\/uploads\/2025\/12\/DSC_0323-1-1.jpg\" alt='' title='DSC_0323 (1) (1)' height=\"600\" width=\"906\"  itemprop=\"thumbnailUrl\" srcset=\"https:\/\/radiorevelacionfm.cl\/wp-content\/uploads\/2025\/12\/DSC_0323-1-1.jpg 906w, https:\/\/radiorevelacionfm.cl\/wp-content\/uploads\/2025\/12\/DSC_0323-1-1-300x199.jpg 300w, https:\/\/radiorevelacionfm.cl\/wp-content\/uploads\/2025\/12\/DSC_0323-1-1-768x509.jpg 768w, https:\/\/radiorevelacionfm.cl\/wp-content\/uploads\/2025\/12\/DSC_0323-1-1-705x467.jpg 705w, https:\/\/radiorevelacionfm.cl\/wp-content\/uploads\/2025\/12\/DSC_0323-1-1-450x298.jpg 450w, https:\/\/radiorevelacionfm.cl\/wp-content\/uploads\/2025\/12\/DSC_0323-1-1-600x397.jpg 600w\" sizes=\"(max-width: 906px) 100vw, 906px\" \/><\/div><\/div><\/div><\/div><div class=\"flex_column av_one_full  flex_column_div av-zero-column-padding first  avia-builder-el-2  el_after_av_one_full  el_before_av_one_full  column-top-margin\" style='border-radius:0px; '><section class=\"av_textblock_section \"  itemscope=\"itemscope\" itemtype=\"https:\/\/schema.org\/BlogPosting\" itemprop=\"blogPost\" ><div class='avia_textblock  '   itemprop=\"text\" ><p style=\"text-align: center;\"><strong><span style=\"font-size: 18pt;\">Valle Simpson constituye Mesa Agroclim\u00e1tica Participativa para enfrentar el cambio clim\u00e1tico desde la agricultura local<\/span><\/strong><\/p>\n<div id=\"gtx-trans\" style=\"position: absolute; left: -50px; top: 4.31534px;\">\n<div class=\"gtx-trans-icon\"><\/div>\n<\/div>\n<\/div><\/section><\/div><div class=\"flex_column av_one_full  flex_column_div av-zero-column-padding first  avia-builder-el-4  el_after_av_one_full  el_before_av_hr  column-top-margin\" style='border-radius:0px; '><section class=\"av_textblock_section \"  itemscope=\"itemscope\" itemtype=\"https:\/\/schema.org\/BlogPosting\" itemprop=\"blogPost\" ><div class='avia_textblock  '   itemprop=\"text\" ><p style=\"text-align: justify;\"><em>Agricultores y servicios p\u00fablicos articulan un espacio que combina conocimiento buscando mejorar la resiliencia y la toma de decisiones frente a la crisis clim\u00e1tica que afecta a la producci\u00f3n.<\/em><\/p>\n<p style=\"text-align: justify;\">Con el objetivo de generar un espacio ciudadano donde se combine el conocimiento local con la informaci\u00f3n cient\u00edfica, se conform\u00f3 oficialmente en Valle Simpson la primera Mesa Agroclim\u00e1tica Participativa (MAP) de la zona. La iniciativa, impulsada por la Seremi de Agricultura, sus servicios y actores locales, busca que campesinos y campesinas aprendan a gestionar informaci\u00f3n agroclim\u00e1tica para adaptar sus pr\u00e1cticas y mitigar los impactos de un clima cambiante, fen\u00f3meno que ellos identifican como una realidad urgente y cotidiana.<\/p>\n<p style=\"text-align: justify;\">La agricultura campesina es una de las actividades m\u00e1s expuestas a los efectos del cambio clim\u00e1tico. Fen\u00f3menos como lluvias impredecibles, granizadas fuera de temporada y temperaturas extremas ya son parte de la realidad diaria en los campos. Frente a esta crisis, la conformaci\u00f3n de la Mesa Agroclim\u00e1tica Participativa (MAP) en Valle Simpson marca un hito: es la creaci\u00f3n de un espacio colaborativo donde los propios productores, junto a servicios t\u00e9cnicos, ser\u00e1n protagonistas en la b\u00fasqueda de soluciones adaptadas a su territorio.<\/p>\n<p style=\"text-align: justify;\">El seremi de Agricultura, Eugenio Ruiz, explic\u00f3 que el objetivo central de la MAP es \u00abla generaci\u00f3n de un espacio ciudadano y participativo que rescate la informaci\u00f3n desde su origen y la combine con informaci\u00f3n cient\u00edfica y tecnol\u00f3gica\u00bb. A trav\u00e9s de este proceso, los participantes no solo recibir\u00e1n datos, sino que adquirir\u00e1n \u00abhabilidades y conocimientos que les permitan comprender informaci\u00f3n agroclim\u00e1tica y generar un proceso de toma de decisiones\u00bb fundamentadas para sus predios.<\/p>\n<p style=\"text-align: justify;\">La conformaci\u00f3n de esta mesa cont\u00f3 con la participaci\u00f3n de Vania Concha de la Unidad de Gesti\u00f3n de Riesgos Agr\u00edcolas, UGRA, y Angelina Espinoza de la Oficina de Estudios y Pol\u00edticas Agrarias, Odepa, instituciones que forman parte de la Subsecretar\u00eda de Agricultura a nivel Central.<\/p>\n<p style=\"text-align: justify;\"><strong>Acci\u00f3n colectiva contra el cambio clim\u00e1tico<\/strong><\/p>\n<p style=\"text-align: justify;\">Los testimonios de los participantes reflejan una conciencia aguda del problema y grandes expectativas en el trabajo conjunto.<\/p>\n<p style=\"text-align: justify;\">Para Carmen Fierro, del sector Santa Elena, la formaci\u00f3n de este grupo es fundamental. \u00abValle Simpson fue designado como un lugar donde se va a hacer este grupo que va a ir en ayuda de todos nosotros\u00bb, se\u00f1al\u00f3, reconociendo que el cambio clim\u00e1tico \u00abnos ha afectado mucho, a nivel mundial, y hay que convivir con ello, aprender a vivir con este nuevo sistema de vida\u00bb. Para ella, la clave est\u00e1 en la investigaci\u00f3n, \u00ablo m\u00e1s importante es estar informados\u00bb.<\/p>\n<p style=\"text-align: justify;\">Patricia Gonz\u00e1lez, productora de frutales menores, enfatiz\u00f3 sobre el impacto directo en la agricultura. \u00abNosotros los agricultores somos los m\u00e1s afectados y d\u00eda a d\u00eda notamos la diferencia\u00bb, afirm\u00f3, subrayando la necesidad de \u00ababordar la resiliencia porque el cambio ha llegado para quedarse\u00bb. Destac\u00f3 la importancia del trabajo intersectorial, \u201cla articulaci\u00f3n entre los distintos servicios es importante porque nosotros solos como agricultores es dif\u00edcil que podamos hacer una mitigaci\u00f3n. Es urgente, es ahora, prepararnos, coordinarnos para poder enfrentar este cambio que viene a pasos agigantados\u00bb.<\/p>\n<p style=\"text-align: justify;\">Elsa Abarz\u00faa, presidenta del Club de Adultos Mayores de Valle Simpson, y productora de hierbas medicinales, entre otros, lleg\u00f3 a la reuni\u00f3n con esperanza. \u00abVine con la ilusi\u00f3n que podamos hacer algo respecto al recalentamiento que estamos viviendo como pa\u00eds, como mundo\u00bb, expres\u00f3. Como testigo de la variabilidad extrema, describe que se dan cuenta de los cambios, \u201cen el d\u00eda a d\u00eda podemos tener mucha temperatura y al rato est\u00e1 granizando. El cambio clim\u00e1tico vino para quedarse y tenemos que tratar de buscar soluciones entre todos\u00bb. Para ella, el solo inicio de la mesa \u00abya es un paso grande\u00bb.<\/p>\n<p style=\"text-align: justify;\"><strong>Agricultura resiliente y colaborativa<\/strong><\/p>\n<p style=\"text-align: justify;\">Se espera que esta MAP permita a sus integrantes aprender a utilizar informaci\u00f3n agrometeorol\u00f3gica, compartir pr\u00e1cticas sostenibles y programar acciones anticipadas a eventos clim\u00e1ticos extremos, tanto a nivel individual como colectivo. La meta final es que la informaci\u00f3n t\u00e9cnica local obtenida, combinando las realidades personales de los productores con las condiciones del entorno, pueda ser difundida a otros productores de caracter\u00edsticas similares, escalando el conocimiento y la capacidad de adaptaci\u00f3n en todo el territorio.<\/p>\n<p style=\"text-align: justify;\">La mesa de Valle Simpson se levanta como un modelo piloto de gobernanza local frente a la crisis clim\u00e1tica, donde el conocimiento y la ciencia dialogan para construir, desde la base, una agricultura m\u00e1s informada, preparada y resiliente.<\/p>\n<\/div><\/section><\/div><div  style='height:50px' class='hr hr-invisible   avia-builder-el-6  el_after_av_one_full  el_before_av_social_share '><span class='hr-inner ' ><span class='hr-inner-style'><\/span><\/span><\/div><\/p>\n<div  class='av-social-sharing-box  avia-builder-el-7  el_after_av_hr  el_before_av_hr  '><div class='av-share-box'><h5 class='av-share-link-description av-no-toc '>Compartir esta noticia<\/h5><ul class='av-share-box-list noLightbox'><li class='av-share-link av-social-link-facebook' ><a target=\"_blank\" aria-label=\"Compartir en Facebook\" href='https:\/\/www.facebook.com\/sharer.php?u=https:\/\/radiorevelacionfm.cl\/?p=62590&#038;t=Valle%20Simpson%20constituye%20Mesa%20Agroclim%C3%A1tica%20Participativa%20para%20enfrentar%20el%20cambio%20clim%C3%A1tico%20desde%20la%20agricultura%20local' aria-hidden='false' data-av_icon='\ue8f3' data-av_iconfont='entypo-fontello' title='' data-avia-related-tooltip='Compartir en Facebook' rel=\"noopener\"><span class='avia_hidden_link_text'>Compartir en Facebook<\/span><\/a><\/li><li class='av-share-link av-social-link-twitter' ><a target=\"_blank\" aria-label=\"Compartir en Twitter\" href='https:\/\/twitter.com\/share?text=Valle%20Simpson%20constituye%20Mesa%20Agroclim%C3%A1tica%20Participativa%20para%20enfrentar%20el%20cambio%20clim%C3%A1tico%20desde%20la%20agricultura%20local&#038;url=https:\/\/radiorevelacionfm.cl\/?p=62590' aria-hidden='false' data-av_icon='\ue8f1' data-av_iconfont='entypo-fontello' title='' data-avia-related-tooltip='Compartir en Twitter' rel=\"noopener\"><span class='avia_hidden_link_text'>Compartir en Twitter<\/span><\/a><\/li><li class='av-share-link av-social-link-whatsapp' ><a target=\"_blank\" aria-label=\"Compartir en Whatsapp\" href='https:\/\/api.whatsapp.com\/send?text=https:\/\/radiorevelacionfm.cl\/?p=62590' aria-hidden='false' data-av_icon='\uf232' data-av_iconfont='entypo-fontello' title='' data-avia-related-tooltip='Compartir en Whatsapp' rel=\"noopener\"><span class='avia_hidden_link_text'>Compartir en Whatsapp<\/span><\/a><\/li><li class='av-share-link av-social-link-linkedin' ><a target=\"_blank\" aria-label=\"Compartir en LinkedIn\" href='https:\/\/linkedin.com\/shareArticle?mini=true&#038;title=Valle%20Simpson%20constituye%20Mesa%20Agroclim%C3%A1tica%20Participativa%20para%20enfrentar%20el%20cambio%20clim%C3%A1tico%20desde%20la%20agricultura%20local&#038;url=https:\/\/radiorevelacionfm.cl\/?p=62590' aria-hidden='false' data-av_icon='\ue8fc' data-av_iconfont='entypo-fontello' title='' data-avia-related-tooltip='Compartir en LinkedIn' rel=\"noopener\"><span class='avia_hidden_link_text'>Compartir en LinkedIn<\/span><\/a><\/li><li class='av-share-link av-social-link-mail' ><a  aria-label=\"Compartir por correo\" href='mailto:?subject=Valle%20Simpson%20constituye%20Mesa%20Agroclim%C3%A1tica%20Participativa%20para%20enfrentar%20el%20cambio%20clim%C3%A1tico%20desde%20la%20agricultura%20local&#038;body=https:\/\/radiorevelacionfm.cl\/?p=62590' aria-hidden='false' data-av_icon='\ue805' data-av_iconfont='entypo-fontello' title='' data-avia-related-tooltip='Compartir por correo'><span class='avia_hidden_link_text'>Compartir por correo<\/span><\/a><\/li><\/ul><\/div><\/div>\n<div  style='height:50px' class='hr hr-invisible   avia-builder-el-8  el_after_av_social_share  el_before_av_comments_list '><span class='hr-inner ' ><span class='hr-inner-style'><\/span><\/span><\/div>\n<div  class='av-buildercomment  av-blog-meta-html-info-disabled av-blog-meta-tag-disabled  '><\/div>\n","protected":false},"excerpt":{"rendered":"","protected":false},"author":1,"featured_media":62591,"comment_status":"closed","ping_status":"closed","sticky":false,"template":"","format":"standard","meta":{"footnotes":""},"categories":[58],"tags":[],"class_list":["post-62590","post","type-post","status-publish","format-standard","has-post-thumbnail","hentry","category-agricultura"],"jetpack_featured_media_url":"https:\/\/radiorevelacionfm.cl\/wp-content\/uploads\/2025\/12\/DSC_0323-1-1.jpg","_links":{"self":[{"href":"https:\/\/radiorevelacionfm.cl\/index.php?rest_route=\/wp\/v2\/posts\/62590","targetHints":{"allow":["GET"]}}],"collection":[{"href":"https:\/\/radiorevelacionfm.cl\/index.php?rest_route=\/wp\/v2\/posts"}],"about":[{"href":"https:\/\/radiorevelacionfm.cl\/index.php?rest_route=\/wp\/v2\/types\/post"}],"author":[{"embeddable":true,"href":"https:\/\/radiorevelacionfm.cl\/index.php?rest_route=\/wp\/v2\/users\/1"}],"replies":[{"embeddable":true,"href":"https:\/\/radiorevelacionfm.cl\/index.php?rest_route=%2Fwp%2Fv2%2Fcomments&post=62590"}],"version-history":[{"count":2,"href":"https:\/\/radiorevelacionfm.cl\/index.php?rest_route=\/wp\/v2\/posts\/62590\/revisions"}],"predecessor-version":[{"id":62594,"href":"https:\/\/radiorevelacionfm.cl\/index.php?rest_route=\/wp\/v2\/posts\/62590\/revisions\/62594"}],"wp:featuredmedia":[{"embeddable":true,"href":"https:\/\/radiorevelacionfm.cl\/index.php?rest_route=\/wp\/v2\/media\/62591"}],"wp:attachment":[{"href":"https:\/\/radiorevelacionfm.cl\/index.php?rest_route=%2Fwp%2Fv2%2Fmedia&parent=62590"}],"wp:term":[{"taxonomy":"category","embeddable":true,"href":"https:\/\/radiorevelacionfm.cl\/index.php?rest_route=%2Fwp%2Fv2%2Fcategories&post=62590"},{"taxonomy":"post_tag","embeddable":true,"href":"https:\/\/radiorevelacionfm.cl\/index.php?rest_route=%2Fwp%2Fv2%2Ftags&post=62590"}],"curies":[{"name":"wp","href":"https:\/\/api.w.org\/{rel}","templated":true}]}}