{"id":62579,"date":"2025-12-18T10:53:31","date_gmt":"2025-12-18T13:53:31","guid":{"rendered":"https:\/\/radiorevelacionfm.cl\/?p=62579"},"modified":"2025-12-18T10:53:31","modified_gmt":"2025-12-18T13:53:31","slug":"eduardo-cruces-presidente-regional-de-democratas-desde-el-centro-politico-aportaremos-a-dar-gobernanza","status":"publish","type":"post","link":"https:\/\/radiorevelacionfm.cl\/?p=62579","title":{"rendered":"Eduardo Cruces, presidente regional de Dem\u00f3cratas: \u201cDesde el centro pol\u00edtico aportaremos a dar gobernanza\u201d"},"content":{"rendered":"<div class=\"flex_column av_one_full  flex_column_div av-zero-column-padding first  avia-builder-el-0  el_before_av_one_full  avia-builder-el-first  \" style='border-radius:0px; '><div  class='avia-image-container  av-styling-    avia-builder-el-1  avia-builder-el-no-sibling  avia-align-center '  itemprop=\"image\" itemscope=\"itemscope\" itemtype=\"https:\/\/schema.org\/ImageObject\"  ><div class='avia-image-container-inner'><div class='avia-image-overlay-wrap'><img decoding=\"async\" class='wp-image-62580 avia-img-lazy-loading-not-62580 avia_image' src=\"https:\/\/radiorevelacionfm.cl\/wp-content\/uploads\/2025\/12\/foto-E-CRUCES-1-1.jpeg\" alt='' title='foto E CRUCES (1) (1)' height=\"708\" width=\"801\"  itemprop=\"thumbnailUrl\" srcset=\"https:\/\/radiorevelacionfm.cl\/wp-content\/uploads\/2025\/12\/foto-E-CRUCES-1-1.jpeg 801w, https:\/\/radiorevelacionfm.cl\/wp-content\/uploads\/2025\/12\/foto-E-CRUCES-1-1-300x265.jpeg 300w, https:\/\/radiorevelacionfm.cl\/wp-content\/uploads\/2025\/12\/foto-E-CRUCES-1-1-768x679.jpeg 768w, https:\/\/radiorevelacionfm.cl\/wp-content\/uploads\/2025\/12\/foto-E-CRUCES-1-1-705x623.jpeg 705w, https:\/\/radiorevelacionfm.cl\/wp-content\/uploads\/2025\/12\/foto-E-CRUCES-1-1-450x398.jpeg 450w, https:\/\/radiorevelacionfm.cl\/wp-content\/uploads\/2025\/12\/foto-E-CRUCES-1-1-600x530.jpeg 600w\" sizes=\"(max-width: 801px) 100vw, 801px\" \/><\/div><\/div><\/div><\/div><div class=\"flex_column av_one_full  flex_column_div av-zero-column-padding first  avia-builder-el-2  el_after_av_one_full  el_before_av_one_full  column-top-margin\" style='border-radius:0px; '><section class=\"av_textblock_section \"  itemscope=\"itemscope\" itemtype=\"https:\/\/schema.org\/BlogPosting\" itemprop=\"blogPost\" ><div class='avia_textblock  '   itemprop=\"text\" ><p style=\"text-align: center;\"><span style=\"font-size: 18pt;\"><b>Eduardo Cruces, presidente regional de Dem\u00f3cratas: \u201cDesde el centro pol\u00edtico aportaremos a dar gobernanza\u201d<\/b><\/span><\/p>\n<div id=\"gtx-trans\" style=\"position: absolute; left: -50px; top: 4.31534px;\">\n<div class=\"gtx-trans-icon\"><\/div>\n<\/div>\n<\/div><\/section><\/div><div class=\"flex_column av_one_full  flex_column_div av-zero-column-padding first  avia-builder-el-4  el_after_av_one_full  el_before_av_hr  column-top-margin\" style='border-radius:0px; '><section class=\"av_textblock_section \"  itemscope=\"itemscope\" itemtype=\"https:\/\/schema.org\/BlogPosting\" itemprop=\"blogPost\" ><div class='avia_textblock  '   itemprop=\"text\" ><p style=\"font-weight: 400; text-align: justify;\"><strong>Coyhaique.-<\/strong>\u00a0Eduardo Cruces, presidente Regional de dem\u00f3cratas, se refiri\u00f3 a los resultados electorales de la pasada elecci\u00f3n presidencial, donde Jos\u00e9 Antonio Kast obtuvo cerca del 60% de los votos. El dirigente pol\u00edtico valor\u00f3 las declaraciones del presidente electo sobre la unidad del sector, asegurando que desde el centro pol\u00edtico que representa Dem\u00f3cratas se aportar\u00e1 para dar gobernanza al futuro gobierno.<\/p>\n<p style=\"font-weight: 400; text-align: justify;\">Tras las declaraciones del Presidente electo Jos\u00e9 Antonio Kast, quien hizo menci\u00f3n a un gobierno amplio desde dem\u00f3cratas hasta libertarios, el Presidente Regional valor\u00f3 la se\u00f1al, asegurando que \u201cel nuevo Gobierno requiere de una apertura amplia para lograr los consensos necesarios en el congreso y as\u00ed avanzar en su agenda. Nosotros desde el centro aportaremos a la gobernanza\u201d.<\/p>\n<p style=\"font-weight: 400; text-align: justify;\">Agreg\u00f3 que, \u201cnosotros tenemos muchos puntos en com\u00fan, por ejemplo, la seguridad debe ser el eje central. Es m\u00e1s, desde Dem\u00f3cratas hemos sugerido que el gobierno no pierda tiempo, y retome la discusi\u00f3n de la ley de infraestructura cr\u00edtica y Reglas de Uso de la Fuerza, y as\u00ed entregar reglas claras a nuestras polic\u00edas y Fuerzas Armadas\u201d.<\/p>\n<p style=\"font-weight: 400; text-align: justify;\">Finalmente, Cruces se\u00f1al\u00f3 que hoy debemos centrar m\u00e1s nuestro trabajo en solucionar los problemas por sobre las diferencias ideol\u00f3gicas, asegurando que \u201cel llamado a la Unidad del presidente Kast, es el llamado m\u00e1s importante de este ciclo. La polarizaci\u00f3n que signific\u00f3 la campa\u00f1a, debe terminar con la elecci\u00f3n y hoy, en el proceso de reconstrucci\u00f3n nacional, debemos preguntarnos en qu\u00e9 podemos colaborar para que Chile vuelva a crecer y tener los niveles de seguridad y tranquilidad que permitan recuperar nuestro pa\u00eds, este proceso nos involucra a todos\u201d.<\/p>\n<\/div><\/section><\/div><div  style='height:50px' class='hr hr-invisible   avia-builder-el-6  el_after_av_one_full  el_before_av_social_share '><span class='hr-inner ' ><span class='hr-inner-style'><\/span><\/span><\/div><\/p>\n<div  class='av-social-sharing-box  avia-builder-el-7  el_after_av_hr  el_before_av_hr  '><div class='av-share-box'><h5 class='av-share-link-description av-no-toc '>Compartir esta noticia<\/h5><ul class='av-share-box-list noLightbox'><li class='av-share-link av-social-link-facebook' ><a target=\"_blank\" aria-label=\"Compartir en Facebook\" href='https:\/\/www.facebook.com\/sharer.php?u=https:\/\/radiorevelacionfm.cl\/?p=62579&#038;t=Eduardo%20Cruces%2C%20presidente%20regional%20de%20Dem%C3%B3cratas%3A%20%E2%80%9CDesde%20el%20centro%20pol%C3%ADtico%20aportaremos%20a%20dar%20gobernanza%E2%80%9D' aria-hidden='false' data-av_icon='\ue8f3' data-av_iconfont='entypo-fontello' title='' data-avia-related-tooltip='Compartir en Facebook' rel=\"noopener\"><span class='avia_hidden_link_text'>Compartir en Facebook<\/span><\/a><\/li><li class='av-share-link av-social-link-twitter' ><a target=\"_blank\" aria-label=\"Compartir en Twitter\" href='https:\/\/twitter.com\/share?text=Eduardo%20Cruces%2C%20presidente%20regional%20de%20Dem%C3%B3cratas%3A%20%E2%80%9CDesde%20el%20centro%20pol%C3%ADtico%20aportaremos%20a%20dar%20gobernanza%E2%80%9D&#038;url=https:\/\/radiorevelacionfm.cl\/?p=62579' aria-hidden='false' data-av_icon='\ue8f1' data-av_iconfont='entypo-fontello' title='' data-avia-related-tooltip='Compartir en Twitter' rel=\"noopener\"><span class='avia_hidden_link_text'>Compartir en Twitter<\/span><\/a><\/li><li class='av-share-link av-social-link-whatsapp' ><a target=\"_blank\" aria-label=\"Compartir en Whatsapp\" href='https:\/\/api.whatsapp.com\/send?text=https:\/\/radiorevelacionfm.cl\/?p=62579' aria-hidden='false' data-av_icon='\uf232' data-av_iconfont='entypo-fontello' title='' data-avia-related-tooltip='Compartir en Whatsapp' rel=\"noopener\"><span class='avia_hidden_link_text'>Compartir en Whatsapp<\/span><\/a><\/li><li class='av-share-link av-social-link-linkedin' ><a target=\"_blank\" aria-label=\"Compartir en LinkedIn\" href='https:\/\/linkedin.com\/shareArticle?mini=true&#038;title=Eduardo%20Cruces%2C%20presidente%20regional%20de%20Dem%C3%B3cratas%3A%20%E2%80%9CDesde%20el%20centro%20pol%C3%ADtico%20aportaremos%20a%20dar%20gobernanza%E2%80%9D&#038;url=https:\/\/radiorevelacionfm.cl\/?p=62579' aria-hidden='false' data-av_icon='\ue8fc' data-av_iconfont='entypo-fontello' title='' data-avia-related-tooltip='Compartir en LinkedIn' rel=\"noopener\"><span class='avia_hidden_link_text'>Compartir en LinkedIn<\/span><\/a><\/li><li class='av-share-link av-social-link-mail' ><a  aria-label=\"Compartir por correo\" href='mailto:?subject=Eduardo%20Cruces%2C%20presidente%20regional%20de%20Dem%C3%B3cratas%3A%20%E2%80%9CDesde%20el%20centro%20pol%C3%ADtico%20aportaremos%20a%20dar%20gobernanza%E2%80%9D&#038;body=https:\/\/radiorevelacionfm.cl\/?p=62579' aria-hidden='false' data-av_icon='\ue805' data-av_iconfont='entypo-fontello' title='' data-avia-related-tooltip='Compartir por correo'><span class='avia_hidden_link_text'>Compartir por correo<\/span><\/a><\/li><\/ul><\/div><\/div>\n<div  style='height:50px' class='hr hr-invisible   avia-builder-el-8  el_after_av_social_share  el_before_av_comments_list '><span class='hr-inner ' ><span class='hr-inner-style'><\/span><\/span><\/div>\n<div  class='av-buildercomment  av-blog-meta-html-info-disabled av-blog-meta-tag-disabled  '><\/div>\n","protected":false},"excerpt":{"rendered":"","protected":false},"author":1,"featured_media":62580,"comment_status":"closed","ping_status":"closed","sticky":false,"template":"","format":"standard","meta":{"footnotes":""},"categories":[35],"tags":[],"class_list":["post-62579","post","type-post","status-publish","format-standard","has-post-thumbnail","hentry","category-politica"],"jetpack_featured_media_url":"https:\/\/radiorevelacionfm.cl\/wp-content\/uploads\/2025\/12\/foto-E-CRUCES-1-1.jpeg","_links":{"self":[{"href":"https:\/\/radiorevelacionfm.cl\/index.php?rest_route=\/wp\/v2\/posts\/62579","targetHints":{"allow":["GET"]}}],"collection":[{"href":"https:\/\/radiorevelacionfm.cl\/index.php?rest_route=\/wp\/v2\/posts"}],"about":[{"href":"https:\/\/radiorevelacionfm.cl\/index.php?rest_route=\/wp\/v2\/types\/post"}],"author":[{"embeddable":true,"href":"https:\/\/radiorevelacionfm.cl\/index.php?rest_route=\/wp\/v2\/users\/1"}],"replies":[{"embeddable":true,"href":"https:\/\/radiorevelacionfm.cl\/index.php?rest_route=%2Fwp%2Fv2%2Fcomments&post=62579"}],"version-history":[{"count":2,"href":"https:\/\/radiorevelacionfm.cl\/index.php?rest_route=\/wp\/v2\/posts\/62579\/revisions"}],"predecessor-version":[{"id":62612,"href":"https:\/\/radiorevelacionfm.cl\/index.php?rest_route=\/wp\/v2\/posts\/62579\/revisions\/62612"}],"wp:featuredmedia":[{"embeddable":true,"href":"https:\/\/radiorevelacionfm.cl\/index.php?rest_route=\/wp\/v2\/media\/62580"}],"wp:attachment":[{"href":"https:\/\/radiorevelacionfm.cl\/index.php?rest_route=%2Fwp%2Fv2%2Fmedia&parent=62579"}],"wp:term":[{"taxonomy":"category","embeddable":true,"href":"https:\/\/radiorevelacionfm.cl\/index.php?rest_route=%2Fwp%2Fv2%2Fcategories&post=62579"},{"taxonomy":"post_tag","embeddable":true,"href":"https:\/\/radiorevelacionfm.cl\/index.php?rest_route=%2Fwp%2Fv2%2Ftags&post=62579"}],"curies":[{"name":"wp","href":"https:\/\/api.w.org\/{rel}","templated":true}]}}