{"id":62576,"date":"2025-12-19T12:14:25","date_gmt":"2025-12-19T15:14:25","guid":{"rendered":"https:\/\/radiorevelacionfm.cl\/?p=62576"},"modified":"2025-12-19T12:14:25","modified_gmt":"2025-12-19T15:14:25","slug":"banco-central-destaca-en-su-informe-de-politica-monetaria-de-diciembre-proyecciones-economicas-positivas-y-control-de-la-inflacion","status":"publish","type":"post","link":"https:\/\/radiorevelacionfm.cl\/?p=62576","title":{"rendered":"Banco Central destaca en su Informe de Pol\u00edtica Monetaria de diciembre: Proyecciones econ\u00f3micas positivas y control de la inflaci\u00f3n"},"content":{"rendered":"<div class=\"flex_column av_one_full  flex_column_div av-zero-column-padding first  avia-builder-el-0  el_before_av_one_full  avia-builder-el-first  \" style='border-radius:0px; '><div  class='avia-image-container  av-styling-    avia-builder-el-1  avia-builder-el-no-sibling  avia-align-center '  itemprop=\"image\" itemscope=\"itemscope\" itemtype=\"https:\/\/schema.org\/ImageObject\"  ><div class='avia-image-container-inner'><div class='avia-image-overlay-wrap'><img decoding=\"async\" class='wp-image-62577 avia-img-lazy-loading-not-62577 avia_image' src=\"https:\/\/radiorevelacionfm.cl\/wp-content\/uploads\/2025\/12\/SEREMI-ECONOMIA-FELIPE-ROJAS-1-1.jpg\" alt='' title='SEREMI ECONOMIA FELIPE ROJAS (1) (1)' height=\"600\" width=\"840\"  itemprop=\"thumbnailUrl\" srcset=\"https:\/\/radiorevelacionfm.cl\/wp-content\/uploads\/2025\/12\/SEREMI-ECONOMIA-FELIPE-ROJAS-1-1.jpg 840w, https:\/\/radiorevelacionfm.cl\/wp-content\/uploads\/2025\/12\/SEREMI-ECONOMIA-FELIPE-ROJAS-1-1-300x214.jpg 300w, https:\/\/radiorevelacionfm.cl\/wp-content\/uploads\/2025\/12\/SEREMI-ECONOMIA-FELIPE-ROJAS-1-1-768x549.jpg 768w, https:\/\/radiorevelacionfm.cl\/wp-content\/uploads\/2025\/12\/SEREMI-ECONOMIA-FELIPE-ROJAS-1-1-260x185.jpg 260w, https:\/\/radiorevelacionfm.cl\/wp-content\/uploads\/2025\/12\/SEREMI-ECONOMIA-FELIPE-ROJAS-1-1-705x504.jpg 705w, https:\/\/radiorevelacionfm.cl\/wp-content\/uploads\/2025\/12\/SEREMI-ECONOMIA-FELIPE-ROJAS-1-1-450x321.jpg 450w, https:\/\/radiorevelacionfm.cl\/wp-content\/uploads\/2025\/12\/SEREMI-ECONOMIA-FELIPE-ROJAS-1-1-600x429.jpg 600w\" sizes=\"(max-width: 840px) 100vw, 840px\" \/><\/div><\/div><\/div><\/div><div class=\"flex_column av_one_full  flex_column_div av-zero-column-padding first  avia-builder-el-2  el_after_av_one_full  el_before_av_one_full  column-top-margin\" style='border-radius:0px; '><section class=\"av_textblock_section \"  itemscope=\"itemscope\" itemtype=\"https:\/\/schema.org\/BlogPosting\" itemprop=\"blogPost\" ><div class='avia_textblock  '   itemprop=\"text\" ><p style=\"text-align: center;\"><strong><span style=\"font-size: 18pt;\">Banco Central destaca en su Informe de Pol\u00edtica Monetaria de diciembre: Proyecciones econ\u00f3micas positivas y control de la inflaci\u00f3n<\/span><\/strong><\/p>\n<div id=\"gtx-trans\" style=\"position: absolute; left: -50px; top: 4.31534px;\">\n<div class=\"gtx-trans-icon\"><\/div>\n<\/div>\n<\/div><\/section><\/div><div class=\"flex_column av_one_full  flex_column_div av-zero-column-padding first  avia-builder-el-4  el_after_av_one_full  el_before_av_hr  column-top-margin\" style='border-radius:0px; '><section class=\"av_textblock_section \"  itemscope=\"itemscope\" itemtype=\"https:\/\/schema.org\/BlogPosting\" itemprop=\"blogPost\" ><div class='avia_textblock  '   itemprop=\"text\" ><p style=\"text-align: justify;\">El Banco Central public\u00f3 el Informe de Pol\u00edtica Monetaria (IPoM) correspondiente a diciembre 2025, esta importante herramienta es clave para comunicar la visi\u00f3n del Banco sobre la inflaci\u00f3n, la econom\u00eda y la pol\u00edtica monetaria. Su objetivo es la estabilidad de los precios, analizar el mercado y las condiciones financieras, junto con las proyecciones econ\u00f3micas que permitan lograr dicha estabilidad de precios.<\/p>\n<p style=\"text-align: justify;\">En este contexto y seg\u00fan los datos presentados recientemente, la inflaci\u00f3n total ha bajado m\u00e1s r\u00e1pido de lo proyectado en septiembre, en un entorno econ\u00f3mico global y local algo mejor que lo esperado. En el escenario central de este IPoM, la inflaci\u00f3n llegar\u00eda a la meta de 3% en el primer trimestre de 2026.<\/p>\n<p style=\"text-align: justify;\">El IPom, establece que la econom\u00eda chilena ha seguido creciendo, destacando el dinamismo de la inversi\u00f3n. As\u00ed, la actividad econ\u00f3mica del pa\u00eds ha evolucionado en l\u00ednea con lo esperado. En la demanda, destaca el dinamismo de la inversi\u00f3n en maquinaria y equipos, influida por grandes proyectos en la miner\u00eda y la energ\u00eda. Adem\u00e1s, las proyecciones de crecimiento de la inversi\u00f3n aumentan nuevamente en este IPoM, especialmente este a\u00f1o y el pr\u00f3ximo. De acuerdo con el IPoM de diciembre, se espera que la econom\u00eda chilena crezca 2,4% este a\u00f1o y entre 2% y 3% en 2026.<\/p>\n<p style=\"text-align: justify;\">Adem\u00e1s, en el escenario internacional destaca el auge de las nuevas tecnolog\u00edas y las expectativas sobre su impacto en la productividad, impulsando el desempe\u00f1o global, con efectos notorios en el sector real y financiero, principalmente en Estados Unidos, por lo tanto, las inversiones en este \u00e1mbito se han vuelto un motor importante de esta econom\u00eda. Este auge ha sido uno de los factores que ha impulsado el precio del cobre, que super\u00f3 los US$5 la libra (BML), estimulado por Inversi\u00f3n en inteligencia artificial, la transici\u00f3n energ\u00e9tica, entre otros factores. En este \u00e1mbito y como desaf\u00edo para la Regi\u00f3n de Ays\u00e9n, asoma la necesidad de transformar los avances tecnol\u00f3gicos mundiales en mejoras concretas de productividad, que faciliten su adopci\u00f3n por parte de las empresas locales.<\/p>\n<p style=\"text-align: justify;\">A la luz del IPoM, las proyecciones positivas y el evidente control de la inflaci\u00f3n, el Seremi de Econom\u00eda, Fomento y Turismo de la Regi\u00f3n de Ays\u00e9n, Felipe Rojas Pizarro subray\u00f3 que: <em>\u201cComenzamos el Gobierno con una inflaci\u00f3n por sobre el 10% y aumentando. Hoy podemos decir que despu\u00e9s de pr\u00e1cticamente 4 a\u00f1os y una pol\u00edtica fiscal responsable, terminamos nuestro Gobierno con menor inflaci\u00f3n y estabiliz\u00e1ndola hacia la meta del Banco Central, lo que se materializar\u00e1 durante el primer trimestre 2026. A su vez, la econom\u00eda chilena sigue creciendo y eso es tangible observando el dinamismo de la inversi\u00f3n privada, el que sin duda se ver\u00e1 acelerado fuertemente una vez que se ponga en marcha el Sistema Inteligente de Permisos Sectoriales impulsado desde nuestro Ministerio. <\/em><\/p>\n<\/div><\/section><\/div><div  style='height:50px' class='hr hr-invisible   avia-builder-el-6  el_after_av_one_full  el_before_av_social_share '><span class='hr-inner ' ><span class='hr-inner-style'><\/span><\/span><\/div><\/p>\n<div  class='av-social-sharing-box  avia-builder-el-7  el_after_av_hr  el_before_av_hr  '><div class='av-share-box'><h5 class='av-share-link-description av-no-toc '>Compartir esta noticia<\/h5><ul class='av-share-box-list noLightbox'><li class='av-share-link av-social-link-facebook' ><a target=\"_blank\" aria-label=\"Compartir en Facebook\" href='https:\/\/www.facebook.com\/sharer.php?u=https:\/\/radiorevelacionfm.cl\/?p=62576&#038;t=Banco%20Central%20destaca%20en%20su%20Informe%20de%20Pol%C3%ADtica%20Monetaria%20de%20diciembre%3A%20Proyecciones%20econ%C3%B3micas%20positivas%20y%20control%20de%20la%20inflaci%C3%B3n' aria-hidden='false' data-av_icon='\ue8f3' data-av_iconfont='entypo-fontello' title='' data-avia-related-tooltip='Compartir en Facebook' rel=\"noopener\"><span class='avia_hidden_link_text'>Compartir en Facebook<\/span><\/a><\/li><li class='av-share-link av-social-link-twitter' ><a target=\"_blank\" aria-label=\"Compartir en Twitter\" href='https:\/\/twitter.com\/share?text=Banco%20Central%20destaca%20en%20su%20Informe%20de%20Pol%C3%ADtica%20Monetaria%20de%20diciembre%3A%20Proyecciones%20econ%C3%B3micas%20positivas%20y%20control%20de%20la%20inflaci%C3%B3n&#038;url=https:\/\/radiorevelacionfm.cl\/?p=62576' aria-hidden='false' data-av_icon='\ue8f1' data-av_iconfont='entypo-fontello' title='' data-avia-related-tooltip='Compartir en Twitter' rel=\"noopener\"><span class='avia_hidden_link_text'>Compartir en Twitter<\/span><\/a><\/li><li class='av-share-link av-social-link-whatsapp' ><a target=\"_blank\" aria-label=\"Compartir en Whatsapp\" href='https:\/\/api.whatsapp.com\/send?text=https:\/\/radiorevelacionfm.cl\/?p=62576' aria-hidden='false' data-av_icon='\uf232' data-av_iconfont='entypo-fontello' title='' data-avia-related-tooltip='Compartir en Whatsapp' rel=\"noopener\"><span class='avia_hidden_link_text'>Compartir en Whatsapp<\/span><\/a><\/li><li class='av-share-link av-social-link-linkedin' ><a target=\"_blank\" aria-label=\"Compartir en LinkedIn\" href='https:\/\/linkedin.com\/shareArticle?mini=true&#038;title=Banco%20Central%20destaca%20en%20su%20Informe%20de%20Pol%C3%ADtica%20Monetaria%20de%20diciembre%3A%20Proyecciones%20econ%C3%B3micas%20positivas%20y%20control%20de%20la%20inflaci%C3%B3n&#038;url=https:\/\/radiorevelacionfm.cl\/?p=62576' aria-hidden='false' data-av_icon='\ue8fc' data-av_iconfont='entypo-fontello' title='' data-avia-related-tooltip='Compartir en LinkedIn' rel=\"noopener\"><span class='avia_hidden_link_text'>Compartir en LinkedIn<\/span><\/a><\/li><li class='av-share-link av-social-link-mail' ><a  aria-label=\"Compartir por correo\" href='mailto:?subject=Banco%20Central%20destaca%20en%20su%20Informe%20de%20Pol%C3%ADtica%20Monetaria%20de%20diciembre%3A%20Proyecciones%20econ%C3%B3micas%20positivas%20y%20control%20de%20la%20inflaci%C3%B3n&#038;body=https:\/\/radiorevelacionfm.cl\/?p=62576' aria-hidden='false' data-av_icon='\ue805' data-av_iconfont='entypo-fontello' title='' data-avia-related-tooltip='Compartir por correo'><span class='avia_hidden_link_text'>Compartir por correo<\/span><\/a><\/li><\/ul><\/div><\/div>\n<div  style='height:50px' class='hr hr-invisible   avia-builder-el-8  el_after_av_social_share  el_before_av_comments_list '><span class='hr-inner ' ><span class='hr-inner-style'><\/span><\/span><\/div>\n<div  class='av-buildercomment  av-blog-meta-html-info-disabled av-blog-meta-tag-disabled  '><\/div>\n","protected":false},"excerpt":{"rendered":"","protected":false},"author":1,"featured_media":62577,"comment_status":"closed","ping_status":"closed","sticky":false,"template":"","format":"standard","meta":{"footnotes":""},"categories":[37],"tags":[],"class_list":["post-62576","post","type-post","status-publish","format-standard","has-post-thumbnail","hentry","category-economia"],"jetpack_featured_media_url":"https:\/\/radiorevelacionfm.cl\/wp-content\/uploads\/2025\/12\/SEREMI-ECONOMIA-FELIPE-ROJAS-1-1.jpg","_links":{"self":[{"href":"https:\/\/radiorevelacionfm.cl\/index.php?rest_route=\/wp\/v2\/posts\/62576","targetHints":{"allow":["GET"]}}],"collection":[{"href":"https:\/\/radiorevelacionfm.cl\/index.php?rest_route=\/wp\/v2\/posts"}],"about":[{"href":"https:\/\/radiorevelacionfm.cl\/index.php?rest_route=\/wp\/v2\/types\/post"}],"author":[{"embeddable":true,"href":"https:\/\/radiorevelacionfm.cl\/index.php?rest_route=\/wp\/v2\/users\/1"}],"replies":[{"embeddable":true,"href":"https:\/\/radiorevelacionfm.cl\/index.php?rest_route=%2Fwp%2Fv2%2Fcomments&post=62576"}],"version-history":[{"count":2,"href":"https:\/\/radiorevelacionfm.cl\/index.php?rest_route=\/wp\/v2\/posts\/62576\/revisions"}],"predecessor-version":[{"id":62676,"href":"https:\/\/radiorevelacionfm.cl\/index.php?rest_route=\/wp\/v2\/posts\/62576\/revisions\/62676"}],"wp:featuredmedia":[{"embeddable":true,"href":"https:\/\/radiorevelacionfm.cl\/index.php?rest_route=\/wp\/v2\/media\/62577"}],"wp:attachment":[{"href":"https:\/\/radiorevelacionfm.cl\/index.php?rest_route=%2Fwp%2Fv2%2Fmedia&parent=62576"}],"wp:term":[{"taxonomy":"category","embeddable":true,"href":"https:\/\/radiorevelacionfm.cl\/index.php?rest_route=%2Fwp%2Fv2%2Fcategories&post=62576"},{"taxonomy":"post_tag","embeddable":true,"href":"https:\/\/radiorevelacionfm.cl\/index.php?rest_route=%2Fwp%2Fv2%2Ftags&post=62576"}],"curies":[{"name":"wp","href":"https:\/\/api.w.org\/{rel}","templated":true}]}}