{"id":62572,"date":"2025-12-17T15:01:33","date_gmt":"2025-12-17T18:01:33","guid":{"rendered":"https:\/\/radiorevelacionfm.cl\/?p=62572"},"modified":"2025-12-17T15:01:33","modified_gmt":"2025-12-17T18:01:33","slug":"obras-de-ninas-y-ninos-de-coyhaique-son-exhibidas-en-el-museo-nacional-de-bellas-artes","status":"publish","type":"post","link":"https:\/\/radiorevelacionfm.cl\/?p=62572","title":{"rendered":"Obras de ni\u00f1as y ni\u00f1os de Coyhaique son exhibidas en el Museo Nacional de Bellas Artes"},"content":{"rendered":"<div class=\"flex_column av_one_full  flex_column_div av-zero-column-padding first  avia-builder-el-0  el_before_av_one_full  avia-builder-el-first  \" style='border-radius:0px; '><div  class='avia-image-container  av-styling-    avia-builder-el-1  avia-builder-el-no-sibling  avia-align-center '  itemprop=\"image\" itemscope=\"itemscope\" itemtype=\"https:\/\/schema.org\/ImageObject\"  ><div class='avia-image-container-inner'><div class='avia-image-overlay-wrap'><img decoding=\"async\" class='wp-image-62573 avia-img-lazy-loading-not-62573 avia_image' src=\"https:\/\/radiorevelacionfm.cl\/wp-content\/uploads\/2025\/12\/3-95-1_optimized-1.jpeg\" alt='' title='3-(95)-(1)_optimized (1)' height=\"600\" width=\"800\"  itemprop=\"thumbnailUrl\" srcset=\"https:\/\/radiorevelacionfm.cl\/wp-content\/uploads\/2025\/12\/3-95-1_optimized-1.jpeg 800w, https:\/\/radiorevelacionfm.cl\/wp-content\/uploads\/2025\/12\/3-95-1_optimized-1-300x225.jpeg 300w, https:\/\/radiorevelacionfm.cl\/wp-content\/uploads\/2025\/12\/3-95-1_optimized-1-768x576.jpeg 768w, https:\/\/radiorevelacionfm.cl\/wp-content\/uploads\/2025\/12\/3-95-1_optimized-1-705x529.jpeg 705w, https:\/\/radiorevelacionfm.cl\/wp-content\/uploads\/2025\/12\/3-95-1_optimized-1-450x338.jpeg 450w, https:\/\/radiorevelacionfm.cl\/wp-content\/uploads\/2025\/12\/3-95-1_optimized-1-600x450.jpeg 600w\" sizes=\"(max-width: 800px) 100vw, 800px\" \/><\/div><\/div><\/div><\/div><div class=\"flex_column av_one_full  flex_column_div av-zero-column-padding first  avia-builder-el-2  el_after_av_one_full  el_before_av_one_full  column-top-margin\" style='border-radius:0px; '><section class=\"av_textblock_section \"  itemscope=\"itemscope\" itemtype=\"https:\/\/schema.org\/BlogPosting\" itemprop=\"blogPost\" ><div class='avia_textblock  '   itemprop=\"text\" ><p style=\"text-align: center;\"><strong><span style=\"font-size: 18pt;\">Obras de ni\u00f1as y ni\u00f1os de Coyhaique son exhibidas en el Museo Nacional de Bellas Artes<\/span><\/strong><\/p>\n<div id=\"gtx-trans\" style=\"position: absolute; left: -50px; top: 4.31534px;\">\n<div class=\"gtx-trans-icon\"><\/div>\n<\/div>\n<\/div><\/section><\/div><div class=\"flex_column av_one_full  flex_column_div av-zero-column-padding first  avia-builder-el-4  el_after_av_one_full  el_before_av_hr  column-top-margin\" style='border-radius:0px; '><section class=\"av_textblock_section \"  itemscope=\"itemscope\" itemtype=\"https:\/\/schema.org\/BlogPosting\" itemprop=\"blogPost\" ><div class='avia_textblock  '   itemprop=\"text\" ><p style=\"text-align: justify;\"><em>CeCrea <\/em><em>se suma a la exposici\u00f3n Ecos de Gabriela Mistral, con obras de ni\u00f1os y ni\u00f1as que participaron del laboratorio Re-versiones de Gabriela en Coyhaique.<\/em><\/p>\n<p style=\"text-align: justify;\">En el marco de la iniciativa \u201cCon Mistral: construyendo memorias, nuevas voces y miradas\u201d, durante septiembre se llev\u00f3 a cabo un trabajo con ni\u00f1as, ni\u00f1os y j\u00f3venes, orientado a la creaci\u00f3n de collages literarios y registros fotogr\u00e1ficos, para homenajear a la poetisa.<\/p>\n<p style=\"text-align: justify;\">Este trabajo, impulsado por el Museo Nacional de Bellas Artes, MNBA, y el programa Cecrea del Ministerio de las Culturas, las Artes y el Patrimonio, se desarroll\u00f3 en ocho centros y concluy\u00f3 con una exhibici\u00f3n en el Museo instalada el d\u00eda 10 de diciembre, fecha en la que se conmemoraron los 80 a\u00f1os del Premio Nobel de Literatura otorgado a Mistral. Este proyecto se desarrolla en el marco de los compromisos del MNBA de expandirse hacia otras regiones, promoviendo el trabajo colaborativo con iniciativas que promueven el enfoque de g\u00e9nero.<\/p>\n<p style=\"text-align: justify;\">A trav\u00e9s del Centro de Documentaci\u00f3n (CEDOC) Ang\u00e9lica P\u00e9rez Germain del MNBA se propuso realizar acciones po\u00e9tico-visuales utilizando el arte postal como recurso creativo. Por eso, se envi\u00f3 desde el Museo una caja po\u00e9tica con sobres, timbres y autoadhesivos, inspirada en <em>Poema de Chile<\/em>, obra p\u00f3stuma de Gabriela Mistral.<\/p>\n<p style=\"text-align: justify;\">Cabe se\u00f1alar que, una edici\u00f3n de la caja po\u00e9tica pasar\u00e1 a formar parte de la colecci\u00f3n de arte postal del CEDOC, mientras que las otras retornar\u00e1n a sus lugares de origen para ser exhibidas.<\/p>\n<p style=\"text-align: justify;\">El seremi de Culturas de Ays\u00e9n, Felipe Quiroz, se\u00f1al\u00f3 que \u201cel laboratorio Re-versiones permite revelar y relevar a Gabriela Mistral y acercar a las ni\u00f1eces de manera l\u00fadica a esta obra conciliada de nuestra poeta laureada. Facilitando la comprensi\u00f3n y reinterpretaci\u00f3n de sus poemas en el desarrollo del trabajo vivencial, es posible valorar el proceso creativo que integran las fotograf\u00edas de collage permitiendo estimular las habilidades art\u00edsticas y culturales de ni\u00f1as y ni\u00f1os participantes a trav\u00e9s de la maravillosa letra y palabra de Gabriela Mistral\u201d.<\/p>\n<p style=\"text-align: justify;\">En Coyhaique, participaron Patricia Carolina G\u00f3mez, Zaita Lihuen C\u00e1rdenas, Ignacia Anais Gfell, Tomas Gfell, Amanda Bel\u00e9n Reyes, M\u00eda Fernanda Reyes, Alonso Ferrada, Elena Ferrada, Amelia Heim, Elizabeth Margarita Sanders, Amalia Simona Mancilla, Silvestre Aneki Pavez, Isidora Catalina Paz, Helena Cerna, Ema Leonor Aravena, Marina Adiego. Siendo facilitadores de estas actividades Alejandro C\u00e1rdenas Baracaldo, Amparo Brice\u00f1o y Manuela Millar.<\/p>\n<p style=\"text-align: justify;\">La exposici\u00f3n \u201cEcos de Gabriela Mistral. A 80 a\u00f1os del Nobel de Literatura\u201d conmemora el Premio Nobel de Literatura, a trav\u00e9s de la exhibici\u00f3n de dos obras sobre ella realizadas por la artista Laura Rodig y el proyecto de arte postal que incorpora las obras realizadas en Coyhaique, y estar\u00e1 abierta hasta el 31 de diciembre en el Museo Nacional de Bellas Artes.<\/p>\n<\/div><\/section><\/div><div  style='height:50px' class='hr hr-invisible   avia-builder-el-6  el_after_av_one_full  el_before_av_social_share '><span class='hr-inner ' ><span class='hr-inner-style'><\/span><\/span><\/div><\/p>\n<div  class='av-social-sharing-box  avia-builder-el-7  el_after_av_hr  el_before_av_hr  '><div class='av-share-box'><h5 class='av-share-link-description av-no-toc '>Compartir esta noticia<\/h5><ul class='av-share-box-list noLightbox'><li class='av-share-link av-social-link-facebook' ><a target=\"_blank\" aria-label=\"Compartir en Facebook\" href='https:\/\/www.facebook.com\/sharer.php?u=https:\/\/radiorevelacionfm.cl\/?p=62572&#038;t=Obras%20de%20ni%C3%B1as%20y%20ni%C3%B1os%20de%20Coyhaique%20son%20exhibidas%20en%20el%20Museo%20Nacional%20de%20Bellas%20Artes' aria-hidden='false' data-av_icon='\ue8f3' data-av_iconfont='entypo-fontello' title='' data-avia-related-tooltip='Compartir en Facebook' rel=\"noopener\"><span class='avia_hidden_link_text'>Compartir en Facebook<\/span><\/a><\/li><li class='av-share-link av-social-link-twitter' ><a target=\"_blank\" aria-label=\"Compartir en Twitter\" href='https:\/\/twitter.com\/share?text=Obras%20de%20ni%C3%B1as%20y%20ni%C3%B1os%20de%20Coyhaique%20son%20exhibidas%20en%20el%20Museo%20Nacional%20de%20Bellas%20Artes&#038;url=https:\/\/radiorevelacionfm.cl\/?p=62572' aria-hidden='false' data-av_icon='\ue8f1' data-av_iconfont='entypo-fontello' title='' data-avia-related-tooltip='Compartir en Twitter' rel=\"noopener\"><span class='avia_hidden_link_text'>Compartir en Twitter<\/span><\/a><\/li><li class='av-share-link av-social-link-whatsapp' ><a target=\"_blank\" aria-label=\"Compartir en Whatsapp\" href='https:\/\/api.whatsapp.com\/send?text=https:\/\/radiorevelacionfm.cl\/?p=62572' aria-hidden='false' data-av_icon='\uf232' data-av_iconfont='entypo-fontello' title='' data-avia-related-tooltip='Compartir en Whatsapp' rel=\"noopener\"><span class='avia_hidden_link_text'>Compartir en Whatsapp<\/span><\/a><\/li><li class='av-share-link av-social-link-linkedin' ><a target=\"_blank\" aria-label=\"Compartir en LinkedIn\" href='https:\/\/linkedin.com\/shareArticle?mini=true&#038;title=Obras%20de%20ni%C3%B1as%20y%20ni%C3%B1os%20de%20Coyhaique%20son%20exhibidas%20en%20el%20Museo%20Nacional%20de%20Bellas%20Artes&#038;url=https:\/\/radiorevelacionfm.cl\/?p=62572' aria-hidden='false' data-av_icon='\ue8fc' data-av_iconfont='entypo-fontello' title='' data-avia-related-tooltip='Compartir en LinkedIn' rel=\"noopener\"><span class='avia_hidden_link_text'>Compartir en LinkedIn<\/span><\/a><\/li><li class='av-share-link av-social-link-mail' ><a  aria-label=\"Compartir por correo\" href='mailto:?subject=Obras%20de%20ni%C3%B1as%20y%20ni%C3%B1os%20de%20Coyhaique%20son%20exhibidas%20en%20el%20Museo%20Nacional%20de%20Bellas%20Artes&#038;body=https:\/\/radiorevelacionfm.cl\/?p=62572' aria-hidden='false' data-av_icon='\ue805' data-av_iconfont='entypo-fontello' title='' data-avia-related-tooltip='Compartir por correo'><span class='avia_hidden_link_text'>Compartir por correo<\/span><\/a><\/li><\/ul><\/div><\/div>\n<div  style='height:50px' class='hr hr-invisible   avia-builder-el-8  el_after_av_social_share  el_before_av_comments_list '><span class='hr-inner ' ><span class='hr-inner-style'><\/span><\/span><\/div>\n<div  class='av-buildercomment  av-blog-meta-html-info-disabled av-blog-meta-tag-disabled  '><\/div>\n","protected":false},"excerpt":{"rendered":"","protected":false},"author":1,"featured_media":62573,"comment_status":"closed","ping_status":"closed","sticky":false,"template":"","format":"standard","meta":{"footnotes":""},"categories":[52],"tags":[],"class_list":["post-62572","post","type-post","status-publish","format-standard","has-post-thumbnail","hentry","category-cultura"],"jetpack_featured_media_url":"https:\/\/radiorevelacionfm.cl\/wp-content\/uploads\/2025\/12\/3-95-1_optimized-1.jpeg","_links":{"self":[{"href":"https:\/\/radiorevelacionfm.cl\/index.php?rest_route=\/wp\/v2\/posts\/62572","targetHints":{"allow":["GET"]}}],"collection":[{"href":"https:\/\/radiorevelacionfm.cl\/index.php?rest_route=\/wp\/v2\/posts"}],"about":[{"href":"https:\/\/radiorevelacionfm.cl\/index.php?rest_route=\/wp\/v2\/types\/post"}],"author":[{"embeddable":true,"href":"https:\/\/radiorevelacionfm.cl\/index.php?rest_route=\/wp\/v2\/users\/1"}],"replies":[{"embeddable":true,"href":"https:\/\/radiorevelacionfm.cl\/index.php?rest_route=%2Fwp%2Fv2%2Fcomments&post=62572"}],"version-history":[{"count":2,"href":"https:\/\/radiorevelacionfm.cl\/index.php?rest_route=\/wp\/v2\/posts\/62572\/revisions"}],"predecessor-version":[{"id":62582,"href":"https:\/\/radiorevelacionfm.cl\/index.php?rest_route=\/wp\/v2\/posts\/62572\/revisions\/62582"}],"wp:featuredmedia":[{"embeddable":true,"href":"https:\/\/radiorevelacionfm.cl\/index.php?rest_route=\/wp\/v2\/media\/62573"}],"wp:attachment":[{"href":"https:\/\/radiorevelacionfm.cl\/index.php?rest_route=%2Fwp%2Fv2%2Fmedia&parent=62572"}],"wp:term":[{"taxonomy":"category","embeddable":true,"href":"https:\/\/radiorevelacionfm.cl\/index.php?rest_route=%2Fwp%2Fv2%2Fcategories&post=62572"},{"taxonomy":"post_tag","embeddable":true,"href":"https:\/\/radiorevelacionfm.cl\/index.php?rest_route=%2Fwp%2Fv2%2Ftags&post=62572"}],"curies":[{"name":"wp","href":"https:\/\/api.w.org\/{rel}","templated":true}]}}