{"id":62568,"date":"2025-12-17T12:21:40","date_gmt":"2025-12-17T15:21:40","guid":{"rendered":"https:\/\/radiorevelacionfm.cl\/?p=62568"},"modified":"2025-12-17T12:21:40","modified_gmt":"2025-12-17T15:21:40","slug":"publican-tres-licitaciones-para-mejorar-caminos-en-la-region-de-aysen","status":"publish","type":"post","link":"https:\/\/radiorevelacionfm.cl\/?p=62568","title":{"rendered":"Publican tres licitaciones para mejorar caminos en la regi\u00f3n de Ays\u00e9n"},"content":{"rendered":"<div class=\"flex_column av_one_full  flex_column_div av-zero-column-padding first  avia-builder-el-0  el_before_av_one_full  avia-builder-el-first  \" style='border-radius:0px; '><div  class='avia-image-container  av-styling-    avia-builder-el-1  avia-builder-el-no-sibling  avia-align-center '  itemprop=\"image\" itemscope=\"itemscope\" itemtype=\"https:\/\/schema.org\/ImageObject\"  ><div class='avia-image-container-inner'><div class='avia-image-overlay-wrap'><img decoding=\"async\" class='wp-image-62569 avia-img-lazy-loading-not-62569 avia_image' src=\"https:\/\/radiorevelacionfm.cl\/wp-content\/uploads\/2025\/12\/seremi-mop-1_optimized.jpg\" alt='' title='seremi-mop-(1)_optimized' height=\"600\" width=\"1067\"  itemprop=\"thumbnailUrl\" srcset=\"https:\/\/radiorevelacionfm.cl\/wp-content\/uploads\/2025\/12\/seremi-mop-1_optimized.jpg 1067w, https:\/\/radiorevelacionfm.cl\/wp-content\/uploads\/2025\/12\/seremi-mop-1_optimized-300x169.jpg 300w, https:\/\/radiorevelacionfm.cl\/wp-content\/uploads\/2025\/12\/seremi-mop-1_optimized-1030x579.jpg 1030w, https:\/\/radiorevelacionfm.cl\/wp-content\/uploads\/2025\/12\/seremi-mop-1_optimized-768x432.jpg 768w, https:\/\/radiorevelacionfm.cl\/wp-content\/uploads\/2025\/12\/seremi-mop-1_optimized-705x396.jpg 705w, https:\/\/radiorevelacionfm.cl\/wp-content\/uploads\/2025\/12\/seremi-mop-1_optimized-450x253.jpg 450w, https:\/\/radiorevelacionfm.cl\/wp-content\/uploads\/2025\/12\/seremi-mop-1_optimized-600x337.jpg 600w\" sizes=\"(max-width: 1067px) 100vw, 1067px\" \/><\/div><\/div><\/div><\/div><div class=\"flex_column av_one_full  flex_column_div av-zero-column-padding first  avia-builder-el-2  el_after_av_one_full  el_before_av_one_full  column-top-margin\" style='border-radius:0px; '><section class=\"av_textblock_section \"  itemscope=\"itemscope\" itemtype=\"https:\/\/schema.org\/BlogPosting\" itemprop=\"blogPost\" ><div class='avia_textblock  '   itemprop=\"text\" ><p style=\"text-align: center;\"><strong><span style=\"font-size: 18pt;\">Publican tres licitaciones para mejorar caminos en la regi\u00f3n de Ays\u00e9n<\/span><\/strong><\/p>\n<div id=\"gtx-trans\" style=\"position: absolute; left: -50px; top: 4.31534px;\">\n<div class=\"gtx-trans-icon\"><\/div>\n<\/div>\n<\/div><\/section><\/div><div class=\"flex_column av_one_full  flex_column_div av-zero-column-padding first  avia-builder-el-4  el_after_av_one_full  el_before_av_hr  column-top-margin\" style='border-radius:0px; '><section class=\"av_textblock_section \"  itemscope=\"itemscope\" itemtype=\"https:\/\/schema.org\/BlogPosting\" itemprop=\"blogPost\" ><div class='avia_textblock  '   itemprop=\"text\" ><ul>\n<li style=\"text-align: justify;\"><strong><em>Licitaciones consisten en la conservaci\u00f3n del tramo Recta Foitzick-La Chilenita y el tramo Pasarela Exploradores &#8211; Muelle Bah\u00eda Exploradores; y la pavimentaci\u00f3n del sector camino X-618 puente Osses &#8211; R\u00edo Claro.<\/em><\/strong><\/li>\n<\/ul>\n<p style=\"text-align: justify;\">Gracias al financiamiento del Gobierno Regional de Ays\u00e9n, la Secretaria Regional Ministerial de Obras P\u00fablicas, Paloma Jara Vald\u00e9s junto al director regional de Vialidad del MOP Renzo Sanders Cort\u00e9s, anunciaron hoy la publicaci\u00f3n de tres licitaciones para conservar y pavimentar caminos en los sectores de R\u00edo Tranquilo y alrededores de Coyhaique, obras que son clave para impulsar el desarrollo y productividad en la zona, as\u00ed como tambi\u00e9n contribuir\u00e1n a optimizar las condiciones de transitabilidad y conectividad de los pobladores.<\/p>\n<p style=\"text-align: justify;\">\u201cComo Ministerio de Obras P\u00fablicas agradecemos la confianza que el Gobierno Regional de Ays\u00e9n nos ha entregado para concretar estos proyectos, los que hoy ya se encuentran avanzados y en su proceso de licitaci\u00f3n. Estas obras son muy requeridas por las y los vecinos de estos lugares ya que son tres proyectos claves de mejoramiento\u201d, se\u00f1al\u00f3 Paloma Jara<\/p>\n<p style=\"text-align: justify;\">El Gobernador Regional de Ays\u00e9n, Marcelo Santana Vargas, destac\u00f3 el compromiso de su administraci\u00f3n con potenciar la conectividad en la regi\u00f3n: \u201cDesde que asumimos, nos comprometimos a avanzar en conectividad regional y hemos estado haciendo alianzas estrat\u00e9gicas con el Ministerio de Obras P\u00fablicas, que nos permitan avanzar m\u00e1s r\u00e1pido en esta conectividad tan necesaria. Por eso quer\u00eda informarles que ya est\u00e1 en proceso de licitaci\u00f3n tres obras importantes que no s\u00f3lo generar\u00e1n mejor conectividad, sino que ayudar\u00e1n mucho a la generaci\u00f3n de empleo y reactivaci\u00f3n econ\u00f3mica. Son tres obras 100% recursos regionales que van a permitir mejorar la conectividad, que es un compromiso de nuestro Gobierno Regional\u201d.<\/p>\n<p style=\"text-align: justify;\">Con relaci\u00f3n a los proyectos, Renzo Sanders detall\u00f3 algunos aspectos t\u00e9cnicos, indicando al respecto que en el camino R\u00edo Tranquilo-Bah\u00eda Exploradores, tramo Pasarela Exploradores-Muelle Bah\u00eda Exploradores se est\u00e1 licitando la conservaci\u00f3n de este camino con reperfilado simple para posteriormente realizar recebo de capa de rodadura granular y otras operaciones como terraplenes, construcci\u00f3n de fosos, construcci\u00f3n y limpieza de alcantarillas, obras de seguridad vial y limpieza de la faja; contempla tambi\u00e9n la conservaci\u00f3n de la superestructura del puente El Toro (23 metros de longitud), que consiste en la conservaci\u00f3n del tablero de rodado y el reforzamiento de las fundaciones. El presupuesto FNDR estimado para la ejecuci\u00f3n de estas obras es cercano a los $880 millones.<\/p>\n<p style=\"text-align: justify;\">En tanto, agreg\u00f3 Sanders, en el camino X-614, pasarela Pinuer\u2013puente Osses; y el tramo camino X-618 puente Osses-R\u00edo Claro ubicados en la comuna de Coyhaique, el presupuesto FNDR estimado para estos trabajos alcanza los $ 4.350 millones, con los que se efectuar\u00e1 el mejoramiento y la pavimentaci\u00f3n del camino X-614 junto con todos los proyectos de especialidades asociados al estudio, como son: saneamiento, seguridad vial, expropiaciones, modificaci\u00f3n de servicios y tambi\u00e9n considera la ejecuci\u00f3n de obras en la intersecci\u00f3n con el camino X-618 hasta 320 metros.<\/p>\n<p style=\"text-align: justify;\">A los otros dos proyectos anteriores, se suma la conservaci\u00f3n con recapado asf\u00e1ltico de la Ruta 7 en el tramo Recta Foitzick \u2013 La Chilenita, en la comuna de Coyhaique. Con un presupuesto FNDR estimado de $4.782 millones, en este lugar antes de realizar el recapado se efectuar\u00e1 la preparaci\u00f3n de la superficie con el retiro del pavimento, para luego proceder a la imprimaci\u00f3n de la base granular existente y su posterior pavimentaci\u00f3n. Adem\u00e1s, se considera instalar tambi\u00e9n un tramo de pavimento de espesor optimizado en el sector Laguna Foitzick.<\/p>\n<p style=\"text-align: justify;\">El Consejero Regional por la provincia de Coyhaique, Benjam\u00edn Infante valor\u00f3 los esfuerzos conjuntos \u2013Gobierno Regional y el MOP- y destac\u00f3 la importancia de estas licitaciones para el sector productivo, las que servir\u00e1n de apoyo para\u00a0 desarrollar mejor la provincia.<\/p>\n<p style=\"text-align: justify;\">\u201cQuisiera valorar el esfuerzo del Ministerio de Obras P\u00fablicas persistente, donde ahora se ha sumado tambi\u00e9n el financiamiento del Gobierno Regional para poder elevar los est\u00e1ndares de nuestros caminos y carretera en la Regi\u00f3n de Ays\u00e9n, particularmente con estas tres nuevas licitaciones para poder desarrollar mejor nuestra provincia, entendiendo que un camino y una carretera pavimentada es finalmente una v\u00eda de acceso tambi\u00e9n para el desarrollo, para la producci\u00f3n, para que nuestro emprendimiento pueda llegar a destino. As\u00ed que es sin duda una condici\u00f3n habilitante del desarrollo econ\u00f3mico de Ays\u00e9n. Valorar estos proyectos de conservaci\u00f3n de Tranquilo- Exploradores y el de pavimentaci\u00f3n de R\u00edo Claro, dado que con esos proyectos de conservaci\u00f3n van a mejorar los est\u00e1ndares de nuestros caminos que conectan con sectores que tambi\u00e9n son productivos y son importantes para el desarrollo econ\u00f3mico regional. Exploradores para efectos del turismo Tranquilo Igual y R\u00edo Claro para la producci\u00f3n agr\u00edcola, en las inmediaciones de Coyhaique\u201d.<\/p>\n<p style=\"text-align: justify;\">En tanto que el Consejero Regional, Pablo Guglielmi, enfatiz\u00f3 la gran inversi\u00f3n del Gobierno Regional en conectividad: \u201cEstamos contentos por esta informaci\u00f3n que levanta el Ministerio de Obras P\u00fablicas, en donde nosotros, como Consejo Regional y Gobierno Regional, hemos aportado un porcentaje importante de presupuesto para ir avanzando en lo que es nuestra conectividad y el mejoramiento de las rutas y accesos a nuestra Regi\u00f3n de Ays\u00e9n y a nuestra capital regional Coyhaique. Contentos por la inversi\u00f3n, que se va a realizar en el sector de Recta Foitzick en la Ruta 7 para mejorar este tramo completo, que hace bastantes a\u00f1os necesitaba una intervenci\u00f3n y hoy d\u00eda se va a hacer efectivo, gracias a esta licitaci\u00f3n que levanta el Ministerio de Obras P\u00fablicas. Adem\u00e1s, en el sector puente Osses, en la ruta de R\u00edo Claro, tambi\u00e9n con pavimentaci\u00f3n y mejoramiento de los sectores y accesos que, adem\u00e1s, nos favorecen en lo tur\u00edstico y hacen que seamos a\u00fan m\u00e1s una regi\u00f3n con mejores accesos y mejores posibilidades para desarrollar el comercio, el turismo en la Regi\u00f3n de Ays\u00e9n\u201d.<\/p>\n<\/div><\/section><\/div><div  style='height:50px' class='hr hr-invisible   avia-builder-el-6  el_after_av_one_full  el_before_av_social_share '><span class='hr-inner ' ><span class='hr-inner-style'><\/span><\/span><\/div><\/p>\n<div  class='av-social-sharing-box  avia-builder-el-7  el_after_av_hr  el_before_av_hr  '><div class='av-share-box'><h5 class='av-share-link-description av-no-toc '>Compartir esta noticia<\/h5><ul class='av-share-box-list noLightbox'><li class='av-share-link av-social-link-facebook' ><a target=\"_blank\" aria-label=\"Compartir en Facebook\" href='https:\/\/www.facebook.com\/sharer.php?u=https:\/\/radiorevelacionfm.cl\/?p=62568&#038;t=Publican%20tres%20licitaciones%20para%20mejorar%20caminos%20en%20la%20regi%C3%B3n%20de%20Ays%C3%A9n' aria-hidden='false' data-av_icon='\ue8f3' data-av_iconfont='entypo-fontello' title='' data-avia-related-tooltip='Compartir en Facebook' rel=\"noopener\"><span class='avia_hidden_link_text'>Compartir en Facebook<\/span><\/a><\/li><li class='av-share-link av-social-link-twitter' ><a target=\"_blank\" aria-label=\"Compartir en Twitter\" href='https:\/\/twitter.com\/share?text=Publican%20tres%20licitaciones%20para%20mejorar%20caminos%20en%20la%20regi%C3%B3n%20de%20Ays%C3%A9n&#038;url=https:\/\/radiorevelacionfm.cl\/?p=62568' aria-hidden='false' data-av_icon='\ue8f1' data-av_iconfont='entypo-fontello' title='' data-avia-related-tooltip='Compartir en Twitter' rel=\"noopener\"><span class='avia_hidden_link_text'>Compartir en Twitter<\/span><\/a><\/li><li class='av-share-link av-social-link-whatsapp' ><a target=\"_blank\" aria-label=\"Compartir en Whatsapp\" href='https:\/\/api.whatsapp.com\/send?text=https:\/\/radiorevelacionfm.cl\/?p=62568' aria-hidden='false' data-av_icon='\uf232' data-av_iconfont='entypo-fontello' title='' data-avia-related-tooltip='Compartir en Whatsapp' rel=\"noopener\"><span class='avia_hidden_link_text'>Compartir en Whatsapp<\/span><\/a><\/li><li class='av-share-link av-social-link-linkedin' ><a target=\"_blank\" aria-label=\"Compartir en LinkedIn\" href='https:\/\/linkedin.com\/shareArticle?mini=true&#038;title=Publican%20tres%20licitaciones%20para%20mejorar%20caminos%20en%20la%20regi%C3%B3n%20de%20Ays%C3%A9n&#038;url=https:\/\/radiorevelacionfm.cl\/?p=62568' aria-hidden='false' data-av_icon='\ue8fc' data-av_iconfont='entypo-fontello' title='' data-avia-related-tooltip='Compartir en LinkedIn' rel=\"noopener\"><span class='avia_hidden_link_text'>Compartir en LinkedIn<\/span><\/a><\/li><li class='av-share-link av-social-link-mail' ><a  aria-label=\"Compartir por correo\" href='mailto:?subject=Publican%20tres%20licitaciones%20para%20mejorar%20caminos%20en%20la%20regi%C3%B3n%20de%20Ays%C3%A9n&#038;body=https:\/\/radiorevelacionfm.cl\/?p=62568' aria-hidden='false' data-av_icon='\ue805' data-av_iconfont='entypo-fontello' title='' data-avia-related-tooltip='Compartir por correo'><span class='avia_hidden_link_text'>Compartir por correo<\/span><\/a><\/li><\/ul><\/div><\/div>\n<div  style='height:50px' class='hr hr-invisible   avia-builder-el-8  el_after_av_social_share  el_before_av_comments_list '><span class='hr-inner ' ><span class='hr-inner-style'><\/span><\/span><\/div>\n<div  class='av-buildercomment  av-blog-meta-html-info-disabled av-blog-meta-tag-disabled  '><\/div>\n","protected":false},"excerpt":{"rendered":"","protected":false},"author":1,"featured_media":62569,"comment_status":"closed","ping_status":"closed","sticky":false,"template":"","format":"standard","meta":{"footnotes":""},"categories":[38],"tags":[],"class_list":["post-62568","post","type-post","status-publish","format-standard","has-post-thumbnail","hentry","category-regional"],"jetpack_featured_media_url":"https:\/\/radiorevelacionfm.cl\/wp-content\/uploads\/2025\/12\/seremi-mop-1_optimized.jpg","_links":{"self":[{"href":"https:\/\/radiorevelacionfm.cl\/index.php?rest_route=\/wp\/v2\/posts\/62568","targetHints":{"allow":["GET"]}}],"collection":[{"href":"https:\/\/radiorevelacionfm.cl\/index.php?rest_route=\/wp\/v2\/posts"}],"about":[{"href":"https:\/\/radiorevelacionfm.cl\/index.php?rest_route=\/wp\/v2\/types\/post"}],"author":[{"embeddable":true,"href":"https:\/\/radiorevelacionfm.cl\/index.php?rest_route=\/wp\/v2\/users\/1"}],"replies":[{"embeddable":true,"href":"https:\/\/radiorevelacionfm.cl\/index.php?rest_route=%2Fwp%2Fv2%2Fcomments&post=62568"}],"version-history":[{"count":2,"href":"https:\/\/radiorevelacionfm.cl\/index.php?rest_route=\/wp\/v2\/posts\/62568\/revisions"}],"predecessor-version":[{"id":62571,"href":"https:\/\/radiorevelacionfm.cl\/index.php?rest_route=\/wp\/v2\/posts\/62568\/revisions\/62571"}],"wp:featuredmedia":[{"embeddable":true,"href":"https:\/\/radiorevelacionfm.cl\/index.php?rest_route=\/wp\/v2\/media\/62569"}],"wp:attachment":[{"href":"https:\/\/radiorevelacionfm.cl\/index.php?rest_route=%2Fwp%2Fv2%2Fmedia&parent=62568"}],"wp:term":[{"taxonomy":"category","embeddable":true,"href":"https:\/\/radiorevelacionfm.cl\/index.php?rest_route=%2Fwp%2Fv2%2Fcategories&post=62568"},{"taxonomy":"post_tag","embeddable":true,"href":"https:\/\/radiorevelacionfm.cl\/index.php?rest_route=%2Fwp%2Fv2%2Ftags&post=62568"}],"curies":[{"name":"wp","href":"https:\/\/api.w.org\/{rel}","templated":true}]}}