{"id":62563,"date":"2025-12-19T10:58:40","date_gmt":"2025-12-19T13:58:40","guid":{"rendered":"https:\/\/radiorevelacionfm.cl\/?p=62563"},"modified":"2025-12-19T10:58:40","modified_gmt":"2025-12-19T13:58:40","slug":"comision-de-economia-aprueba-proyecto-de-ley-de-ferias-libres","status":"publish","type":"post","link":"https:\/\/radiorevelacionfm.cl\/?p=62563","title":{"rendered":"Comisi\u00f3n de Econom\u00eda aprueba Proyecto de ley de Ferias Libres"},"content":{"rendered":"<div class=\"flex_column av_one_full  flex_column_div av-zero-column-padding first  avia-builder-el-0  el_before_av_one_full  avia-builder-el-first  \" style='border-radius:0px; '><div  class='avia-image-container  av-styling-    avia-builder-el-1  avia-builder-el-no-sibling  avia-align-center '  itemprop=\"image\" itemscope=\"itemscope\" itemtype=\"https:\/\/schema.org\/ImageObject\"  ><div class='avia-image-container-inner'><div class='avia-image-overlay-wrap'><img decoding=\"async\" class='wp-image-62564 avia-img-lazy-loading-not-62564 avia_image' src=\"https:\/\/radiorevelacionfm.cl\/wp-content\/uploads\/2025\/12\/ferias-2-1-1_optimized.jpg\" alt='' title='ferias-(2)-(1)-(1)_optimized' height=\"600\" width=\"900\"  itemprop=\"thumbnailUrl\" srcset=\"https:\/\/radiorevelacionfm.cl\/wp-content\/uploads\/2025\/12\/ferias-2-1-1_optimized.jpg 900w, https:\/\/radiorevelacionfm.cl\/wp-content\/uploads\/2025\/12\/ferias-2-1-1_optimized-300x200.jpg 300w, https:\/\/radiorevelacionfm.cl\/wp-content\/uploads\/2025\/12\/ferias-2-1-1_optimized-768x512.jpg 768w, https:\/\/radiorevelacionfm.cl\/wp-content\/uploads\/2025\/12\/ferias-2-1-1_optimized-705x470.jpg 705w, https:\/\/radiorevelacionfm.cl\/wp-content\/uploads\/2025\/12\/ferias-2-1-1_optimized-450x300.jpg 450w, https:\/\/radiorevelacionfm.cl\/wp-content\/uploads\/2025\/12\/ferias-2-1-1_optimized-600x400.jpg 600w\" sizes=\"(max-width: 900px) 100vw, 900px\" \/><\/div><\/div><\/div><\/div><div class=\"flex_column av_one_full  flex_column_div av-zero-column-padding first  avia-builder-el-2  el_after_av_one_full  el_before_av_one_full  column-top-margin\" style='border-radius:0px; '><section class=\"av_textblock_section \"  itemscope=\"itemscope\" itemtype=\"https:\/\/schema.org\/BlogPosting\" itemprop=\"blogPost\" ><div class='avia_textblock  '   itemprop=\"text\" ><p style=\"text-align: center;\"><strong><span style=\"font-size: 18pt;\">Comisi\u00f3n de Econom\u00eda aprueba Proyecto de ley de Ferias Libres<\/span><\/strong><\/p>\n<div id=\"gtx-trans\" style=\"position: absolute; left: -50px; top: 4.31534px;\">\n<div class=\"gtx-trans-icon\"><\/div>\n<\/div>\n<\/div><\/section><\/div><div class=\"flex_column av_one_full  flex_column_div av-zero-column-padding first  avia-builder-el-4  el_after_av_one_full  el_before_av_hr  column-top-margin\" style='border-radius:0px; '><section class=\"av_textblock_section \"  itemscope=\"itemscope\" itemtype=\"https:\/\/schema.org\/BlogPosting\" itemprop=\"blogPost\" ><div class='avia_textblock  '   itemprop=\"text\" ><p style=\"text-align: justify;\"><em>La iniciativa fue aprobada en particular y despachada a la Comisi\u00f3n de Hacienda para la revisi\u00f3n de aspectos puntuales.<\/em><\/p>\n<p style=\"text-align: justify;\">El proyecto busca reconocer y fortalecer a las ferias libres, identific\u00e1ndolas como un pilar de la alimentaci\u00f3n y desarrollo social.<\/p>\n<p style=\"text-align: justify;\">En la comisi\u00f3n de Econom\u00eda del Senado fue aprobado en particular, el proyecto de ley de Fortalecimiento de Ferias Libres que reconoce y fortalece estos espacios identific\u00e1ndolos como un pilar de alimentaci\u00f3n y desarrollo local, clave en la econom\u00eda popular y en el abastecimiento de alimentos, generando un marco jur\u00eddico integral.<\/p>\n<p style=\"text-align: justify;\">El texto nace desde un compromiso de gobierno y fue construido con la Confederaci\u00f3n Gremial Nacional de Organizaciones de Ferias Libres (ASOF C.G.), la Federaci\u00f3n Nacional de Sindicatos de Trabajadores Independientes de Ferias Libres, Persas y Anexos (FETRACOM) y la Coordinadora de Ferias Libres. El proyecto que ya fue aprobado por la C\u00e1mara de Diputados debe ser analizado por la comisi\u00f3n de Hacienda del Senado (en dos art\u00edculos) para que, posteriormente, sea votado en la Sala del Senado culminando con el segundo tr\u00e1mite legislativo.<\/p>\n<p style=\"text-align: justify;\">El biministro de Econom\u00eda, Fomento y Turismo, y de Energ\u00eda, \u00c1lvaro Garc\u00eda, destac\u00f3 el avance de la iniciativa se\u00f1alando que \u201cuna legislaci\u00f3n de este tipo es clave para ofrecer mejores garant\u00edas laborales a las y los trabajadores de las ferias libres, y al mismo tiempo se mejoran las oportunidades de acceso de la ciudadan\u00eda a una buena alimentaci\u00f3n con productos que son m\u00e1s frescos y saludables\u201d.<\/p>\n<p style=\"text-align: justify;\">La iniciativa presenta, dentro de sus principales contenidos, el establecer una definici\u00f3n formal de Ferias Libres que reconozca a quienes participan en ellas, as\u00ed como asegurar la representaci\u00f3n de las ferias a trav\u00e9s de una Asamblea General y un Comit\u00e9 de Representaci\u00f3n.<\/p>\n<p style=\"text-align: justify;\">Por otro lado, el proyecto formaliza la relaci\u00f3n entre ferias y municipios, promoviendo una gesti\u00f3n eficiente de los municipios en esta materia y una mejor regulaci\u00f3n local, al tiempo que defiende los intereses de los vecinos al incorporar procedimientos transparentes y participativos para la creaci\u00f3n de nuevas ferias.<\/p>\n<p style=\"text-align: justify;\">La subsecretaria de Econom\u00eda y Empresas de Menor Tama\u00f1o, Javiera Petersen, indic\u00f3 que \u00abeste proyecto avanza de forma sustantiva en el reconocimiento jur\u00eddico de las ferias libres en la econom\u00eda del pa\u00eds, protegiendo y visibilizando el rol esencial que cumplen abasteciendo a la poblaci\u00f3n de alimentos de buena calidad y a buen precio.\u00bb<\/p>\n<p style=\"text-align: justify;\">Entre los cambios acordados este martes, se agreg\u00f3 una disposici\u00f3n que permite a los municipios, en coordinaci\u00f3n con las ferias libres y sus organizaciones, implementar medidas para prevenir el desperdicio de alimentos, reducir la generaci\u00f3n de residuos y fomentar el reciclaje, la reutilizaci\u00f3n o la valorizaci\u00f3n de subproductos.<\/p>\n<\/div><\/section><\/div><div  style='height:50px' class='hr hr-invisible   avia-builder-el-6  el_after_av_one_full  el_before_av_social_share '><span class='hr-inner ' ><span class='hr-inner-style'><\/span><\/span><\/div><\/p>\n<div  class='av-social-sharing-box  avia-builder-el-7  el_after_av_hr  el_before_av_hr  '><div class='av-share-box'><h5 class='av-share-link-description av-no-toc '>Compartir esta noticia<\/h5><ul class='av-share-box-list noLightbox'><li class='av-share-link av-social-link-facebook' ><a target=\"_blank\" aria-label=\"Compartir en Facebook\" href='https:\/\/www.facebook.com\/sharer.php?u=https:\/\/radiorevelacionfm.cl\/?p=62563&#038;t=Comisi%C3%B3n%20de%20Econom%C3%ADa%20aprueba%20Proyecto%20de%20ley%20de%20Ferias%20Libres' aria-hidden='false' data-av_icon='\ue8f3' data-av_iconfont='entypo-fontello' title='' data-avia-related-tooltip='Compartir en Facebook' rel=\"noopener\"><span class='avia_hidden_link_text'>Compartir en Facebook<\/span><\/a><\/li><li class='av-share-link av-social-link-twitter' ><a target=\"_blank\" aria-label=\"Compartir en Twitter\" href='https:\/\/twitter.com\/share?text=Comisi%C3%B3n%20de%20Econom%C3%ADa%20aprueba%20Proyecto%20de%20ley%20de%20Ferias%20Libres&#038;url=https:\/\/radiorevelacionfm.cl\/?p=62563' aria-hidden='false' data-av_icon='\ue8f1' data-av_iconfont='entypo-fontello' title='' data-avia-related-tooltip='Compartir en Twitter' rel=\"noopener\"><span class='avia_hidden_link_text'>Compartir en Twitter<\/span><\/a><\/li><li class='av-share-link av-social-link-whatsapp' ><a target=\"_blank\" aria-label=\"Compartir en Whatsapp\" href='https:\/\/api.whatsapp.com\/send?text=https:\/\/radiorevelacionfm.cl\/?p=62563' aria-hidden='false' data-av_icon='\uf232' data-av_iconfont='entypo-fontello' title='' data-avia-related-tooltip='Compartir en Whatsapp' rel=\"noopener\"><span class='avia_hidden_link_text'>Compartir en Whatsapp<\/span><\/a><\/li><li class='av-share-link av-social-link-linkedin' ><a target=\"_blank\" aria-label=\"Compartir en LinkedIn\" href='https:\/\/linkedin.com\/shareArticle?mini=true&#038;title=Comisi%C3%B3n%20de%20Econom%C3%ADa%20aprueba%20Proyecto%20de%20ley%20de%20Ferias%20Libres&#038;url=https:\/\/radiorevelacionfm.cl\/?p=62563' aria-hidden='false' data-av_icon='\ue8fc' data-av_iconfont='entypo-fontello' title='' data-avia-related-tooltip='Compartir en LinkedIn' rel=\"noopener\"><span class='avia_hidden_link_text'>Compartir en LinkedIn<\/span><\/a><\/li><li class='av-share-link av-social-link-mail' ><a  aria-label=\"Compartir por correo\" href='mailto:?subject=Comisi%C3%B3n%20de%20Econom%C3%ADa%20aprueba%20Proyecto%20de%20ley%20de%20Ferias%20Libres&#038;body=https:\/\/radiorevelacionfm.cl\/?p=62563' aria-hidden='false' data-av_icon='\ue805' data-av_iconfont='entypo-fontello' title='' data-avia-related-tooltip='Compartir por correo'><span class='avia_hidden_link_text'>Compartir por correo<\/span><\/a><\/li><\/ul><\/div><\/div>\n<div  style='height:50px' class='hr hr-invisible   avia-builder-el-8  el_after_av_social_share  el_before_av_comments_list '><span class='hr-inner ' ><span class='hr-inner-style'><\/span><\/span><\/div>\n<div  class='av-buildercomment  av-blog-meta-html-info-disabled av-blog-meta-tag-disabled  '><\/div>\n","protected":false},"excerpt":{"rendered":"","protected":false},"author":1,"featured_media":62564,"comment_status":"closed","ping_status":"closed","sticky":false,"template":"","format":"standard","meta":{"footnotes":""},"categories":[61],"tags":[],"class_list":["post-62563","post","type-post","status-publish","format-standard","has-post-thumbnail","hentry","category-nacional"],"jetpack_featured_media_url":"https:\/\/radiorevelacionfm.cl\/wp-content\/uploads\/2025\/12\/ferias-2-1-1_optimized.jpg","_links":{"self":[{"href":"https:\/\/radiorevelacionfm.cl\/index.php?rest_route=\/wp\/v2\/posts\/62563","targetHints":{"allow":["GET"]}}],"collection":[{"href":"https:\/\/radiorevelacionfm.cl\/index.php?rest_route=\/wp\/v2\/posts"}],"about":[{"href":"https:\/\/radiorevelacionfm.cl\/index.php?rest_route=\/wp\/v2\/types\/post"}],"author":[{"embeddable":true,"href":"https:\/\/radiorevelacionfm.cl\/index.php?rest_route=\/wp\/v2\/users\/1"}],"replies":[{"embeddable":true,"href":"https:\/\/radiorevelacionfm.cl\/index.php?rest_route=%2Fwp%2Fv2%2Fcomments&post=62563"}],"version-history":[{"count":2,"href":"https:\/\/radiorevelacionfm.cl\/index.php?rest_route=\/wp\/v2\/posts\/62563\/revisions"}],"predecessor-version":[{"id":62667,"href":"https:\/\/radiorevelacionfm.cl\/index.php?rest_route=\/wp\/v2\/posts\/62563\/revisions\/62667"}],"wp:featuredmedia":[{"embeddable":true,"href":"https:\/\/radiorevelacionfm.cl\/index.php?rest_route=\/wp\/v2\/media\/62564"}],"wp:attachment":[{"href":"https:\/\/radiorevelacionfm.cl\/index.php?rest_route=%2Fwp%2Fv2%2Fmedia&parent=62563"}],"wp:term":[{"taxonomy":"category","embeddable":true,"href":"https:\/\/radiorevelacionfm.cl\/index.php?rest_route=%2Fwp%2Fv2%2Fcategories&post=62563"},{"taxonomy":"post_tag","embeddable":true,"href":"https:\/\/radiorevelacionfm.cl\/index.php?rest_route=%2Fwp%2Fv2%2Ftags&post=62563"}],"curies":[{"name":"wp","href":"https:\/\/api.w.org\/{rel}","templated":true}]}}