{"id":62560,"date":"2025-12-17T12:01:47","date_gmt":"2025-12-17T15:01:47","guid":{"rendered":"https:\/\/radiorevelacionfm.cl\/?p=62560"},"modified":"2025-12-17T12:01:47","modified_gmt":"2025-12-17T15:01:47","slug":"en-puerto-cisnes-seremi-de-seguridad-publica-promueve-uso-de-fono-denuncia-seguro-4242","status":"publish","type":"post","link":"https:\/\/radiorevelacionfm.cl\/?p=62560","title":{"rendered":"En Puerto Cisnes Seremi de Seguridad P\u00fablica promueve uso de fono Denuncia Seguro *4242"},"content":{"rendered":"<div class=\"flex_column av_one_full  flex_column_div av-zero-column-padding first  avia-builder-el-0  el_before_av_one_full  avia-builder-el-first  \" style='border-radius:0px; '><div  class='avia-image-container  av-styling-    avia-builder-el-1  avia-builder-el-no-sibling  avia-align-center '  itemprop=\"image\" itemscope=\"itemscope\" itemtype=\"https:\/\/schema.org\/ImageObject\"  ><div class='avia-image-container-inner'><div class='avia-image-overlay-wrap'><img decoding=\"async\" class='wp-image-62561 avia-img-lazy-loading-not-62561 avia_image' src=\"https:\/\/radiorevelacionfm.cl\/wp-content\/uploads\/2025\/12\/img_9641-1_optimized.jpg\" alt='' title='img_9641-(1)_optimized' height=\"600\" width=\"800\"  itemprop=\"thumbnailUrl\" srcset=\"https:\/\/radiorevelacionfm.cl\/wp-content\/uploads\/2025\/12\/img_9641-1_optimized.jpg 800w, https:\/\/radiorevelacionfm.cl\/wp-content\/uploads\/2025\/12\/img_9641-1_optimized-300x225.jpg 300w, https:\/\/radiorevelacionfm.cl\/wp-content\/uploads\/2025\/12\/img_9641-1_optimized-768x576.jpg 768w, https:\/\/radiorevelacionfm.cl\/wp-content\/uploads\/2025\/12\/img_9641-1_optimized-705x529.jpg 705w, https:\/\/radiorevelacionfm.cl\/wp-content\/uploads\/2025\/12\/img_9641-1_optimized-450x338.jpg 450w, https:\/\/radiorevelacionfm.cl\/wp-content\/uploads\/2025\/12\/img_9641-1_optimized-600x450.jpg 600w\" sizes=\"(max-width: 800px) 100vw, 800px\" \/><\/div><\/div><\/div><\/div>\n<div class=\"flex_column av_one_full  flex_column_div av-zero-column-padding first  avia-builder-el-2  el_after_av_one_full  el_before_av_one_full  column-top-margin\" style='border-radius:0px; '><section class=\"av_textblock_section \"  itemscope=\"itemscope\" itemtype=\"https:\/\/schema.org\/BlogPosting\" itemprop=\"blogPost\" ><div class='avia_textblock  '   itemprop=\"text\" ><p style=\"text-align: center;\"><strong><span style=\"font-size: 18pt;\">En Puerto Cisnes Seremi de Seguridad P\u00fablica promueve uso de fono Denuncia Seguro *4242<\/span><\/strong><\/p>\n<div id=\"gtx-trans\" style=\"position: absolute; left: -50px; top: 4.31534px;\">\n<div class=\"gtx-trans-icon\"><\/div>\n<\/div>\n<\/div><\/section><\/div><div class=\"flex_column av_one_full  flex_column_div av-zero-column-padding first  avia-builder-el-4  el_after_av_one_full  el_before_av_hr  column-top-margin\" style='border-radius:0px; '><section class=\"av_textblock_section \"  itemscope=\"itemscope\" itemtype=\"https:\/\/schema.org\/BlogPosting\" itemprop=\"blogPost\" ><div class='avia_textblock  '   itemprop=\"text\" ><p style=\"text-align: justify;\">Un llamado a realizar denuncias de forma segura, gratuita y an\u00f3nima, ya sea por tel\u00e9fono o Internet para entregar informaci\u00f3n relevante sobre lugares y personas involucradas en hechos delictivos, realiz\u00f3 la seremi de Seguridad P\u00fablica, Ruth Vallejos Cuiti\u00f1o, en el marco de un conjunto de actividades de difusi\u00f3n del n\u00famero telef\u00f3nico *4242 durante el per\u00edodo estival.<\/p>\n<p style=\"text-align: justify;\">En esta l\u00ednea telef\u00f3nica es posible advertir delitos como tr\u00e1fico y microtr\u00e1fico de drogas; robo y receptaci\u00f3n de especies; trata de personas y tr\u00e1fico de inmigrantes; y delitos sexuales contra menores, entre otros. Esta informaci\u00f3n ser\u00e1 evaluada por un equipo especializado y posteriormente, derivada al Ministerio P\u00fablico para que inicie o complemente una investigaci\u00f3n.<\/p>\n<p style=\"text-align: justify;\">\u201cTenemos que poner barreras para el tr\u00e1fico il\u00edcito de mercader\u00edas, de drogas y cualquier otro il\u00edcito que pudiera ocurrir. Por eso estamos marcando presencia y trabajando para llevar seguridad a todos los ayseninos y ayseninas\u201d, subray\u00f3 Ruth Vallejos.<\/p>\n<p style=\"text-align: justify;\">El Delegado Presidencial Regional, Jorge D\u00edaz Guzm\u00e1n, recalc\u00f3 que \u201cel Ministerio P\u00fablico contribuye de forma decidida a afianzar la seguridad y tranquilidad de la poblaci\u00f3n, lo que constituye una prioridad del gobierno del Presidente Gabriel Boric\u201d.<\/p>\n<p style=\"text-align: justify;\">Entre las actividades de difusi\u00f3n, se realizan charlas informativas con diferentes segmentos de la comunidad. Entre ellos, la agrupaci\u00f3n Antonio Ronchi de Puerto Cisnes, cuya dirigente Mar\u00eda Z\u00fa\u00f1iga, destac\u00f3 la instancia en la que expuso un equipo de la Polic\u00eda de Investigaciones (PDI) que alert\u00f3 acerca de las estafas telef\u00f3nicas.<\/p>\n<p style=\"text-align: justify;\">\u201cMe pareci\u00f3 excelente la charla que nos hicieron hoy d\u00eda, donde estuvo la PDI, la seremi de Seguridad P\u00fablica y encuentro que es algo muy interesante, para nuestra comunidad. Podr\u00eda destacar el tema de drogas, violencia intrafamiliar y un fono para hacer denuncias, encuentro que eso est\u00e1 s\u00faper bien\u201d, indic\u00f3 la dirigente.<\/p>\n<p style=\"text-align: justify;\">El programa Denuncia Seguro no solicita ning\u00fan antecedente personal. El sistema no registra ning\u00fan dato personal, ni el n\u00famero desde el cual se llama, ni se graban las conversaciones.<\/p>\n<p style=\"text-align: justify;\">Toda persona puede realizar una denuncia, entregando datos concretos para iniciar una investigaci\u00f3n, detenci\u00f3n o condena de un delincuente (como d\u00eda y horario, por ejemplo); lugar donde ocurri\u00f3 el delito (regi\u00f3n, comuna, intersecci\u00f3n de calles y, en lo posible, numeraci\u00f3n exacta); personas involucradas en los hechos (nombres, apodos, descripci\u00f3n f\u00edsica, entre otros antecedentes).<\/p>\n<p style=\"text-align: justify;\">Si la denuncia entrega informaci\u00f3n \u00fatil, se realizar\u00e1 un informe, se traspasar\u00e1 a las polic\u00edas y fiscal\u00edas del Ministerio P\u00fablico. Si se entrega informaci\u00f3n incompleta, los datos se archivar\u00e1n a la espera de nuevos antecedentes.<\/p>\n<\/div><\/section><\/div><\/p>\n<div  style='height:50px' class='hr hr-invisible   avia-builder-el-6  el_after_av_one_full  el_before_av_social_share '><span class='hr-inner ' ><span class='hr-inner-style'><\/span><\/span><\/div>\n<div  class='av-social-sharing-box  avia-builder-el-7  el_after_av_hr  el_before_av_hr  '><div class='av-share-box'><h5 class='av-share-link-description av-no-toc '>Compartir esta noticia<\/h5><ul class='av-share-box-list noLightbox'><li class='av-share-link av-social-link-facebook' ><a target=\"_blank\" aria-label=\"Compartir en Facebook\" href='https:\/\/www.facebook.com\/sharer.php?u=https:\/\/radiorevelacionfm.cl\/?p=62560&#038;t=En%20Puerto%20Cisnes%20Seremi%20de%20Seguridad%20P%C3%BAblica%20promueve%20uso%20de%20fono%20Denuncia%20Seguro%20%2A4242' aria-hidden='false' data-av_icon='\ue8f3' data-av_iconfont='entypo-fontello' title='' data-avia-related-tooltip='Compartir en Facebook' rel=\"noopener\"><span class='avia_hidden_link_text'>Compartir en Facebook<\/span><\/a><\/li><li class='av-share-link av-social-link-twitter' ><a target=\"_blank\" aria-label=\"Compartir en Twitter\" href='https:\/\/twitter.com\/share?text=En%20Puerto%20Cisnes%20Seremi%20de%20Seguridad%20P%C3%BAblica%20promueve%20uso%20de%20fono%20Denuncia%20Seguro%20%2A4242&#038;url=https:\/\/radiorevelacionfm.cl\/?p=62560' aria-hidden='false' data-av_icon='\ue8f1' data-av_iconfont='entypo-fontello' title='' data-avia-related-tooltip='Compartir en Twitter' rel=\"noopener\"><span class='avia_hidden_link_text'>Compartir en Twitter<\/span><\/a><\/li><li class='av-share-link av-social-link-whatsapp' ><a target=\"_blank\" aria-label=\"Compartir en Whatsapp\" href='https:\/\/api.whatsapp.com\/send?text=https:\/\/radiorevelacionfm.cl\/?p=62560' aria-hidden='false' data-av_icon='\uf232' data-av_iconfont='entypo-fontello' title='' data-avia-related-tooltip='Compartir en Whatsapp' rel=\"noopener\"><span class='avia_hidden_link_text'>Compartir en Whatsapp<\/span><\/a><\/li><li class='av-share-link av-social-link-linkedin' ><a target=\"_blank\" aria-label=\"Compartir en LinkedIn\" href='https:\/\/linkedin.com\/shareArticle?mini=true&#038;title=En%20Puerto%20Cisnes%20Seremi%20de%20Seguridad%20P%C3%BAblica%20promueve%20uso%20de%20fono%20Denuncia%20Seguro%20%2A4242&#038;url=https:\/\/radiorevelacionfm.cl\/?p=62560' aria-hidden='false' data-av_icon='\ue8fc' data-av_iconfont='entypo-fontello' title='' data-avia-related-tooltip='Compartir en LinkedIn' rel=\"noopener\"><span class='avia_hidden_link_text'>Compartir en LinkedIn<\/span><\/a><\/li><li class='av-share-link av-social-link-mail' ><a  aria-label=\"Compartir por correo\" href='mailto:?subject=En%20Puerto%20Cisnes%20Seremi%20de%20Seguridad%20P%C3%BAblica%20promueve%20uso%20de%20fono%20Denuncia%20Seguro%20%2A4242&#038;body=https:\/\/radiorevelacionfm.cl\/?p=62560' aria-hidden='false' data-av_icon='\ue805' data-av_iconfont='entypo-fontello' title='' data-avia-related-tooltip='Compartir por correo'><span class='avia_hidden_link_text'>Compartir por correo<\/span><\/a><\/li><\/ul><\/div><\/div>\n<div  style='height:50px' class='hr hr-invisible   avia-builder-el-8  el_after_av_social_share  el_before_av_comments_list '><span class='hr-inner ' ><span class='hr-inner-style'><\/span><\/span><\/div>\n<div  class='av-buildercomment  av-blog-meta-html-info-disabled av-blog-meta-tag-disabled  '><\/div>\n","protected":false},"excerpt":{"rendered":"","protected":false},"author":1,"featured_media":62561,"comment_status":"closed","ping_status":"closed","sticky":false,"template":"","format":"standard","meta":{"footnotes":""},"categories":[38],"tags":[],"class_list":["post-62560","post","type-post","status-publish","format-standard","has-post-thumbnail","hentry","category-regional"],"jetpack_featured_media_url":"https:\/\/radiorevelacionfm.cl\/wp-content\/uploads\/2025\/12\/img_9641-1_optimized.jpg","_links":{"self":[{"href":"https:\/\/radiorevelacionfm.cl\/index.php?rest_route=\/wp\/v2\/posts\/62560","targetHints":{"allow":["GET"]}}],"collection":[{"href":"https:\/\/radiorevelacionfm.cl\/index.php?rest_route=\/wp\/v2\/posts"}],"about":[{"href":"https:\/\/radiorevelacionfm.cl\/index.php?rest_route=\/wp\/v2\/types\/post"}],"author":[{"embeddable":true,"href":"https:\/\/radiorevelacionfm.cl\/index.php?rest_route=\/wp\/v2\/users\/1"}],"replies":[{"embeddable":true,"href":"https:\/\/radiorevelacionfm.cl\/index.php?rest_route=%2Fwp%2Fv2%2Fcomments&post=62560"}],"version-history":[{"count":3,"href":"https:\/\/radiorevelacionfm.cl\/index.php?rest_route=\/wp\/v2\/posts\/62560\/revisions"}],"predecessor-version":[{"id":62567,"href":"https:\/\/radiorevelacionfm.cl\/index.php?rest_route=\/wp\/v2\/posts\/62560\/revisions\/62567"}],"wp:featuredmedia":[{"embeddable":true,"href":"https:\/\/radiorevelacionfm.cl\/index.php?rest_route=\/wp\/v2\/media\/62561"}],"wp:attachment":[{"href":"https:\/\/radiorevelacionfm.cl\/index.php?rest_route=%2Fwp%2Fv2%2Fmedia&parent=62560"}],"wp:term":[{"taxonomy":"category","embeddable":true,"href":"https:\/\/radiorevelacionfm.cl\/index.php?rest_route=%2Fwp%2Fv2%2Fcategories&post=62560"},{"taxonomy":"post_tag","embeddable":true,"href":"https:\/\/radiorevelacionfm.cl\/index.php?rest_route=%2Fwp%2Fv2%2Ftags&post=62560"}],"curies":[{"name":"wp","href":"https:\/\/api.w.org\/{rel}","templated":true}]}}