{"id":62556,"date":"2025-12-17T10:37:41","date_gmt":"2025-12-17T13:37:41","guid":{"rendered":"https:\/\/radiorevelacionfm.cl\/?p=62556"},"modified":"2025-12-17T10:37:41","modified_gmt":"2025-12-17T13:37:41","slug":"estudiantes-participaron-en-visitas-guiadas-a-los-parques-nacionales-queulat-y-cerro-castillo","status":"publish","type":"post","link":"https:\/\/radiorevelacionfm.cl\/?p=62556","title":{"rendered":"Estudiantes participaron en visitas guiadas a los parques nacionales Queulat y Cerro Castillo"},"content":{"rendered":"<div class=\"flex_column av_one_full  flex_column_div av-zero-column-padding first  avia-builder-el-0  el_before_av_one_full  avia-builder-el-first  \" style='border-radius:0px; '><div  class='avia-image-container  av-styling-    avia-builder-el-1  avia-builder-el-no-sibling  avia-align-center '  itemprop=\"image\" itemscope=\"itemscope\" itemtype=\"https:\/\/schema.org\/ImageObject\"  ><div class='avia-image-container-inner'><div class='avia-image-overlay-wrap'><img decoding=\"async\" class='wp-image-62557 avia-img-lazy-loading-not-62557 avia_image' src=\"https:\/\/radiorevelacionfm.cl\/wp-content\/uploads\/2025\/12\/visita-guiada-2025-11-05-at-10_optimized.18.12.jpg\" alt='' title='visita-guiada-2025-11-05-at-10_optimized.18.12' height=\"710\" width=\"800\"  itemprop=\"thumbnailUrl\" srcset=\"https:\/\/radiorevelacionfm.cl\/wp-content\/uploads\/2025\/12\/visita-guiada-2025-11-05-at-10_optimized.18.12.jpg 800w, https:\/\/radiorevelacionfm.cl\/wp-content\/uploads\/2025\/12\/visita-guiada-2025-11-05-at-10_optimized.18.12-300x266.jpg 300w, https:\/\/radiorevelacionfm.cl\/wp-content\/uploads\/2025\/12\/visita-guiada-2025-11-05-at-10_optimized.18.12-768x682.jpg 768w, https:\/\/radiorevelacionfm.cl\/wp-content\/uploads\/2025\/12\/visita-guiada-2025-11-05-at-10_optimized.18.12-705x626.jpg 705w, https:\/\/radiorevelacionfm.cl\/wp-content\/uploads\/2025\/12\/visita-guiada-2025-11-05-at-10_optimized.18.12-450x399.jpg 450w, https:\/\/radiorevelacionfm.cl\/wp-content\/uploads\/2025\/12\/visita-guiada-2025-11-05-at-10_optimized.18.12-600x533.jpg 600w\" sizes=\"(max-width: 800px) 100vw, 800px\" \/><\/div><\/div><\/div><\/div><div class=\"flex_column av_one_full  flex_column_div av-zero-column-padding first  avia-builder-el-2  el_after_av_one_full  el_before_av_one_full  column-top-margin\" style='border-radius:0px; '><section class=\"av_textblock_section \"  itemscope=\"itemscope\" itemtype=\"https:\/\/schema.org\/BlogPosting\" itemprop=\"blogPost\" ><div class='avia_textblock  '   itemprop=\"text\" ><p style=\"text-align: center;\"><strong><span style=\"font-size: 18pt;\">Estudiantes participaron en visitas guiadas a los parques nacionales Queulat y Cerro Castillo <\/span><\/strong><\/p>\n<div id=\"gtx-trans\" style=\"position: absolute; left: -50px; top: 4.31534px;\">\n<div class=\"gtx-trans-icon\"><\/div>\n<\/div>\n<\/div><\/section><\/div><div class=\"flex_column av_one_full  flex_column_div av-zero-column-padding first  avia-builder-el-4  el_after_av_one_full  el_before_av_hr  column-top-margin\" style='border-radius:0px; '><section class=\"av_textblock_section \"  itemscope=\"itemscope\" itemtype=\"https:\/\/schema.org\/BlogPosting\" itemprop=\"blogPost\" ><div class='avia_textblock  '   itemprop=\"text\" ><p style=\"font-weight: 400; text-align: justify;\">Estudiantes de diferentes localidades rurales participaron en visitas guiadas a los parques nacionales Queulat y Cerro Castillo, organizadas por el Programa Residencia Familiar Estudiantil, que desarrollan la Delegaci\u00f3n Presidencial Regional de Ays\u00e9n y la Junta Nacional de Auxilio Escolar y Becas (JUNAEB).<\/p>\n<p style=\"font-weight: 400; text-align: justify;\">El Delegado Presidencial Regional, Jorge D\u00edaz, indic\u00f3 que este programa se desarrolla desde el a\u00f1o 1992 y, actualmente, contribuye al proceso formativo de alrededor de 200 estudiantes de segundo ciclo de educaci\u00f3n b\u00e1sica, educaci\u00f3n media y superior, facilitando su acceso a los procesos educacionales y evitando la deserci\u00f3n estudiantil.<\/p>\n<p style=\"font-weight: 400; text-align: justify;\">El encargado del Programa, Pedro Soto, indic\u00f3 que en las visitas participaron estudiantes de Melinka y Tortel, entre otras localidades, quienes pudieron afianzar su conocimiento del territorio regional, en una experiencia de aprendizaje en terreno y de forma conjunta.<\/p>\n<p style=\"font-weight: 400; text-align: justify;\">\u201cLas actividades consideraron una salida pedag\u00f3gica al Parque Nacional Queulat y Parque Nacional Cerro Castillo, con gu\u00edas que tienen conocimiento del \u00e1rea. El objetivo fue que estudiantes de distintas localidades, conozcan su propia regi\u00f3n y se conecten entre ellos. Los guardabosques nos hicieron una mini clase de todo lo que sab\u00edan, recorrimos distintos senderos y tuvimos asistencia de estudiantes de Tortel y Melinka, de los extremos de la regi\u00f3n\u201d, indic\u00f3.<\/p>\n<p style=\"font-weight: 400; text-align: justify;\">El programa Residencia Familiar Estudiantil implica alojamiento a estudiantes que deben trasladarse desde sectores rurales o urbanos para que contin\u00faen sus estudios b\u00e1sicos, medios o superiores, en hogares de familias tutoras.<\/p>\n<p style=\"font-weight: 400; text-align: justify;\">El Programa tambi\u00e9n brinda alimentaci\u00f3n y apoyo pedag\u00f3gico, a trav\u00e9s de Entidades Ejecutoras, para favorecer el acceso, mantenci\u00f3n y finalizaci\u00f3n de la formaci\u00f3n de j\u00f3venes que se encuentran en situaci\u00f3n de vulnerabilidad.<\/p>\n<p style=\"font-weight: 400; text-align: justify;\">Mayores antecedentes en la p\u00e1gina web de JUNAEB\u00a0<a href=\"https:\/\/www.junaeb.cl\/becas-junaeb\/\" data-saferedirecturl=\"https:\/\/www.google.com\/url?q=https:\/\/www.junaeb.cl\/becas-junaeb\/&amp;source=gmail&amp;ust=1766062928860000&amp;usg=AOvVaw0WoTsDa_gVKGLXCfRCTn70\">https:\/\/www.junaeb.cl\/becas-junaeb\/<\/a>.<\/p>\n<\/div><\/section><\/div><div  style='height:50px' class='hr hr-invisible   avia-builder-el-6  el_after_av_one_full  el_before_av_social_share '><span class='hr-inner ' ><span class='hr-inner-style'><\/span><\/span><\/div><\/p>\n<div  class='av-social-sharing-box  avia-builder-el-7  el_after_av_hr  el_before_av_hr  '><div class='av-share-box'><h5 class='av-share-link-description av-no-toc '>Compartir esta noticia<\/h5><ul class='av-share-box-list noLightbox'><li class='av-share-link av-social-link-facebook' ><a target=\"_blank\" aria-label=\"Compartir en Facebook\" href='https:\/\/www.facebook.com\/sharer.php?u=https:\/\/radiorevelacionfm.cl\/?p=62556&#038;t=Estudiantes%20participaron%20en%20visitas%20guiadas%20a%20los%20parques%20nacionales%20Queulat%20y%20Cerro%20Castillo' aria-hidden='false' data-av_icon='\ue8f3' data-av_iconfont='entypo-fontello' title='' data-avia-related-tooltip='Compartir en Facebook' rel=\"noopener\"><span class='avia_hidden_link_text'>Compartir en Facebook<\/span><\/a><\/li><li class='av-share-link av-social-link-twitter' ><a target=\"_blank\" aria-label=\"Compartir en Twitter\" href='https:\/\/twitter.com\/share?text=Estudiantes%20participaron%20en%20visitas%20guiadas%20a%20los%20parques%20nacionales%20Queulat%20y%20Cerro%20Castillo&#038;url=https:\/\/radiorevelacionfm.cl\/?p=62556' aria-hidden='false' data-av_icon='\ue8f1' data-av_iconfont='entypo-fontello' title='' data-avia-related-tooltip='Compartir en Twitter' rel=\"noopener\"><span class='avia_hidden_link_text'>Compartir en Twitter<\/span><\/a><\/li><li class='av-share-link av-social-link-whatsapp' ><a target=\"_blank\" aria-label=\"Compartir en Whatsapp\" href='https:\/\/api.whatsapp.com\/send?text=https:\/\/radiorevelacionfm.cl\/?p=62556' aria-hidden='false' data-av_icon='\uf232' data-av_iconfont='entypo-fontello' title='' data-avia-related-tooltip='Compartir en Whatsapp' rel=\"noopener\"><span class='avia_hidden_link_text'>Compartir en Whatsapp<\/span><\/a><\/li><li class='av-share-link av-social-link-linkedin' ><a target=\"_blank\" aria-label=\"Compartir en LinkedIn\" href='https:\/\/linkedin.com\/shareArticle?mini=true&#038;title=Estudiantes%20participaron%20en%20visitas%20guiadas%20a%20los%20parques%20nacionales%20Queulat%20y%20Cerro%20Castillo&#038;url=https:\/\/radiorevelacionfm.cl\/?p=62556' aria-hidden='false' data-av_icon='\ue8fc' data-av_iconfont='entypo-fontello' title='' data-avia-related-tooltip='Compartir en LinkedIn' rel=\"noopener\"><span class='avia_hidden_link_text'>Compartir en LinkedIn<\/span><\/a><\/li><li class='av-share-link av-social-link-mail' ><a  aria-label=\"Compartir por correo\" href='mailto:?subject=Estudiantes%20participaron%20en%20visitas%20guiadas%20a%20los%20parques%20nacionales%20Queulat%20y%20Cerro%20Castillo&#038;body=https:\/\/radiorevelacionfm.cl\/?p=62556' aria-hidden='false' data-av_icon='\ue805' data-av_iconfont='entypo-fontello' title='' data-avia-related-tooltip='Compartir por correo'><span class='avia_hidden_link_text'>Compartir por correo<\/span><\/a><\/li><\/ul><\/div><\/div>\n<div  style='height:50px' class='hr hr-invisible   avia-builder-el-8  el_after_av_social_share  el_before_av_comments_list '><span class='hr-inner ' ><span class='hr-inner-style'><\/span><\/span><\/div>\n<div  class='av-buildercomment  av-blog-meta-html-info-disabled av-blog-meta-tag-disabled  '><\/div>\n","protected":false},"excerpt":{"rendered":"","protected":false},"author":1,"featured_media":62557,"comment_status":"closed","ping_status":"closed","sticky":false,"template":"","format":"standard","meta":{"footnotes":""},"categories":[38],"tags":[],"class_list":["post-62556","post","type-post","status-publish","format-standard","has-post-thumbnail","hentry","category-regional"],"jetpack_featured_media_url":"https:\/\/radiorevelacionfm.cl\/wp-content\/uploads\/2025\/12\/visita-guiada-2025-11-05-at-10_optimized.18.12.jpg","_links":{"self":[{"href":"https:\/\/radiorevelacionfm.cl\/index.php?rest_route=\/wp\/v2\/posts\/62556","targetHints":{"allow":["GET"]}}],"collection":[{"href":"https:\/\/radiorevelacionfm.cl\/index.php?rest_route=\/wp\/v2\/posts"}],"about":[{"href":"https:\/\/radiorevelacionfm.cl\/index.php?rest_route=\/wp\/v2\/types\/post"}],"author":[{"embeddable":true,"href":"https:\/\/radiorevelacionfm.cl\/index.php?rest_route=\/wp\/v2\/users\/1"}],"replies":[{"embeddable":true,"href":"https:\/\/radiorevelacionfm.cl\/index.php?rest_route=%2Fwp%2Fv2%2Fcomments&post=62556"}],"version-history":[{"count":2,"href":"https:\/\/radiorevelacionfm.cl\/index.php?rest_route=\/wp\/v2\/posts\/62556\/revisions"}],"predecessor-version":[{"id":62559,"href":"https:\/\/radiorevelacionfm.cl\/index.php?rest_route=\/wp\/v2\/posts\/62556\/revisions\/62559"}],"wp:featuredmedia":[{"embeddable":true,"href":"https:\/\/radiorevelacionfm.cl\/index.php?rest_route=\/wp\/v2\/media\/62557"}],"wp:attachment":[{"href":"https:\/\/radiorevelacionfm.cl\/index.php?rest_route=%2Fwp%2Fv2%2Fmedia&parent=62556"}],"wp:term":[{"taxonomy":"category","embeddable":true,"href":"https:\/\/radiorevelacionfm.cl\/index.php?rest_route=%2Fwp%2Fv2%2Fcategories&post=62556"},{"taxonomy":"post_tag","embeddable":true,"href":"https:\/\/radiorevelacionfm.cl\/index.php?rest_route=%2Fwp%2Fv2%2Ftags&post=62556"}],"curies":[{"name":"wp","href":"https:\/\/api.w.org\/{rel}","templated":true}]}}