{"id":62552,"date":"2025-12-17T10:21:38","date_gmt":"2025-12-17T13:21:38","guid":{"rendered":"https:\/\/radiorevelacionfm.cl\/?p=62552"},"modified":"2025-12-17T10:21:38","modified_gmt":"2025-12-17T13:21:38","slug":"festival-de-cine-de-la-patagonia-aysen-abre-convocatoria-para-productoras-del-sur-austral","status":"publish","type":"post","link":"https:\/\/radiorevelacionfm.cl\/?p=62552","title":{"rendered":"Festival de Cine de la Patagonia Ays\u00e9n abre convocatoria para productoras del sur austral"},"content":{"rendered":"<div class=\"flex_column av_one_full  flex_column_div av-zero-column-padding first  avia-builder-el-0  el_before_av_one_full  avia-builder-el-first  \" style='border-radius:0px; '><div  class='avia-image-container  av-styling-    avia-builder-el-1  avia-builder-el-no-sibling  avia-align-center '  itemprop=\"image\" itemscope=\"itemscope\" itemtype=\"https:\/\/schema.org\/ImageObject\"  ><div class='avia-image-container-inner'><div class='avia-image-overlay-wrap'><img decoding=\"async\" class='wp-image-62553 avia-img-lazy-loading-not-62553 avia_image' src=\"https:\/\/radiorevelacionfm.cl\/wp-content\/uploads\/2025\/12\/587630663_18305633185269244_7877946730628449210_n-1_optimized-1.jpeg\" alt='' title='587630663_18305633185269244_7877946730628449210_n-(1)_optimized (1)' height=\"600\" width=\"1067\"  itemprop=\"thumbnailUrl\" srcset=\"https:\/\/radiorevelacionfm.cl\/wp-content\/uploads\/2025\/12\/587630663_18305633185269244_7877946730628449210_n-1_optimized-1.jpeg 1067w, https:\/\/radiorevelacionfm.cl\/wp-content\/uploads\/2025\/12\/587630663_18305633185269244_7877946730628449210_n-1_optimized-1-300x169.jpeg 300w, https:\/\/radiorevelacionfm.cl\/wp-content\/uploads\/2025\/12\/587630663_18305633185269244_7877946730628449210_n-1_optimized-1-1030x579.jpeg 1030w, https:\/\/radiorevelacionfm.cl\/wp-content\/uploads\/2025\/12\/587630663_18305633185269244_7877946730628449210_n-1_optimized-1-768x432.jpeg 768w, https:\/\/radiorevelacionfm.cl\/wp-content\/uploads\/2025\/12\/587630663_18305633185269244_7877946730628449210_n-1_optimized-1-705x396.jpeg 705w, https:\/\/radiorevelacionfm.cl\/wp-content\/uploads\/2025\/12\/587630663_18305633185269244_7877946730628449210_n-1_optimized-1-450x253.jpeg 450w, https:\/\/radiorevelacionfm.cl\/wp-content\/uploads\/2025\/12\/587630663_18305633185269244_7877946730628449210_n-1_optimized-1-600x337.jpeg 600w\" sizes=\"(max-width: 1067px) 100vw, 1067px\" \/><\/div><\/div><\/div><\/div><div class=\"flex_column av_one_full  flex_column_div av-zero-column-padding first  avia-builder-el-2  el_after_av_one_full  el_before_av_one_full  column-top-margin\" style='border-radius:0px; '><section class=\"av_textblock_section \"  itemscope=\"itemscope\" itemtype=\"https:\/\/schema.org\/BlogPosting\" itemprop=\"blogPost\" ><div class='avia_textblock  '   itemprop=\"text\" ><p style=\"text-align: center;\"><strong><span style=\"font-size: 18pt;\">Festival de Cine de la Patagonia Ays\u00e9n abre convocatoria para productoras del sur austral<\/span><\/strong><\/p>\n<div id=\"gtx-trans\" style=\"position: absolute; left: -50px; top: 4.31534px;\">\n<div class=\"gtx-trans-icon\"><\/div>\n<\/div>\n<\/div><\/section><\/div><div class=\"flex_column av_one_full  flex_column_div av-zero-column-padding first  avia-builder-el-4  el_after_av_one_full  el_before_av_hr  column-top-margin\" style='border-radius:0px; '><section class=\"av_textblock_section \"  itemscope=\"itemscope\" itemtype=\"https:\/\/schema.org\/BlogPosting\" itemprop=\"blogPost\" ><div class='avia_textblock  '   itemprop=\"text\" ><p style=\"text-align: justify;\"><em>El festival se realizar\u00e1 en febrero del 2026 y los interesados podr\u00e1n participar en categor\u00edas como cortometrajes, largometrajes, opera prima, entre otros.<\/em><\/p>\n<p style=\"text-align: justify;\">Todo est\u00e1 dispuesto para ser parte del <strong>12\u00ba Festival de Cine de la Patagonia Ays\u00e9n (FECIPA)<\/strong>, el cual es organizado por la productora Flor y Truco y ejecutado por la agrupaci\u00f3n \u00abAys\u00e9n Mira el Mar\u00bb, y que se realizar\u00e1 entre el 16 y el 22 de febrero del 2026 en el Centro Cultural de Coyhaique.<\/p>\n<p style=\"text-align: justify;\">El evento busca descentralizar el acceso a la cultura por lo que contempla diversas actividades y exhibiciones en Puerto Ays\u00e9n, Puerto Cisnes y localidades como Puyuhuapi y Ra\u00fal Mar\u00edn Balmaceda.<\/p>\n<p style=\"text-align: justify;\">Convocatoria Abierta<\/p>\n<p style=\"text-align: justify;\">Al respecto se refiri\u00f3 Rodrigo Labarca Pacheco, de la productora Flor y Truco, indicando que el proceso de convocatoria para las obras audiovisuales comenz\u00f3 en el mes de octubre, \u201cpor lo que los realizadores interesados en participar ya pueden revisar y descargar las bases disponibles en el sitio web <a href=\"http:\/\/www.florytruco.com\">www.florytruco.com<\/a> o solicitarlas directamente al correo electr\u00f3nico <a href=\"mailto:programacion.fecipa@gmail.com\">programacion.fecipa@gmail.com<\/a>\u201d.<\/p>\n<p style=\"text-align: justify;\">Para postular los trabajos y acceder a los documentos oficiales \u201cse encuentra habilitado a trav\u00e9s del perfil de FECIPA en la plataforma Festhome\u201d, explic\u00f3 Rodrigo Labarca, quien est\u00e1 a cargo de la organizaci\u00f3n del festival de cine.<\/p>\n<p style=\"text-align: justify;\">Llamado a colaborar<\/p>\n<p style=\"text-align: justify;\">Finalmente, la organizaci\u00f3n extendi\u00f3 una invitaci\u00f3n abierta a empresas, instituciones y personas naturales que deseen sumarse como colaboradores o patrocinadores para potenciar el desarrollo de esta nueva edici\u00f3n, inst\u00e1ndolos a contactarse con el equipo para generar alianzas que fortalezcan el sector audiovisual del territorio.<\/p>\n<p style=\"text-align: justify;\">La 12\u00ba versi\u00f3n de FECIPA cuenta con el financiamiento del Gobierno Regional de Ays\u00e9n y su Consejo a trav\u00e9s del 8% FNDR de Vinculaci\u00f3n con la Comunidad.<\/p>\n<\/div><\/section><\/div><div  style='height:50px' class='hr hr-invisible   avia-builder-el-6  el_after_av_one_full  el_before_av_social_share '><span class='hr-inner ' ><span class='hr-inner-style'><\/span><\/span><\/div><\/p>\n<div  class='av-social-sharing-box  avia-builder-el-7  el_after_av_hr  el_before_av_hr  '><div class='av-share-box'><h5 class='av-share-link-description av-no-toc '>Compartir esta noticia<\/h5><ul class='av-share-box-list noLightbox'><li class='av-share-link av-social-link-facebook' ><a target=\"_blank\" aria-label=\"Compartir en Facebook\" href='https:\/\/www.facebook.com\/sharer.php?u=https:\/\/radiorevelacionfm.cl\/?p=62552&#038;t=Festival%20de%20Cine%20de%20la%20Patagonia%20Ays%C3%A9n%20abre%20convocatoria%20para%20productoras%20del%20sur%20austral' aria-hidden='false' data-av_icon='\ue8f3' data-av_iconfont='entypo-fontello' title='' data-avia-related-tooltip='Compartir en Facebook' rel=\"noopener\"><span class='avia_hidden_link_text'>Compartir en Facebook<\/span><\/a><\/li><li class='av-share-link av-social-link-twitter' ><a target=\"_blank\" aria-label=\"Compartir en Twitter\" href='https:\/\/twitter.com\/share?text=Festival%20de%20Cine%20de%20la%20Patagonia%20Ays%C3%A9n%20abre%20convocatoria%20para%20productoras%20del%20sur%20austral&#038;url=https:\/\/radiorevelacionfm.cl\/?p=62552' aria-hidden='false' data-av_icon='\ue8f1' data-av_iconfont='entypo-fontello' title='' data-avia-related-tooltip='Compartir en Twitter' rel=\"noopener\"><span class='avia_hidden_link_text'>Compartir en Twitter<\/span><\/a><\/li><li class='av-share-link av-social-link-whatsapp' ><a target=\"_blank\" aria-label=\"Compartir en Whatsapp\" href='https:\/\/api.whatsapp.com\/send?text=https:\/\/radiorevelacionfm.cl\/?p=62552' aria-hidden='false' data-av_icon='\uf232' data-av_iconfont='entypo-fontello' title='' data-avia-related-tooltip='Compartir en Whatsapp' rel=\"noopener\"><span class='avia_hidden_link_text'>Compartir en Whatsapp<\/span><\/a><\/li><li class='av-share-link av-social-link-linkedin' ><a target=\"_blank\" aria-label=\"Compartir en LinkedIn\" href='https:\/\/linkedin.com\/shareArticle?mini=true&#038;title=Festival%20de%20Cine%20de%20la%20Patagonia%20Ays%C3%A9n%20abre%20convocatoria%20para%20productoras%20del%20sur%20austral&#038;url=https:\/\/radiorevelacionfm.cl\/?p=62552' aria-hidden='false' data-av_icon='\ue8fc' data-av_iconfont='entypo-fontello' title='' data-avia-related-tooltip='Compartir en LinkedIn' rel=\"noopener\"><span class='avia_hidden_link_text'>Compartir en LinkedIn<\/span><\/a><\/li><li class='av-share-link av-social-link-mail' ><a  aria-label=\"Compartir por correo\" href='mailto:?subject=Festival%20de%20Cine%20de%20la%20Patagonia%20Ays%C3%A9n%20abre%20convocatoria%20para%20productoras%20del%20sur%20austral&#038;body=https:\/\/radiorevelacionfm.cl\/?p=62552' aria-hidden='false' data-av_icon='\ue805' data-av_iconfont='entypo-fontello' title='' data-avia-related-tooltip='Compartir por correo'><span class='avia_hidden_link_text'>Compartir por correo<\/span><\/a><\/li><\/ul><\/div><\/div>\n<div  style='height:50px' class='hr hr-invisible   avia-builder-el-8  el_after_av_social_share  el_before_av_comments_list '><span class='hr-inner ' ><span class='hr-inner-style'><\/span><\/span><\/div>\n<div  class='av-buildercomment  av-blog-meta-html-info-disabled av-blog-meta-tag-disabled  '><\/div>\n","protected":false},"excerpt":{"rendered":"","protected":false},"author":1,"featured_media":62553,"comment_status":"closed","ping_status":"closed","sticky":false,"template":"","format":"standard","meta":{"footnotes":""},"categories":[38],"tags":[],"class_list":["post-62552","post","type-post","status-publish","format-standard","has-post-thumbnail","hentry","category-regional"],"jetpack_featured_media_url":"https:\/\/radiorevelacionfm.cl\/wp-content\/uploads\/2025\/12\/587630663_18305633185269244_7877946730628449210_n-1_optimized-1.jpeg","_links":{"self":[{"href":"https:\/\/radiorevelacionfm.cl\/index.php?rest_route=\/wp\/v2\/posts\/62552","targetHints":{"allow":["GET"]}}],"collection":[{"href":"https:\/\/radiorevelacionfm.cl\/index.php?rest_route=\/wp\/v2\/posts"}],"about":[{"href":"https:\/\/radiorevelacionfm.cl\/index.php?rest_route=\/wp\/v2\/types\/post"}],"author":[{"embeddable":true,"href":"https:\/\/radiorevelacionfm.cl\/index.php?rest_route=\/wp\/v2\/users\/1"}],"replies":[{"embeddable":true,"href":"https:\/\/radiorevelacionfm.cl\/index.php?rest_route=%2Fwp%2Fv2%2Fcomments&post=62552"}],"version-history":[{"count":2,"href":"https:\/\/radiorevelacionfm.cl\/index.php?rest_route=\/wp\/v2\/posts\/62552\/revisions"}],"predecessor-version":[{"id":62555,"href":"https:\/\/radiorevelacionfm.cl\/index.php?rest_route=\/wp\/v2\/posts\/62552\/revisions\/62555"}],"wp:featuredmedia":[{"embeddable":true,"href":"https:\/\/radiorevelacionfm.cl\/index.php?rest_route=\/wp\/v2\/media\/62553"}],"wp:attachment":[{"href":"https:\/\/radiorevelacionfm.cl\/index.php?rest_route=%2Fwp%2Fv2%2Fmedia&parent=62552"}],"wp:term":[{"taxonomy":"category","embeddable":true,"href":"https:\/\/radiorevelacionfm.cl\/index.php?rest_route=%2Fwp%2Fv2%2Fcategories&post=62552"},{"taxonomy":"post_tag","embeddable":true,"href":"https:\/\/radiorevelacionfm.cl\/index.php?rest_route=%2Fwp%2Fv2%2Ftags&post=62552"}],"curies":[{"name":"wp","href":"https:\/\/api.w.org\/{rel}","templated":true}]}}