{"id":62544,"date":"2025-12-16T20:08:59","date_gmt":"2025-12-16T23:08:59","guid":{"rendered":"https:\/\/radiorevelacionfm.cl\/?p=62544"},"modified":"2025-12-16T20:08:59","modified_gmt":"2025-12-16T23:08:59","slug":"diputada-marcia-raphael-aprobo-prorroga-a-la-ley-de-gestion-de-suelo-y-plan-de-emergencia-habitacional","status":"publish","type":"post","link":"https:\/\/radiorevelacionfm.cl\/?p=62544","title":{"rendered":"Diputada Marcia Raphael aprob\u00f3 pr\u00f3rroga a la Ley de gesti\u00f3n de suelo y Plan de Emergencia Habitacional"},"content":{"rendered":"<div class=\"flex_column av_one_full  flex_column_div av-zero-column-padding first  avia-builder-el-0  el_before_av_one_full  avia-builder-el-first  \" style='border-radius:0px; '><div  class='avia-image-container  av-styling-    avia-builder-el-1  avia-builder-el-no-sibling  avia-align-center '  itemprop=\"image\" itemscope=\"itemscope\" itemtype=\"https:\/\/schema.org\/ImageObject\"  ><div class='avia-image-container-inner'><div class='avia-image-overlay-wrap'><img decoding=\"async\" class='wp-image-62545 avia-img-lazy-loading-not-62545 avia_image' src=\"https:\/\/radiorevelacionfm.cl\/wp-content\/uploads\/2025\/12\/Dip-Raphael-Aprobacion-1-1.jpg\" alt='' title='Dip-Raphael-Aprobaci\u00f3n (1) (1)' height=\"600\" width=\"901\"  itemprop=\"thumbnailUrl\" srcset=\"https:\/\/radiorevelacionfm.cl\/wp-content\/uploads\/2025\/12\/Dip-Raphael-Aprobacion-1-1.jpg 901w, https:\/\/radiorevelacionfm.cl\/wp-content\/uploads\/2025\/12\/Dip-Raphael-Aprobacion-1-1-300x200.jpg 300w, https:\/\/radiorevelacionfm.cl\/wp-content\/uploads\/2025\/12\/Dip-Raphael-Aprobacion-1-1-768x511.jpg 768w, https:\/\/radiorevelacionfm.cl\/wp-content\/uploads\/2025\/12\/Dip-Raphael-Aprobacion-1-1-705x469.jpg 705w, https:\/\/radiorevelacionfm.cl\/wp-content\/uploads\/2025\/12\/Dip-Raphael-Aprobacion-1-1-450x300.jpg 450w, https:\/\/radiorevelacionfm.cl\/wp-content\/uploads\/2025\/12\/Dip-Raphael-Aprobacion-1-1-600x400.jpg 600w\" sizes=\"(max-width: 901px) 100vw, 901px\" \/><\/div><\/div><\/div><\/div>\n<div class=\"flex_column av_one_full  flex_column_div av-zero-column-padding first  avia-builder-el-2  el_after_av_one_full  el_before_av_one_full  column-top-margin\" style='border-radius:0px; '><section class=\"av_textblock_section \"  itemscope=\"itemscope\" itemtype=\"https:\/\/schema.org\/BlogPosting\" itemprop=\"blogPost\" ><div class='avia_textblock  '   itemprop=\"text\" ><p style=\"text-align: center;\"><strong><span style=\"font-size: 18pt;\">Diputada Marcia Raphael aprob\u00f3 pr\u00f3rroga a la Ley de gesti\u00f3n de suelo y Plan de Emergencia Habitacional<\/span><\/strong><\/p>\n<div id=\"gtx-trans\" style=\"position: absolute; left: -50px; top: 4.31534px;\">\n<div class=\"gtx-trans-icon\"><\/div>\n<\/div>\n<\/div><\/section><\/div>\n<div class=\"flex_column av_one_full  flex_column_div av-zero-column-padding first  avia-builder-el-4  el_after_av_one_full  el_before_av_hr  column-top-margin\" style='border-radius:0px; '><section class=\"av_textblock_section \"  itemscope=\"itemscope\" itemtype=\"https:\/\/schema.org\/BlogPosting\" itemprop=\"blogPost\" ><div class='avia_textblock  '   itemprop=\"text\" ><p style=\"text-align: justify;\"><em>La representante de Ays\u00e9n en la C\u00e1mara baja fue enf\u00e1tica en exigir junto con esta normativa las certezas financieras para regiones como Ays\u00e9n a fin de poder proyectar el pr\u00f3ximo gobierno una pol\u00edtica habitacional exitosa.<\/em><\/p>\n<p style=\"text-align: justify;\">La diputada de Renovaci\u00f3n Nacional,\u00a0Marcia Raphael Mora, destac\u00f3 la aprobaci\u00f3n del proyecto de ley que\u00a0<strong>prorroga hasta el 31 de diciembre de 2029 la vigencia de la Ley N\u00b0 21.450<\/strong>, normativa clave para la gesti\u00f3n de suelo, la integraci\u00f3n social y urbana y la continuidad del Plan de Emergencia Habitacional, iniciativa que ha permitido identificar\u00a0el d\u00e9ficit habitacional que afecta a cientos de miles de familias en el pa\u00eds.<\/p>\n<p style=\"text-align: justify;\">La parlamentaria subray\u00f3 que esta extensi\u00f3n entrega una herramienta relevante al Estado para\u00a0<strong>agilizar la adquisici\u00f3n de terrenos bien localizados, reducir los plazos de tramitaci\u00f3n de proyectos habitacionales y priorizar soluciones para las familias pertenecientes al 40% m\u00e1s vulnerable<\/strong>, aspectos especialmente necesarios en territorios extremos como la Regi\u00f3n de Ays\u00e9n.<\/p>\n<p style=\"text-align: justify;\">\u201cEn regiones como Ays\u00e9n, donde los costos de construcci\u00f3n son m\u00e1s altos, la disponibilidad de suelo es limitada y los tiempos administrativos suelen ser m\u00e1s extensos, contar con este marco legal es fundamental para avanzar en soluciones habitacionales concretas y oportunas para nuestras familias\u201d, se\u00f1al\u00f3 la diputada Raphael.<\/p>\n<p style=\"text-align: justify;\">La legisladora record\u00f3 que el d\u00e9ficit habitacional nacional a\u00fan supera las 600 mil familias\u00a0y estamos enfrentando un escenario en el que se han redistribuido recursos de nuestra regi\u00f3n cercanos a los $4 mil millones de pesos para dar soluciones a otras zonas. En ese contexto, afirm\u00f3 que la pr\u00f3rroga de la ley es una se\u00f1al de continuidad y responsabilidad del Estado, ya que\u00a0al pr\u00f3ximo gobierno del mandatario electo, Jos\u00e9 Antonio Kast,\u00a0le entregar\u00eda\u00a0facultades que pueden facilitar la construcci\u00f3n de viviendas sociales y proyectos de integraci\u00f3n urbana.<\/p>\n<p style=\"text-align: justify;\">No obstante, la diputada fue enf\u00e1tica en advertir que la extensi\u00f3n de la ley\u00a0<strong>debe ir acompa\u00f1ada de certezas financieras claras<\/strong>, especialmente para las regiones.<\/p>\n<p style=\"text-align: justify;\">\u201cNo basta con prorrogar los instrumentos legales. Es imprescindible que el Ministerio de Vivienda y Urbanismo cumpla con el pago oportuno de las deudas acumuladas, particularmente las que afectan a los SERVIU, y que exista un presupuesto transparente y debidamente clarificado para el pr\u00f3ximo gobierno, que permita dar continuidad y estabilidad a las pol\u00edticas habitacionales\u201d, enfatiz\u00f3.<\/p>\n<p style=\"text-align: justify;\">Finalmente, Marcia Raphael Mora recalc\u00f3 que\u00a0<strong>Ays\u00e9n necesita pol\u00edticas habitacionales sostenidas en el tiempo<\/strong>, con financiamiento asegurado y una mirada territorial que reconozca las particularidades de la regi\u00f3n.<\/p>\n<p style=\"text-align: justify;\">\u201cLas familias de Ays\u00e9n no pueden seguir esperando. Esta ley es una oportunidad, pero su \u00e9xito depender\u00e1 de la responsabilidad fiscal, la correcta ejecuci\u00f3n de los recursos y el compromiso del Estado con el derecho a una vivienda digna, hoy y en los pr\u00f3ximos a\u00f1os\u201d, concluy\u00f3.<\/p>\n<\/div><\/section><\/div><div  style='height:50px' class='hr hr-invisible   avia-builder-el-6  el_after_av_one_full  el_before_av_social_share '><span class='hr-inner ' ><span class='hr-inner-style'><\/span><\/span><\/div><\/p>\n<div  class='av-social-sharing-box  avia-builder-el-7  el_after_av_hr  el_before_av_hr  '><div class='av-share-box'><h5 class='av-share-link-description av-no-toc '>Compartir esta noticia<\/h5><ul class='av-share-box-list noLightbox'><li class='av-share-link av-social-link-facebook' ><a target=\"_blank\" aria-label=\"Compartir en Facebook\" href='https:\/\/www.facebook.com\/sharer.php?u=https:\/\/radiorevelacionfm.cl\/?p=62544&#038;t=Diputada%20Marcia%20Raphael%20aprob%C3%B3%20pr%C3%B3rroga%20a%20la%20Ley%20de%20gesti%C3%B3n%20de%20suelo%20y%20Plan%20de%20Emergencia%20Habitacional' aria-hidden='false' data-av_icon='\ue8f3' data-av_iconfont='entypo-fontello' title='' data-avia-related-tooltip='Compartir en Facebook' rel=\"noopener\"><span class='avia_hidden_link_text'>Compartir en Facebook<\/span><\/a><\/li><li class='av-share-link av-social-link-twitter' ><a target=\"_blank\" aria-label=\"Compartir en Twitter\" href='https:\/\/twitter.com\/share?text=Diputada%20Marcia%20Raphael%20aprob%C3%B3%20pr%C3%B3rroga%20a%20la%20Ley%20de%20gesti%C3%B3n%20de%20suelo%20y%20Plan%20de%20Emergencia%20Habitacional&#038;url=https:\/\/radiorevelacionfm.cl\/?p=62544' aria-hidden='false' data-av_icon='\ue8f1' data-av_iconfont='entypo-fontello' title='' data-avia-related-tooltip='Compartir en Twitter' rel=\"noopener\"><span class='avia_hidden_link_text'>Compartir en Twitter<\/span><\/a><\/li><li class='av-share-link av-social-link-whatsapp' ><a target=\"_blank\" aria-label=\"Compartir en Whatsapp\" href='https:\/\/api.whatsapp.com\/send?text=https:\/\/radiorevelacionfm.cl\/?p=62544' aria-hidden='false' data-av_icon='\uf232' data-av_iconfont='entypo-fontello' title='' data-avia-related-tooltip='Compartir en Whatsapp' rel=\"noopener\"><span class='avia_hidden_link_text'>Compartir en Whatsapp<\/span><\/a><\/li><li class='av-share-link av-social-link-linkedin' ><a target=\"_blank\" aria-label=\"Compartir en LinkedIn\" href='https:\/\/linkedin.com\/shareArticle?mini=true&#038;title=Diputada%20Marcia%20Raphael%20aprob%C3%B3%20pr%C3%B3rroga%20a%20la%20Ley%20de%20gesti%C3%B3n%20de%20suelo%20y%20Plan%20de%20Emergencia%20Habitacional&#038;url=https:\/\/radiorevelacionfm.cl\/?p=62544' aria-hidden='false' data-av_icon='\ue8fc' data-av_iconfont='entypo-fontello' title='' data-avia-related-tooltip='Compartir en LinkedIn' rel=\"noopener\"><span class='avia_hidden_link_text'>Compartir en LinkedIn<\/span><\/a><\/li><li class='av-share-link av-social-link-mail' ><a  aria-label=\"Compartir por correo\" href='mailto:?subject=Diputada%20Marcia%20Raphael%20aprob%C3%B3%20pr%C3%B3rroga%20a%20la%20Ley%20de%20gesti%C3%B3n%20de%20suelo%20y%20Plan%20de%20Emergencia%20Habitacional&#038;body=https:\/\/radiorevelacionfm.cl\/?p=62544' aria-hidden='false' data-av_icon='\ue805' data-av_iconfont='entypo-fontello' title='' data-avia-related-tooltip='Compartir por correo'><span class='avia_hidden_link_text'>Compartir por correo<\/span><\/a><\/li><\/ul><\/div><\/div>\n<div  style='height:50px' class='hr hr-invisible   avia-builder-el-8  el_after_av_social_share  el_before_av_comments_list '><span class='hr-inner ' ><span class='hr-inner-style'><\/span><\/span><\/div>\n<div  class='av-buildercomment  av-blog-meta-html-info-disabled av-blog-meta-tag-disabled  '><\/div>\n","protected":false},"excerpt":{"rendered":"","protected":false},"author":1,"featured_media":62545,"comment_status":"closed","ping_status":"closed","sticky":false,"template":"","format":"standard","meta":{"footnotes":""},"categories":[35],"tags":[],"class_list":["post-62544","post","type-post","status-publish","format-standard","has-post-thumbnail","hentry","category-politica"],"jetpack_featured_media_url":"https:\/\/radiorevelacionfm.cl\/wp-content\/uploads\/2025\/12\/Dip-Raphael-Aprobacion-1-1.jpg","_links":{"self":[{"href":"https:\/\/radiorevelacionfm.cl\/index.php?rest_route=\/wp\/v2\/posts\/62544","targetHints":{"allow":["GET"]}}],"collection":[{"href":"https:\/\/radiorevelacionfm.cl\/index.php?rest_route=\/wp\/v2\/posts"}],"about":[{"href":"https:\/\/radiorevelacionfm.cl\/index.php?rest_route=\/wp\/v2\/types\/post"}],"author":[{"embeddable":true,"href":"https:\/\/radiorevelacionfm.cl\/index.php?rest_route=\/wp\/v2\/users\/1"}],"replies":[{"embeddable":true,"href":"https:\/\/radiorevelacionfm.cl\/index.php?rest_route=%2Fwp%2Fv2%2Fcomments&post=62544"}],"version-history":[{"count":3,"href":"https:\/\/radiorevelacionfm.cl\/index.php?rest_route=\/wp\/v2\/posts\/62544\/revisions"}],"predecessor-version":[{"id":62550,"href":"https:\/\/radiorevelacionfm.cl\/index.php?rest_route=\/wp\/v2\/posts\/62544\/revisions\/62550"}],"wp:featuredmedia":[{"embeddable":true,"href":"https:\/\/radiorevelacionfm.cl\/index.php?rest_route=\/wp\/v2\/media\/62545"}],"wp:attachment":[{"href":"https:\/\/radiorevelacionfm.cl\/index.php?rest_route=%2Fwp%2Fv2%2Fmedia&parent=62544"}],"wp:term":[{"taxonomy":"category","embeddable":true,"href":"https:\/\/radiorevelacionfm.cl\/index.php?rest_route=%2Fwp%2Fv2%2Fcategories&post=62544"},{"taxonomy":"post_tag","embeddable":true,"href":"https:\/\/radiorevelacionfm.cl\/index.php?rest_route=%2Fwp%2Fv2%2Ftags&post=62544"}],"curies":[{"name":"wp","href":"https:\/\/api.w.org\/{rel}","templated":true}]}}