{"id":62541,"date":"2025-12-16T18:01:50","date_gmt":"2025-12-16T21:01:50","guid":{"rendered":"https:\/\/radiorevelacionfm.cl\/?p=62541"},"modified":"2025-12-16T18:01:50","modified_gmt":"2025-12-16T21:01:50","slug":"pdi-requiere-contratar-9-tecnicos-para-control-migratorio-en-pasos-fronterizos-de-aysen","status":"publish","type":"post","link":"https:\/\/radiorevelacionfm.cl\/?p=62541","title":{"rendered":"PDI requiere contratar 9 t\u00e9cnicos para control migratorio en pasos fronterizos de Ays\u00e9n"},"content":{"rendered":"<div class=\"flex_column av_one_full  flex_column_div av-zero-column-padding first  avia-builder-el-0  el_before_av_one_full  avia-builder-el-first  \" style='border-radius:0px; '><div  class='avia-image-container  av-styling-    avia-builder-el-1  avia-builder-el-no-sibling  avia-align-center '  itemprop=\"image\" itemscope=\"itemscope\" itemtype=\"https:\/\/schema.org\/ImageObject\"  ><div class='avia-image-container-inner'><div class='avia-image-overlay-wrap'><img decoding=\"async\" class='wp-image-62542 avia-img-lazy-loading-not-62542 avia_image' src=\"https:\/\/radiorevelacionfm.cl\/wp-content\/uploads\/2025\/12\/migraciones-timbre-pasaporte-1-1.jpg\" alt='' title='migraciones, timbre, pasaporte (1) (1)' height=\"600\" width=\"900\"  itemprop=\"thumbnailUrl\" srcset=\"https:\/\/radiorevelacionfm.cl\/wp-content\/uploads\/2025\/12\/migraciones-timbre-pasaporte-1-1.jpg 900w, https:\/\/radiorevelacionfm.cl\/wp-content\/uploads\/2025\/12\/migraciones-timbre-pasaporte-1-1-300x200.jpg 300w, https:\/\/radiorevelacionfm.cl\/wp-content\/uploads\/2025\/12\/migraciones-timbre-pasaporte-1-1-768x512.jpg 768w, https:\/\/radiorevelacionfm.cl\/wp-content\/uploads\/2025\/12\/migraciones-timbre-pasaporte-1-1-705x470.jpg 705w, https:\/\/radiorevelacionfm.cl\/wp-content\/uploads\/2025\/12\/migraciones-timbre-pasaporte-1-1-450x300.jpg 450w, https:\/\/radiorevelacionfm.cl\/wp-content\/uploads\/2025\/12\/migraciones-timbre-pasaporte-1-1-600x400.jpg 600w\" sizes=\"(max-width: 900px) 100vw, 900px\" \/><\/div><\/div><\/div><\/div><div class=\"flex_column av_one_full  flex_column_div av-zero-column-padding first  avia-builder-el-2  el_after_av_one_full  el_before_av_one_full  column-top-margin\" style='border-radius:0px; '><section class=\"av_textblock_section \"  itemscope=\"itemscope\" itemtype=\"https:\/\/schema.org\/BlogPosting\" itemprop=\"blogPost\" ><div class='avia_textblock  '   itemprop=\"text\" ><p style=\"text-align: center;\"><strong><span style=\"font-size: 18pt;\">PDI requiere contratar 9 t\u00e9cnicos para control migratorio en pasos fronterizos de Ays\u00e9n<\/span><\/strong><\/p>\n<div id=\"gtx-trans\" style=\"position: absolute; left: -50px; top: 4.31534px;\">\n<div class=\"gtx-trans-icon\"><\/div>\n<\/div>\n<\/div><\/section><\/div><div class=\"flex_column av_one_full  flex_column_div av-zero-column-padding first  avia-builder-el-4  el_after_av_one_full  el_before_av_hr  column-top-margin\" style='border-radius:0px; '><section class=\"av_textblock_section \"  itemscope=\"itemscope\" itemtype=\"https:\/\/schema.org\/BlogPosting\" itemprop=\"blogPost\" ><div class='avia_textblock  '   itemprop=\"text\" ><p style=\"text-align: justify;\">La Polic\u00eda de Investigaciones de Chile, a trav\u00e9s del \u00e1rea de Migraciones y Polic\u00eda Internacional, inici\u00f3 un proceso de reclutamiento a nivel nacional para t\u00e9cnicos de nivel superior que estar\u00e1 abierto hasta el viernes 2 de enero del a\u00f1o 2026.<\/p>\n<p style=\"text-align: justify;\">La Regi\u00f3n de Ays\u00e9n requiere contratar 9 cargos de T\u00e9cnico Paso Fronterizo, asimilados a grado 9, bajo la modalidad a contrata, para cubrir el control migratorio en los pasos fronterizos Coyhaique Alto, Huemules y R\u00edo Jeinimeni.<\/p>\n<p style=\"text-align: justify;\">El objetivo principal de estos cargos es realizar funciones de control migratorio en las fronteras, debiendo ejecutar tareas administrativas esenciales relacionadas con la atenci\u00f3n de p\u00fablico y la tramitaci\u00f3n de solicitudes del Departamento de Migraciones y Polic\u00eda Internacional Coyhaique.<\/p>\n<p style=\"text-align: justify;\">En base al rol de la funci\u00f3n fronteriza, los postulantes deben estar preparados para trabajar bajo un sistema de turnos rotativos semanales de 44 horas semanales, que incluyen horarios diurnos y nocturnos, tanto en d\u00edas h\u00e1biles como inh\u00e1biles.<\/p>\n<p style=\"text-align: justify;\">La renta bruta ofrecida es de $1.301.924, la que puede variar seg\u00fan la asignaci\u00f3n de zona correspondiente (105% para esta regi\u00f3n).<\/p>\n<p style=\"text-align: justify;\">Entre los requisitos destacan poseer un T\u00edtulo Acad\u00e9mico de T\u00e9cnico de Nivel Superior de al menos cuatro semestres de duraci\u00f3n, en \u00e1reas como Administraci\u00f3n, Jur\u00eddica, Recursos Humanos, Hotelera y Turismo o Inform\u00e1tica, otorgado por una instituci\u00f3n reconocida por el Mineduc. Adem\u00e1s, se requiere una experiencia laboral de a lo menos seis meses de posterior a la obtenci\u00f3n del t\u00edtulo y amplios conocimientos en control y legislaci\u00f3n migratoria e institucional, manejo de sistemas inform\u00e1ticos y administraci\u00f3n de flujos.<\/p>\n<p style=\"text-align: justify;\">Los interesados deben postular exclusivamente a trav\u00e9s del sitio web oficial de la instituci\u00f3n, <a href=\"http:\/\/www.pdichile.cl\">www.pdichile.cl<\/a>, en el enlace \u201cTrabaja con nosotros\u201d, adjuntando la documentaci\u00f3n requerida en un \u00fanico archivo PDF. Para conocer el perfil del cargo, los requisitos, las etapas del proceso y otros antecedentes ingresa a <a href=\"https:\/\/postulaciones.investigaciones.cl\/\">https:\/\/postulaciones.investigaciones.cl\/<\/a>.<\/p>\n<p style=\"text-align: justify;\">Todos los seleccionados pasar\u00e1n por un riguroso proceso de inducci\u00f3n a la Administraci\u00f3n del Estado y una capacitaci\u00f3n en los sistemas del \u00e1rea de Migraciones y Polic\u00eda Internacional para que puedan cumplir esta importante funci\u00f3n de una manera correcta y eficiente.<\/p>\n<\/div><\/section><\/div><div  style='height:50px' class='hr hr-invisible   avia-builder-el-6  el_after_av_one_full  el_before_av_social_share '><span class='hr-inner ' ><span class='hr-inner-style'><\/span><\/span><\/div><\/p>\n<div  class='av-social-sharing-box  avia-builder-el-7  el_after_av_hr  el_before_av_hr  '><div class='av-share-box'><h5 class='av-share-link-description av-no-toc '>Compartir esta noticia<\/h5><ul class='av-share-box-list noLightbox'><li class='av-share-link av-social-link-facebook' ><a target=\"_blank\" aria-label=\"Compartir en Facebook\" href='https:\/\/www.facebook.com\/sharer.php?u=https:\/\/radiorevelacionfm.cl\/?p=62541&#038;t=PDI%20requiere%20contratar%209%20t%C3%A9cnicos%20para%20control%20migratorio%20en%20pasos%20fronterizos%20de%20Ays%C3%A9n' aria-hidden='false' data-av_icon='\ue8f3' data-av_iconfont='entypo-fontello' title='' data-avia-related-tooltip='Compartir en Facebook' rel=\"noopener\"><span class='avia_hidden_link_text'>Compartir en Facebook<\/span><\/a><\/li><li class='av-share-link av-social-link-twitter' ><a target=\"_blank\" aria-label=\"Compartir en Twitter\" href='https:\/\/twitter.com\/share?text=PDI%20requiere%20contratar%209%20t%C3%A9cnicos%20para%20control%20migratorio%20en%20pasos%20fronterizos%20de%20Ays%C3%A9n&#038;url=https:\/\/radiorevelacionfm.cl\/?p=62541' aria-hidden='false' data-av_icon='\ue8f1' data-av_iconfont='entypo-fontello' title='' data-avia-related-tooltip='Compartir en Twitter' rel=\"noopener\"><span class='avia_hidden_link_text'>Compartir en Twitter<\/span><\/a><\/li><li class='av-share-link av-social-link-whatsapp' ><a target=\"_blank\" aria-label=\"Compartir en Whatsapp\" href='https:\/\/api.whatsapp.com\/send?text=https:\/\/radiorevelacionfm.cl\/?p=62541' aria-hidden='false' data-av_icon='\uf232' data-av_iconfont='entypo-fontello' title='' data-avia-related-tooltip='Compartir en Whatsapp' rel=\"noopener\"><span class='avia_hidden_link_text'>Compartir en Whatsapp<\/span><\/a><\/li><li class='av-share-link av-social-link-linkedin' ><a target=\"_blank\" aria-label=\"Compartir en LinkedIn\" href='https:\/\/linkedin.com\/shareArticle?mini=true&#038;title=PDI%20requiere%20contratar%209%20t%C3%A9cnicos%20para%20control%20migratorio%20en%20pasos%20fronterizos%20de%20Ays%C3%A9n&#038;url=https:\/\/radiorevelacionfm.cl\/?p=62541' aria-hidden='false' data-av_icon='\ue8fc' data-av_iconfont='entypo-fontello' title='' data-avia-related-tooltip='Compartir en LinkedIn' rel=\"noopener\"><span class='avia_hidden_link_text'>Compartir en LinkedIn<\/span><\/a><\/li><li class='av-share-link av-social-link-mail' ><a  aria-label=\"Compartir por correo\" href='mailto:?subject=PDI%20requiere%20contratar%209%20t%C3%A9cnicos%20para%20control%20migratorio%20en%20pasos%20fronterizos%20de%20Ays%C3%A9n&#038;body=https:\/\/radiorevelacionfm.cl\/?p=62541' aria-hidden='false' data-av_icon='\ue805' data-av_iconfont='entypo-fontello' title='' data-avia-related-tooltip='Compartir por correo'><span class='avia_hidden_link_text'>Compartir por correo<\/span><\/a><\/li><\/ul><\/div><\/div>\n<div  style='height:50px' class='hr hr-invisible   avia-builder-el-8  el_after_av_social_share  el_before_av_comments_list '><span class='hr-inner ' ><span class='hr-inner-style'><\/span><\/span><\/div>\n<div  class='av-buildercomment  av-blog-meta-html-info-disabled av-blog-meta-tag-disabled  '><\/div>\n","protected":false},"excerpt":{"rendered":"","protected":false},"author":1,"featured_media":62542,"comment_status":"closed","ping_status":"closed","sticky":false,"template":"","format":"standard","meta":{"footnotes":""},"categories":[38],"tags":[],"class_list":["post-62541","post","type-post","status-publish","format-standard","has-post-thumbnail","hentry","category-regional"],"jetpack_featured_media_url":"https:\/\/radiorevelacionfm.cl\/wp-content\/uploads\/2025\/12\/migraciones-timbre-pasaporte-1-1.jpg","_links":{"self":[{"href":"https:\/\/radiorevelacionfm.cl\/index.php?rest_route=\/wp\/v2\/posts\/62541","targetHints":{"allow":["GET"]}}],"collection":[{"href":"https:\/\/radiorevelacionfm.cl\/index.php?rest_route=\/wp\/v2\/posts"}],"about":[{"href":"https:\/\/radiorevelacionfm.cl\/index.php?rest_route=\/wp\/v2\/types\/post"}],"author":[{"embeddable":true,"href":"https:\/\/radiorevelacionfm.cl\/index.php?rest_route=\/wp\/v2\/users\/1"}],"replies":[{"embeddable":true,"href":"https:\/\/radiorevelacionfm.cl\/index.php?rest_route=%2Fwp%2Fv2%2Fcomments&post=62541"}],"version-history":[{"count":2,"href":"https:\/\/radiorevelacionfm.cl\/index.php?rest_route=\/wp\/v2\/posts\/62541\/revisions"}],"predecessor-version":[{"id":62548,"href":"https:\/\/radiorevelacionfm.cl\/index.php?rest_route=\/wp\/v2\/posts\/62541\/revisions\/62548"}],"wp:featuredmedia":[{"embeddable":true,"href":"https:\/\/radiorevelacionfm.cl\/index.php?rest_route=\/wp\/v2\/media\/62542"}],"wp:attachment":[{"href":"https:\/\/radiorevelacionfm.cl\/index.php?rest_route=%2Fwp%2Fv2%2Fmedia&parent=62541"}],"wp:term":[{"taxonomy":"category","embeddable":true,"href":"https:\/\/radiorevelacionfm.cl\/index.php?rest_route=%2Fwp%2Fv2%2Fcategories&post=62541"},{"taxonomy":"post_tag","embeddable":true,"href":"https:\/\/radiorevelacionfm.cl\/index.php?rest_route=%2Fwp%2Fv2%2Ftags&post=62541"}],"curies":[{"name":"wp","href":"https:\/\/api.w.org\/{rel}","templated":true}]}}