{"id":62537,"date":"2025-12-16T21:03:52","date_gmt":"2025-12-17T00:03:52","guid":{"rendered":"https:\/\/radiorevelacionfm.cl\/?p=62537"},"modified":"2025-12-16T21:03:52","modified_gmt":"2025-12-17T00:03:52","slug":"avanza-proyecto-de-ley-que-perfecciona-los-sistemas-medianos-es-aprobado-por-unanimidad-en-la-comision-de-hacienda-del-senado","status":"publish","type":"post","link":"https:\/\/radiorevelacionfm.cl\/?p=62537","title":{"rendered":"Avanza proyecto de ley que perfecciona los sistemas medianos: es aprobado por unanimidad en la Comisi\u00f3n de Hacienda del Senado"},"content":{"rendered":"<div class=\"flex_column av_one_full  flex_column_div av-zero-column-padding first  avia-builder-el-0  el_before_av_one_full  avia-builder-el-first  \" style='border-radius:0px; '><div  class='avia-image-container  av-styling-    avia-builder-el-1  avia-builder-el-no-sibling  avia-align-center '  itemprop=\"image\" itemscope=\"itemscope\" itemtype=\"https:\/\/schema.org\/ImageObject\"  ><div class='avia-image-container-inner'><div class='avia-image-overlay-wrap'><img decoding=\"async\" class='wp-image-62538 avia-img-lazy-loading-not-62538 avia_image' src=\"https:\/\/radiorevelacionfm.cl\/wp-content\/uploads\/2025\/12\/54988442770_8415e8c8e0_k-1-1.jpg\" alt='' title='54988442770_8415e8c8e0_k (1) (1)' height=\"600\" width=\"900\"  itemprop=\"thumbnailUrl\" srcset=\"https:\/\/radiorevelacionfm.cl\/wp-content\/uploads\/2025\/12\/54988442770_8415e8c8e0_k-1-1.jpg 900w, https:\/\/radiorevelacionfm.cl\/wp-content\/uploads\/2025\/12\/54988442770_8415e8c8e0_k-1-1-300x200.jpg 300w, https:\/\/radiorevelacionfm.cl\/wp-content\/uploads\/2025\/12\/54988442770_8415e8c8e0_k-1-1-768x512.jpg 768w, https:\/\/radiorevelacionfm.cl\/wp-content\/uploads\/2025\/12\/54988442770_8415e8c8e0_k-1-1-705x470.jpg 705w, https:\/\/radiorevelacionfm.cl\/wp-content\/uploads\/2025\/12\/54988442770_8415e8c8e0_k-1-1-450x300.jpg 450w, https:\/\/radiorevelacionfm.cl\/wp-content\/uploads\/2025\/12\/54988442770_8415e8c8e0_k-1-1-600x400.jpg 600w\" sizes=\"(max-width: 900px) 100vw, 900px\" \/><\/div><\/div><\/div><\/div><div class=\"flex_column av_one_full  flex_column_div av-zero-column-padding first  avia-builder-el-2  el_after_av_one_full  el_before_av_one_full  column-top-margin\" style='border-radius:0px; '><section class=\"av_textblock_section \"  itemscope=\"itemscope\" itemtype=\"https:\/\/schema.org\/BlogPosting\" itemprop=\"blogPost\" ><div class='avia_textblock  '   itemprop=\"text\" ><p style=\"text-align: center;\"><strong><span style=\"font-size: 18pt;\">Avanza proyecto de ley que perfecciona los sistemas medianos: es aprobado por unanimidad en la Comisi\u00f3n de Hacienda del Senado<\/span><\/strong><\/p>\n<div id=\"gtx-trans\" style=\"position: absolute; left: -50px; top: 4.31534px;\">\n<div class=\"gtx-trans-icon\"><\/div>\n<\/div>\n<\/div><\/section><\/div><div class=\"flex_column av_one_full  flex_column_div av-zero-column-padding first  avia-builder-el-4  el_after_av_one_full  el_before_av_hr  column-top-margin\" style='border-radius:0px; '><section class=\"av_textblock_section \"  itemscope=\"itemscope\" itemtype=\"https:\/\/schema.org\/BlogPosting\" itemprop=\"blogPost\" ><div class='avia_textblock  '   itemprop=\"text\" ><p style=\"text-align: justify;\"><strong><em>La<\/em><\/strong> <strong><em>iniciativa, que<\/em><\/strong> <strong><em>se<\/em><\/strong> <strong><em>encuentra<\/em><\/strong> <strong><em>en<\/em><\/strong> <strong><em>su<\/em><\/strong> <strong><em>segundo<\/em><\/strong> <strong><em>tr\u00e1mite<\/em><\/strong> <strong><em>legislativo,<\/em><\/strong><strong><em> busca reducir las brechas en el acceso y calidad del suministro el\u00e9ctrico en zonas alejadas, y propone que los sistemas medianos de las regiones de Los Lagos, Ays\u00e9n y Magallanes se sumen a la transici\u00f3n energ\u00e9tica.<\/em><\/strong><\/p>\n<p style=\"text-align: justify;\">Este martes, la Comisi\u00f3n de Hacienda del Senado aprob\u00f3, de forma un\u00e1nime, el \u00edtem presupuestario del proyecto de ley que busca perfeccionar la normativa de los sistemas medianos existentes en la regi\u00f3n de Los Lagos, Ays\u00e9n y Magallanes. Un avance significativo para la propuesta, que ahora debe pasar a votaci\u00f3n en Sala.<\/p>\n<p style=\"text-align: justify;\">El proyecto de ley tiene por objetivo modernizar y ajustar la regulaci\u00f3n introducida en 2004 por la ley N\u00b0 19.940, realizando los cambios necesarios, para que, sin dejar de reconocer las caracter\u00edsticas propias y especificidades de estos sistemas, puedan sumarse eficazmente a la transici\u00f3n energ\u00e9tica y a la mayor promoci\u00f3n de las energ\u00edas renovables no convencionales.<\/p>\n<p style=\"text-align: justify;\">En la sesi\u00f3n, el biministro de Energ\u00eda y de Econom\u00eda, Fomento y Turismo, \u00c1lvaro Garc\u00eda, sostuvo que \u201ceste proyecto permite que se abra el sistema, lo que facilita que se incorporen nuevos proyectos de generaci\u00f3n el\u00e9ctrica. Tambi\u00e9n aborda la vulnerabilidad de los 109 sistemas aislados que existen en Chile, es decir, se hace cargo de la precariedad, los altos costos y la escasa regulaci\u00f3n que complejizan la situaci\u00f3n energ\u00e9tica de las m\u00e1s de 10 mil familias que obtienen energ\u00eda a trav\u00e9s de esos sistemas\u201d.<\/p>\n<p style=\"text-align: justify;\">Por su parte, el Subsecretario de Energ\u00eda, Luis Felipe Ramos asegur\u00f3 que esta iniciativa significar\u00e1 un cambio sustancial para muchas familias del pa\u00eds. \u201cEstamos cumpliendo con un compromiso entre el Ejecutivo y el Congreso de incorporar el anhelo de contar con una modernizaci\u00f3n de la regulaci\u00f3n de los sistemas medianos y aislados. Con este proyecto de ley establecemos medidas tarifarias, que ya se aplican en todo el pa\u00eds, de Arica a Chilo\u00e9, y ahora se extienden desde Chilo\u00e9 hacia el sur. Por otra parte, vamos a ir incentivando de manera progresiva el ingreso de energ\u00edas renovables en el sistema el\u00e9ctrico, con la finalidad de incorporar a las regiones de Los Lagos, Ays\u00e9n y Magallanes en el proceso de transici\u00f3n energ\u00e9tica que estamos viviendo como pa\u00eds\u201d.<\/p>\n<p style=\"text-align: justify;\">El proyecto de ley ahora ser\u00e1 votado en la Sala del Senado y, en caso de aprobarse, quedar\u00e1 en condiciones de transformarse en ley de la Rep\u00fablica.<\/p>\n<p style=\"text-align: justify;\"><strong>Contenidos del proyecto<\/strong><\/p>\n<p style=\"text-align: justify;\">El proyecto de ley se fundamenta en cuatro ejes. El primero es la definici\u00f3n y categorizaci\u00f3n de los sistemas medianos y aislados, que deja de lado el criterio \u00fanico de capacidad instalada de generaci\u00f3n, que no refleja adecuadamente la diversidad y especificidades de las \u00e1reas donde operan estos sistemas.<\/p>\n<p style=\"text-align: justify;\">En segundo lugar, el eje de actualizaci\u00f3n del procedimiento de planificaci\u00f3n, que busca propender al desarrollo de las inversiones, considerando -adem\u00e1s de las variables de eficiencia y seguridad actuales- la incorporaci\u00f3n de energ\u00edas renovables y almacenamiento. Luego, se encuentra el eje de ajustes en la tarificaci\u00f3n de los sistemas medianos, que persigue extender los mecanismos de equidad existentes, permitiendo el desarrollo econ\u00f3mico de las regiones involucradas.<\/p>\n<p style=\"text-align: justify;\">Por \u00faltimo, el eje de participaci\u00f3n ciudadana. El proyecto de ley incentiva la incorporaci\u00f3n de proyectos renovables en los Sistemas Medianos, mediante la especificaci\u00f3n del principio de acceso abierto, para que las empresas transmisoras y distribuidoras permitan la entrada de nuevos proyectos que se conecten por l\u00edneas propias o de terceros. Igualmente, se fomentan aquellas obras de planes de expansi\u00f3n que incorporan generaci\u00f3n renovable en las siguientes fijaciones tarifarias.<\/p>\n<p style=\"text-align: justify;\">Por otro lado, la iniciativa de ley genera las condiciones para que los 109 sistemas aislados existentes en el pa\u00eds puedan transitar a convertirse en un sistema mediano, permiti\u00e9ndoles reducir las cuentas de la luz y acceder a las tarifas reguladas que actualmente rigen entre Arica y Chilo\u00e9. Lo anterior, significar\u00e1 que m\u00e1s de 10 mil familias que reciben suministro el\u00e9ctrico a trav\u00e9s de estos sistemas aislados puedan experimentar una mejor calidad de servicio, y una mejor calidad de vida.<\/p>\n<\/div><\/section><\/div><div  style='height:50px' class='hr hr-invisible   avia-builder-el-6  el_after_av_one_full  el_before_av_social_share '><span class='hr-inner ' ><span class='hr-inner-style'><\/span><\/span><\/div><\/p>\n<div  class='av-social-sharing-box  avia-builder-el-7  el_after_av_hr  el_before_av_hr  '><div class='av-share-box'><h5 class='av-share-link-description av-no-toc '>Compartir esta noticia<\/h5><ul class='av-share-box-list noLightbox'><li class='av-share-link av-social-link-facebook' ><a target=\"_blank\" aria-label=\"Compartir en Facebook\" href='https:\/\/www.facebook.com\/sharer.php?u=https:\/\/radiorevelacionfm.cl\/?p=62537&#038;t=Avanza%20proyecto%20de%20ley%20que%20perfecciona%20los%20sistemas%20medianos%3A%20es%20aprobado%20por%20unanimidad%20en%20la%20Comisi%C3%B3n%20de%20Hacienda%20del%20Senado' aria-hidden='false' data-av_icon='\ue8f3' data-av_iconfont='entypo-fontello' title='' data-avia-related-tooltip='Compartir en Facebook' rel=\"noopener\"><span class='avia_hidden_link_text'>Compartir en Facebook<\/span><\/a><\/li><li class='av-share-link av-social-link-twitter' ><a target=\"_blank\" aria-label=\"Compartir en Twitter\" href='https:\/\/twitter.com\/share?text=Avanza%20proyecto%20de%20ley%20que%20perfecciona%20los%20sistemas%20medianos%3A%20es%20aprobado%20por%20unanimidad%20en%20la%20Comisi%C3%B3n%20de%20Hacienda%20del%20Senado&#038;url=https:\/\/radiorevelacionfm.cl\/?p=62537' aria-hidden='false' data-av_icon='\ue8f1' data-av_iconfont='entypo-fontello' title='' data-avia-related-tooltip='Compartir en Twitter' rel=\"noopener\"><span class='avia_hidden_link_text'>Compartir en Twitter<\/span><\/a><\/li><li class='av-share-link av-social-link-whatsapp' ><a target=\"_blank\" aria-label=\"Compartir en Whatsapp\" href='https:\/\/api.whatsapp.com\/send?text=https:\/\/radiorevelacionfm.cl\/?p=62537' aria-hidden='false' data-av_icon='\uf232' data-av_iconfont='entypo-fontello' title='' data-avia-related-tooltip='Compartir en Whatsapp' rel=\"noopener\"><span class='avia_hidden_link_text'>Compartir en Whatsapp<\/span><\/a><\/li><li class='av-share-link av-social-link-linkedin' ><a target=\"_blank\" aria-label=\"Compartir en LinkedIn\" href='https:\/\/linkedin.com\/shareArticle?mini=true&#038;title=Avanza%20proyecto%20de%20ley%20que%20perfecciona%20los%20sistemas%20medianos%3A%20es%20aprobado%20por%20unanimidad%20en%20la%20Comisi%C3%B3n%20de%20Hacienda%20del%20Senado&#038;url=https:\/\/radiorevelacionfm.cl\/?p=62537' aria-hidden='false' data-av_icon='\ue8fc' data-av_iconfont='entypo-fontello' title='' data-avia-related-tooltip='Compartir en LinkedIn' rel=\"noopener\"><span class='avia_hidden_link_text'>Compartir en LinkedIn<\/span><\/a><\/li><li class='av-share-link av-social-link-mail' ><a  aria-label=\"Compartir por correo\" href='mailto:?subject=Avanza%20proyecto%20de%20ley%20que%20perfecciona%20los%20sistemas%20medianos%3A%20es%20aprobado%20por%20unanimidad%20en%20la%20Comisi%C3%B3n%20de%20Hacienda%20del%20Senado&#038;body=https:\/\/radiorevelacionfm.cl\/?p=62537' aria-hidden='false' data-av_icon='\ue805' data-av_iconfont='entypo-fontello' title='' data-avia-related-tooltip='Compartir por correo'><span class='avia_hidden_link_text'>Compartir por correo<\/span><\/a><\/li><\/ul><\/div><\/div>\n<div  style='height:50px' class='hr hr-invisible   avia-builder-el-8  el_after_av_social_share  el_before_av_comments_list '><span class='hr-inner ' ><span class='hr-inner-style'><\/span><\/span><\/div>\n<div  class='av-buildercomment  av-blog-meta-html-info-disabled av-blog-meta-tag-disabled  '><\/div>\n","protected":false},"excerpt":{"rendered":"","protected":false},"author":1,"featured_media":62538,"comment_status":"closed","ping_status":"closed","sticky":false,"template":"","format":"standard","meta":{"footnotes":""},"categories":[38],"tags":[],"class_list":["post-62537","post","type-post","status-publish","format-standard","has-post-thumbnail","hentry","category-regional"],"jetpack_featured_media_url":"https:\/\/radiorevelacionfm.cl\/wp-content\/uploads\/2025\/12\/54988442770_8415e8c8e0_k-1-1.jpg","_links":{"self":[{"href":"https:\/\/radiorevelacionfm.cl\/index.php?rest_route=\/wp\/v2\/posts\/62537","targetHints":{"allow":["GET"]}}],"collection":[{"href":"https:\/\/radiorevelacionfm.cl\/index.php?rest_route=\/wp\/v2\/posts"}],"about":[{"href":"https:\/\/radiorevelacionfm.cl\/index.php?rest_route=\/wp\/v2\/types\/post"}],"author":[{"embeddable":true,"href":"https:\/\/radiorevelacionfm.cl\/index.php?rest_route=\/wp\/v2\/users\/1"}],"replies":[{"embeddable":true,"href":"https:\/\/radiorevelacionfm.cl\/index.php?rest_route=%2Fwp%2Fv2%2Fcomments&post=62537"}],"version-history":[{"count":2,"href":"https:\/\/radiorevelacionfm.cl\/index.php?rest_route=\/wp\/v2\/posts\/62537\/revisions"}],"predecessor-version":[{"id":62551,"href":"https:\/\/radiorevelacionfm.cl\/index.php?rest_route=\/wp\/v2\/posts\/62537\/revisions\/62551"}],"wp:featuredmedia":[{"embeddable":true,"href":"https:\/\/radiorevelacionfm.cl\/index.php?rest_route=\/wp\/v2\/media\/62538"}],"wp:attachment":[{"href":"https:\/\/radiorevelacionfm.cl\/index.php?rest_route=%2Fwp%2Fv2%2Fmedia&parent=62537"}],"wp:term":[{"taxonomy":"category","embeddable":true,"href":"https:\/\/radiorevelacionfm.cl\/index.php?rest_route=%2Fwp%2Fv2%2Fcategories&post=62537"},{"taxonomy":"post_tag","embeddable":true,"href":"https:\/\/radiorevelacionfm.cl\/index.php?rest_route=%2Fwp%2Fv2%2Ftags&post=62537"}],"curies":[{"name":"wp","href":"https:\/\/api.w.org\/{rel}","templated":true}]}}