{"id":62534,"date":"2025-12-16T17:09:38","date_gmt":"2025-12-16T20:09:38","guid":{"rendered":"https:\/\/radiorevelacionfm.cl\/?p=62534"},"modified":"2025-12-16T17:09:38","modified_gmt":"2025-12-16T20:09:38","slug":"ministerio-de-educacion-destaca-a-estudiante-de-puerto-aysen-seleccionada-nacional-en-el-desafio-de-microcuentos-en-ingles-spill-the-ink-2025","status":"publish","type":"post","link":"https:\/\/radiorevelacionfm.cl\/?p=62534","title":{"rendered":"Ministerio de Educaci\u00f3n destaca a estudiante de Puerto Ays\u00e9n seleccionada nacional en el desaf\u00edo de microcuentos en ingl\u00e9s, Spill the Ink 2025"},"content":{"rendered":"<div class=\"flex_column av_one_full  flex_column_div av-zero-column-padding first  avia-builder-el-0  el_before_av_one_full  avia-builder-el-first  \" style='border-radius:0px; '><div  class='avia-image-container  av-styling-    avia-builder-el-1  avia-builder-el-no-sibling  avia-align-center '  itemprop=\"image\" itemscope=\"itemscope\" itemtype=\"https:\/\/schema.org\/ImageObject\"  ><div class='avia-image-container-inner'><div class='avia-image-overlay-wrap'><img decoding=\"async\" class='wp-image-62535 avia-img-lazy-loading-not-62535 avia_image' src=\"https:\/\/radiorevelacionfm.cl\/wp-content\/uploads\/2025\/12\/diploma-1-1.jpeg\" alt='' title='diploma (1) (1)' height=\"600\" width=\"861\"  itemprop=\"thumbnailUrl\" srcset=\"https:\/\/radiorevelacionfm.cl\/wp-content\/uploads\/2025\/12\/diploma-1-1.jpeg 861w, https:\/\/radiorevelacionfm.cl\/wp-content\/uploads\/2025\/12\/diploma-1-1-300x209.jpeg 300w, https:\/\/radiorevelacionfm.cl\/wp-content\/uploads\/2025\/12\/diploma-1-1-768x535.jpeg 768w, https:\/\/radiorevelacionfm.cl\/wp-content\/uploads\/2025\/12\/diploma-1-1-705x491.jpeg 705w, https:\/\/radiorevelacionfm.cl\/wp-content\/uploads\/2025\/12\/diploma-1-1-450x314.jpeg 450w, https:\/\/radiorevelacionfm.cl\/wp-content\/uploads\/2025\/12\/diploma-1-1-600x418.jpeg 600w\" sizes=\"(max-width: 861px) 100vw, 861px\" \/><\/div><\/div><\/div><\/div><div class=\"flex_column av_one_full  flex_column_div av-zero-column-padding first  avia-builder-el-2  el_after_av_one_full  el_before_av_one_full  column-top-margin\" style='border-radius:0px; '><section class=\"av_textblock_section \"  itemscope=\"itemscope\" itemtype=\"https:\/\/schema.org\/BlogPosting\" itemprop=\"blogPost\" ><div class='avia_textblock  '   itemprop=\"text\" ><p style=\"text-align: center;\"><span style=\"font-size: 18pt;\"><b>Ministerio de Educaci\u00f3n destaca a estudiante de Puerto Ays\u00e9n seleccionada nacional en el desaf\u00edo de microcuentos en ingl\u00e9s, Spill the Ink 2025<\/b><\/span><\/p>\n<div id=\"gtx-trans\" style=\"position: absolute; left: -50px; top: 4.31534px;\">\n<div class=\"gtx-trans-icon\"><\/div>\n<\/div>\n<\/div><\/section><\/div><div class=\"flex_column av_one_full  flex_column_div av-zero-column-padding first  avia-builder-el-4  el_after_av_one_full  el_before_av_hr  column-top-margin\" style='border-radius:0px; '><section class=\"av_textblock_section \"  itemscope=\"itemscope\" itemtype=\"https:\/\/schema.org\/BlogPosting\" itemprop=\"blogPost\" ><div class='avia_textblock  '   itemprop=\"text\" ><p style=\"font-weight: 400; text-align: justify;\">El jueves en el Colegio Kalem Bicentenario de Puerto Ays\u00e9n la representante de la Seremi de Educaci\u00f3n Caterina Ochoa y la Coordinadora de Ingl\u00e9s de la SECREDUC Carolina Godoy realizaron un reconocimiento a Javiera Saldivia Soto una de los 16 estudiantes del pa\u00eds seleccionados\/as del desaf\u00edo\u00a0de microcuentos en ingl\u00e9s, Spill the Ink 2025,\u00a0organizado por el Ministerio de Educaci\u00f3n a trav\u00e9s del Programa Ingl\u00e9s Abre Puertas.<\/p>\n<p style=\"font-weight: 400; text-align: justify;\">En la oportunidad, Javiera estudiante de Cuarto Medio estuvo tambi\u00e9n acompa\u00f1ada por la directora del plantel Marcela Jaramillo, su profesor de Ingl\u00e9s y asesor Marcelo Aburto y sus orgullosos padres.<\/p>\n<p style=\"font-weight: 400; text-align: justify;\">Spill the Ink es una iniciativa dirigida a estudiantes de I\u00ba a IV\u00aa medio, que busca fortalecer la habilidad ling\u00fc\u00edstica productiva de escritura, mediante la creaci\u00f3n de microcuentos en ingl\u00e9s de entre 80 y 100 palabras de tem\u00e1ticas de la actualidad e inter\u00e9s del p\u00fablico, siguiendo los pasos del proceso de escritura indicados en el Curr\u00edculum Nacional de Ingl\u00e9s.<\/p>\n<p style=\"font-weight: 400; text-align: justify;\">Hasta la fecha, el concurso ha contado con una edici\u00f3n por a\u00f1o desde el 2020. En cada una se seleccionaron 16 microcuentos ganadores que fueron publicados en una edici\u00f3n impresa que incluye ilustraciones profesionales. Los microcuentos son compartidos en formato escrito en la web y redes sociales del Programa Ingl\u00e9s Abre Puertas y el Ministerio de Educaci\u00f3n.<\/p>\n<p style=\"font-weight: 400; text-align: justify;\">La seremi de Educaci\u00f3n de Ays\u00e9n Katherine Miqueles expres\u00f3: \u201cFelicitamos a Javiera por su creatividad, reflexi\u00f3n y talento al escribir un cuento ganador en ingl\u00e9s centrado en explorar la m\u00fasica como un lenguaje universal que une culturas, comunidades y corazones bajo el lema &#8216;Beats &amp; Bridges: Connecting through Music!&#8217;.<\/p>\n<p style=\"font-weight: 400; text-align: justify;\">Javiera Saldivia se mostr\u00f3 muy contenta con esta distinci\u00f3n y manifest\u00f3 su inter\u00e9s de estudiar Pedagog\u00eda en Ingl\u00e9s.<\/p>\n<p style=\"font-weight: 400; text-align: justify;\">\u201cAl principio me cost\u00f3 articular las ideas del cuento pero fui ensayando y recibiendo la retroalimentaci\u00f3n de mi profesor que me dijo que le incorporara elementos de la Patagonia, como el viento. Hice tres versiones del cuento y tambi\u00e9n cont\u00e9 con la ayuda de compa\u00f1eras de curso que me aportaron ideas pensando que fueran interesantes para el p\u00fablico al que estaba dirigido el cuento y as\u00ed llegamos a este resultado\u201d.<\/p>\n<p style=\"font-weight: 400; text-align: justify;\">El profesor Marcelo Aburto manifest\u00f3 que \u201cEstoy muy contento como profesor de Javiera porque ella se comprometi\u00f3 en un proceso que no es sencillo y que pasa por varios momentos y para eso se requiere la disposici\u00f3n de la estudiante\u00a0 y Javiera ha tenido una muy buena disposici\u00f3n para tomar su cuento, analizarlo a nivel ling\u00fc\u00edstico, a nivel de intensi\u00f3n comunicativa, para incorporarle elementos propios de nuestra zona y darle una identidad. Javiera trabaj\u00f3 tambi\u00e9n con su profesora de lenguaje espa\u00f1ol para darle la estructura inicial en su idioma original y luego lo trasladamos al idioma ingl\u00e9s. Posteriormente hicimos todas las revisiones; en s\u00edntesis es un proceso que tiene sus complejidades pero con la colaboraci\u00f3n de ambas partes se lleg\u00f3 a un muy buen resultado\u201d.<\/p>\n<\/div><\/section><\/div><div  style='height:50px' class='hr hr-invisible   avia-builder-el-6  el_after_av_one_full  el_before_av_social_share '><span class='hr-inner ' ><span class='hr-inner-style'><\/span><\/span><\/div><\/p>\n<div  class='av-social-sharing-box  avia-builder-el-7  el_after_av_hr  el_before_av_hr  '><div class='av-share-box'><h5 class='av-share-link-description av-no-toc '>Compartir esta noticia<\/h5><ul class='av-share-box-list noLightbox'><li class='av-share-link av-social-link-facebook' ><a target=\"_blank\" aria-label=\"Compartir en Facebook\" href='https:\/\/www.facebook.com\/sharer.php?u=https:\/\/radiorevelacionfm.cl\/?p=62534&#038;t=Ministerio%20de%20Educaci%C3%B3n%20destaca%20a%20estudiante%20de%20Puerto%20Ays%C3%A9n%20seleccionada%20nacional%20en%20el%20desaf%C3%ADo%20de%20microcuentos%20en%20ingl%C3%A9s%2C%20Spill%20the%20Ink%202025' aria-hidden='false' data-av_icon='\ue8f3' data-av_iconfont='entypo-fontello' title='' data-avia-related-tooltip='Compartir en Facebook' rel=\"noopener\"><span class='avia_hidden_link_text'>Compartir en Facebook<\/span><\/a><\/li><li class='av-share-link av-social-link-twitter' ><a target=\"_blank\" aria-label=\"Compartir en Twitter\" href='https:\/\/twitter.com\/share?text=Ministerio%20de%20Educaci%C3%B3n%20destaca%20a%20estudiante%20de%20Puerto%20Ays%C3%A9n%20seleccionada%20nacional%20en%20el%20desaf%C3%ADo%20de%20microcuentos%20en%20ingl%C3%A9s%2C%20Spill%20the%20Ink%202025&#038;url=https:\/\/radiorevelacionfm.cl\/?p=62534' aria-hidden='false' data-av_icon='\ue8f1' data-av_iconfont='entypo-fontello' title='' data-avia-related-tooltip='Compartir en Twitter' rel=\"noopener\"><span class='avia_hidden_link_text'>Compartir en Twitter<\/span><\/a><\/li><li class='av-share-link av-social-link-whatsapp' ><a target=\"_blank\" aria-label=\"Compartir en Whatsapp\" href='https:\/\/api.whatsapp.com\/send?text=https:\/\/radiorevelacionfm.cl\/?p=62534' aria-hidden='false' data-av_icon='\uf232' data-av_iconfont='entypo-fontello' title='' data-avia-related-tooltip='Compartir en Whatsapp' rel=\"noopener\"><span class='avia_hidden_link_text'>Compartir en Whatsapp<\/span><\/a><\/li><li class='av-share-link av-social-link-linkedin' ><a target=\"_blank\" aria-label=\"Compartir en LinkedIn\" href='https:\/\/linkedin.com\/shareArticle?mini=true&#038;title=Ministerio%20de%20Educaci%C3%B3n%20destaca%20a%20estudiante%20de%20Puerto%20Ays%C3%A9n%20seleccionada%20nacional%20en%20el%20desaf%C3%ADo%20de%20microcuentos%20en%20ingl%C3%A9s%2C%20Spill%20the%20Ink%202025&#038;url=https:\/\/radiorevelacionfm.cl\/?p=62534' aria-hidden='false' data-av_icon='\ue8fc' data-av_iconfont='entypo-fontello' title='' data-avia-related-tooltip='Compartir en LinkedIn' rel=\"noopener\"><span class='avia_hidden_link_text'>Compartir en LinkedIn<\/span><\/a><\/li><li class='av-share-link av-social-link-mail' ><a  aria-label=\"Compartir por correo\" href='mailto:?subject=Ministerio%20de%20Educaci%C3%B3n%20destaca%20a%20estudiante%20de%20Puerto%20Ays%C3%A9n%20seleccionada%20nacional%20en%20el%20desaf%C3%ADo%20de%20microcuentos%20en%20ingl%C3%A9s%2C%20Spill%20the%20Ink%202025&#038;body=https:\/\/radiorevelacionfm.cl\/?p=62534' aria-hidden='false' data-av_icon='\ue805' data-av_iconfont='entypo-fontello' title='' data-avia-related-tooltip='Compartir por correo'><span class='avia_hidden_link_text'>Compartir por correo<\/span><\/a><\/li><\/ul><\/div><\/div>\n<div  style='height:50px' class='hr hr-invisible   avia-builder-el-8  el_after_av_social_share  el_before_av_comments_list '><span class='hr-inner ' ><span class='hr-inner-style'><\/span><\/span><\/div>\n<div  class='av-buildercomment  av-blog-meta-html-info-disabled av-blog-meta-tag-disabled  '><\/div>\n","protected":false},"excerpt":{"rendered":"","protected":false},"author":1,"featured_media":62535,"comment_status":"closed","ping_status":"closed","sticky":false,"template":"","format":"standard","meta":{"footnotes":""},"categories":[49],"tags":[],"class_list":["post-62534","post","type-post","status-publish","format-standard","has-post-thumbnail","hentry","category-educacion"],"jetpack_featured_media_url":"https:\/\/radiorevelacionfm.cl\/wp-content\/uploads\/2025\/12\/diploma-1-1.jpeg","_links":{"self":[{"href":"https:\/\/radiorevelacionfm.cl\/index.php?rest_route=\/wp\/v2\/posts\/62534","targetHints":{"allow":["GET"]}}],"collection":[{"href":"https:\/\/radiorevelacionfm.cl\/index.php?rest_route=\/wp\/v2\/posts"}],"about":[{"href":"https:\/\/radiorevelacionfm.cl\/index.php?rest_route=\/wp\/v2\/types\/post"}],"author":[{"embeddable":true,"href":"https:\/\/radiorevelacionfm.cl\/index.php?rest_route=\/wp\/v2\/users\/1"}],"replies":[{"embeddable":true,"href":"https:\/\/radiorevelacionfm.cl\/index.php?rest_route=%2Fwp%2Fv2%2Fcomments&post=62534"}],"version-history":[{"count":2,"href":"https:\/\/radiorevelacionfm.cl\/index.php?rest_route=\/wp\/v2\/posts\/62534\/revisions"}],"predecessor-version":[{"id":62540,"href":"https:\/\/radiorevelacionfm.cl\/index.php?rest_route=\/wp\/v2\/posts\/62534\/revisions\/62540"}],"wp:featuredmedia":[{"embeddable":true,"href":"https:\/\/radiorevelacionfm.cl\/index.php?rest_route=\/wp\/v2\/media\/62535"}],"wp:attachment":[{"href":"https:\/\/radiorevelacionfm.cl\/index.php?rest_route=%2Fwp%2Fv2%2Fmedia&parent=62534"}],"wp:term":[{"taxonomy":"category","embeddable":true,"href":"https:\/\/radiorevelacionfm.cl\/index.php?rest_route=%2Fwp%2Fv2%2Fcategories&post=62534"},{"taxonomy":"post_tag","embeddable":true,"href":"https:\/\/radiorevelacionfm.cl\/index.php?rest_route=%2Fwp%2Fv2%2Ftags&post=62534"}],"curies":[{"name":"wp","href":"https:\/\/api.w.org\/{rel}","templated":true}]}}