{"id":62530,"date":"2025-12-16T15:59:12","date_gmt":"2025-12-16T18:59:12","guid":{"rendered":"https:\/\/radiorevelacionfm.cl\/?p=62530"},"modified":"2025-12-16T15:59:12","modified_gmt":"2025-12-16T18:59:12","slug":"equilibrio-y-autocuidado-a-traves-del-ffoip-en-coyhaique-26-mujeres-de-la-feria-victor-domingo-silva-son-beneficiadas","status":"publish","type":"post","link":"https:\/\/radiorevelacionfm.cl\/?p=62530","title":{"rendered":"Equilibrio y Autocuidado a trav\u00e9s del FFOIP: en Coyhaique 26 Mujeres de la Feria V\u00edctor Domingo Silva son beneficiadas"},"content":{"rendered":"<div class=\"flex_column av_one_full  flex_column_div av-zero-column-padding first  avia-builder-el-0  el_before_av_one_full  avia-builder-el-first  \" style='border-radius:0px; '><div  class='avia-image-container  av-styling-    avia-builder-el-1  avia-builder-el-no-sibling  avia-align-center '  itemprop=\"image\" itemscope=\"itemscope\" itemtype=\"https:\/\/schema.org\/ImageObject\"  ><div class='avia-image-container-inner'><div class='avia-image-overlay-wrap'><img decoding=\"async\" class='wp-image-62531 avia-img-lazy-loading-not-62531 avia_image' src=\"https:\/\/radiorevelacionfm.cl\/wp-content\/uploads\/2025\/12\/feria-libre-victor-domingo-silva-1_optimized-1_optimized-1.jpg\" alt='' title='feria-libre-victor-domingo-silva-(1)_optimized-(1)_optimized (1)' height=\"600\" width=\"1067\"  itemprop=\"thumbnailUrl\" srcset=\"https:\/\/radiorevelacionfm.cl\/wp-content\/uploads\/2025\/12\/feria-libre-victor-domingo-silva-1_optimized-1_optimized-1.jpg 1067w, https:\/\/radiorevelacionfm.cl\/wp-content\/uploads\/2025\/12\/feria-libre-victor-domingo-silva-1_optimized-1_optimized-1-300x169.jpg 300w, https:\/\/radiorevelacionfm.cl\/wp-content\/uploads\/2025\/12\/feria-libre-victor-domingo-silva-1_optimized-1_optimized-1-1030x579.jpg 1030w, https:\/\/radiorevelacionfm.cl\/wp-content\/uploads\/2025\/12\/feria-libre-victor-domingo-silva-1_optimized-1_optimized-1-768x432.jpg 768w, https:\/\/radiorevelacionfm.cl\/wp-content\/uploads\/2025\/12\/feria-libre-victor-domingo-silva-1_optimized-1_optimized-1-705x396.jpg 705w, https:\/\/radiorevelacionfm.cl\/wp-content\/uploads\/2025\/12\/feria-libre-victor-domingo-silva-1_optimized-1_optimized-1-450x253.jpg 450w, https:\/\/radiorevelacionfm.cl\/wp-content\/uploads\/2025\/12\/feria-libre-victor-domingo-silva-1_optimized-1_optimized-1-600x337.jpg 600w\" sizes=\"(max-width: 1067px) 100vw, 1067px\" \/><\/div><\/div><\/div><\/div><div class=\"flex_column av_one_full  flex_column_div av-zero-column-padding first  avia-builder-el-2  el_after_av_one_full  el_before_av_one_full  column-top-margin\" style='border-radius:0px; '><section class=\"av_textblock_section \"  itemscope=\"itemscope\" itemtype=\"https:\/\/schema.org\/BlogPosting\" itemprop=\"blogPost\" ><div class='avia_textblock  '   itemprop=\"text\" ><p style=\"text-align: center;\"><strong><span style=\"font-size: 18pt;\">Equilibrio y Autocuidado a trav\u00e9s del FFOIP: en Coyhaique 26 Mujeres de la Feria V\u00edctor Domingo Silva son beneficiadas<\/span><\/strong><\/p>\n<div id=\"gtx-trans\" style=\"position: absolute; left: -50px; top: 4.31534px;\">\n<div class=\"gtx-trans-icon\"><\/div>\n<\/div>\n<\/div><\/section><\/div><div class=\"flex_column av_one_full  flex_column_div av-zero-column-padding first  avia-builder-el-4  el_after_av_one_full  el_before_av_hr  column-top-margin\" style='border-radius:0px; '><section class=\"av_textblock_section \"  itemscope=\"itemscope\" itemtype=\"https:\/\/schema.org\/BlogPosting\" itemprop=\"blogPost\" ><div class='avia_textblock  '   itemprop=\"text\" ><p style=\"text-align: justify;\">En la Feria Libre V\u00edctor Domingo Silva, Las Quintas, las mujeres demuestran d\u00eda a d\u00eda que su labor va m\u00e1s all\u00e1 de sostener un puesto de venta; ellas sostienen comunidades enteras con su trabajo, su esfuerzo y su energ\u00eda diaria. Conscientes de que el cuidado de los dem\u00e1s requiere, fundamentalmente, aprender a cuidarse a s\u00ed mismas, ha concluido exitosamente el proyecto \u00abMujeres Feriantes en Equilibrio y Autocuidado\u00bb.<\/p>\n<p style=\"text-align: justify;\">Financiado este a\u00f1o por el Fondo de Fortalecimiento, esta iniciativa busc\u00f3, durante su ejecuci\u00f3n, fortalecer el bienestar emocional de m\u00e1s de 25 mujeres feriantes. El proyecto se materializ\u00f3 a trav\u00e9s de una serie de talleres dedicados a la salud mental, el autocuidado y la creaci\u00f3n de espacios de encuentro seguros y de confianza.<\/p>\n<p style=\"text-align: justify;\">\u00darsula Mix, Seremi de Gobierno de la Regi\u00f3n de Ays\u00e9n, destac\u00f3 la relevancia de este tipo de iniciativas que ponen el foco en el bienestar integral de las trabajadoras: \u201cEste proyecto es fundamental porque reconoce una realidad que muchas veces pasamos por alto: para poder cuidar a nuestras familias y comunidades, primero debemos cuidarnos a nosotras mismas. El autocuidado no es un lujo, es parte esencial del trabajo digno. Cada encuentro fue una oportunidad para que m\u00e1s de 25 mujeres pudieran detenerse, reconocerse y construir redes de apoyo y camarader\u00eda entre compa\u00f1eras, fortaleciendo no s\u00f3lo su salud mental, sino tambi\u00e9n el tejido social de nuestra feria y nuestra regi\u00f3n\u201d.<\/p>\n<p style=\"text-align: justify;\">La iniciativa subraya la importancia de integrar la salud mental y el autocuidado como componentes esenciales del trabajo digno y sostenible, reconociendo el esfuerzo invisible que a menudo recae sobre las mujeres trabajadoras.<\/p>\n<p style=\"text-align: justify;\">Marta Soto, presidenta de la Agrupaci\u00f3n de Mujeres feriantes V\u00edctor Domingo Silva, comento estar \u201cMuy agradecida de la Seremi de Gobierno de que nosotros, como Feria Las Quintas, pudimos postular a este proyecto y beneficiar a 26 mujeres que hicimos el taller de autocuidados\u201d.<\/p>\n<p style=\"text-align: justify;\">En tanto, Enaldy Alvear, participante del proyecto, indic\u00f3: \u201cEstoy orgullosa de haber podido participar en la actividad de autocuidado que se realiz\u00f3. El poder participar en esta actividad me ayud\u00f3 a auto valorarme, a revalidarme como persona. El poder hacer lo que estoy haciendo ahora, de hablar en p\u00fablico, que se me dificultaba harto, pero el poder haber estado en confianza con mis compa\u00f1eras, habernos conocido m\u00e1s y la forma en que se llev\u00f3 la din\u00e1mica fue tan particular que ayud\u00f3 a que esos temores de repente que tenemos de expresarnos se fueran desvaneciendo, y eso se agradece mucho porque no siempre tenemos la posibilidad de expresar lo que sentimos de una forma clara\u201d.<\/p>\n<p style=\"text-align: justify;\">Con este proyecto, se puso en valor el rol del Fondo de Fortalecimiento como un apoyo concreto al bienestar de las organizaciones sociales. La iniciativa dej\u00f3 aprendizajes, redes de apoyo y espacios de contenci\u00f3n que fortalecen a las mujeres feriantes, demostrando que el autocuidado colectivo es clave para construir comunidades m\u00e1s fuertes y solidarias.<\/p>\n<\/div><\/section><\/div><div  style='height:50px' class='hr hr-invisible   avia-builder-el-6  el_after_av_one_full  el_before_av_social_share '><span class='hr-inner ' ><span class='hr-inner-style'><\/span><\/span><\/div><\/p>\n<div  class='av-social-sharing-box  avia-builder-el-7  el_after_av_hr  el_before_av_hr  '><div class='av-share-box'><h5 class='av-share-link-description av-no-toc '>Compartir esta noticia<\/h5><ul class='av-share-box-list noLightbox'><li class='av-share-link av-social-link-facebook' ><a target=\"_blank\" aria-label=\"Compartir en Facebook\" href='https:\/\/www.facebook.com\/sharer.php?u=https:\/\/radiorevelacionfm.cl\/?p=62530&#038;t=Equilibrio%20y%20Autocuidado%20a%20trav%C3%A9s%20del%20FFOIP%3A%20en%20Coyhaique%2026%20Mujeres%20de%20la%20Feria%20V%C3%ADctor%20Domingo%20Silva%20son%20beneficiadas' aria-hidden='false' data-av_icon='\ue8f3' data-av_iconfont='entypo-fontello' title='' data-avia-related-tooltip='Compartir en Facebook' rel=\"noopener\"><span class='avia_hidden_link_text'>Compartir en Facebook<\/span><\/a><\/li><li class='av-share-link av-social-link-twitter' ><a target=\"_blank\" aria-label=\"Compartir en Twitter\" href='https:\/\/twitter.com\/share?text=Equilibrio%20y%20Autocuidado%20a%20trav%C3%A9s%20del%20FFOIP%3A%20en%20Coyhaique%2026%20Mujeres%20de%20la%20Feria%20V%C3%ADctor%20Domingo%20Silva%20son%20beneficiadas&#038;url=https:\/\/radiorevelacionfm.cl\/?p=62530' aria-hidden='false' data-av_icon='\ue8f1' data-av_iconfont='entypo-fontello' title='' data-avia-related-tooltip='Compartir en Twitter' rel=\"noopener\"><span class='avia_hidden_link_text'>Compartir en Twitter<\/span><\/a><\/li><li class='av-share-link av-social-link-whatsapp' ><a target=\"_blank\" aria-label=\"Compartir en Whatsapp\" href='https:\/\/api.whatsapp.com\/send?text=https:\/\/radiorevelacionfm.cl\/?p=62530' aria-hidden='false' data-av_icon='\uf232' data-av_iconfont='entypo-fontello' title='' data-avia-related-tooltip='Compartir en Whatsapp' rel=\"noopener\"><span class='avia_hidden_link_text'>Compartir en Whatsapp<\/span><\/a><\/li><li class='av-share-link av-social-link-linkedin' ><a target=\"_blank\" aria-label=\"Compartir en LinkedIn\" href='https:\/\/linkedin.com\/shareArticle?mini=true&#038;title=Equilibrio%20y%20Autocuidado%20a%20trav%C3%A9s%20del%20FFOIP%3A%20en%20Coyhaique%2026%20Mujeres%20de%20la%20Feria%20V%C3%ADctor%20Domingo%20Silva%20son%20beneficiadas&#038;url=https:\/\/radiorevelacionfm.cl\/?p=62530' aria-hidden='false' data-av_icon='\ue8fc' data-av_iconfont='entypo-fontello' title='' data-avia-related-tooltip='Compartir en LinkedIn' rel=\"noopener\"><span class='avia_hidden_link_text'>Compartir en LinkedIn<\/span><\/a><\/li><li class='av-share-link av-social-link-mail' ><a  aria-label=\"Compartir por correo\" href='mailto:?subject=Equilibrio%20y%20Autocuidado%20a%20trav%C3%A9s%20del%20FFOIP%3A%20en%20Coyhaique%2026%20Mujeres%20de%20la%20Feria%20V%C3%ADctor%20Domingo%20Silva%20son%20beneficiadas&#038;body=https:\/\/radiorevelacionfm.cl\/?p=62530' aria-hidden='false' data-av_icon='\ue805' data-av_iconfont='entypo-fontello' title='' data-avia-related-tooltip='Compartir por correo'><span class='avia_hidden_link_text'>Compartir por correo<\/span><\/a><\/li><\/ul><\/div><\/div>\n<div  style='height:50px' class='hr hr-invisible   avia-builder-el-8  el_after_av_social_share  el_before_av_comments_list '><span class='hr-inner ' ><span class='hr-inner-style'><\/span><\/span><\/div>\n<div  class='av-buildercomment  av-blog-meta-html-info-disabled av-blog-meta-tag-disabled  '><\/div>\n","protected":false},"excerpt":{"rendered":"","protected":false},"author":1,"featured_media":62531,"comment_status":"closed","ping_status":"closed","sticky":false,"template":"","format":"standard","meta":{"footnotes":""},"categories":[38],"tags":[],"class_list":["post-62530","post","type-post","status-publish","format-standard","has-post-thumbnail","hentry","category-regional"],"jetpack_featured_media_url":"https:\/\/radiorevelacionfm.cl\/wp-content\/uploads\/2025\/12\/feria-libre-victor-domingo-silva-1_optimized-1_optimized-1.jpg","_links":{"self":[{"href":"https:\/\/radiorevelacionfm.cl\/index.php?rest_route=\/wp\/v2\/posts\/62530","targetHints":{"allow":["GET"]}}],"collection":[{"href":"https:\/\/radiorevelacionfm.cl\/index.php?rest_route=\/wp\/v2\/posts"}],"about":[{"href":"https:\/\/radiorevelacionfm.cl\/index.php?rest_route=\/wp\/v2\/types\/post"}],"author":[{"embeddable":true,"href":"https:\/\/radiorevelacionfm.cl\/index.php?rest_route=\/wp\/v2\/users\/1"}],"replies":[{"embeddable":true,"href":"https:\/\/radiorevelacionfm.cl\/index.php?rest_route=%2Fwp%2Fv2%2Fcomments&post=62530"}],"version-history":[{"count":2,"href":"https:\/\/radiorevelacionfm.cl\/index.php?rest_route=\/wp\/v2\/posts\/62530\/revisions"}],"predecessor-version":[{"id":62533,"href":"https:\/\/radiorevelacionfm.cl\/index.php?rest_route=\/wp\/v2\/posts\/62530\/revisions\/62533"}],"wp:featuredmedia":[{"embeddable":true,"href":"https:\/\/radiorevelacionfm.cl\/index.php?rest_route=\/wp\/v2\/media\/62531"}],"wp:attachment":[{"href":"https:\/\/radiorevelacionfm.cl\/index.php?rest_route=%2Fwp%2Fv2%2Fmedia&parent=62530"}],"wp:term":[{"taxonomy":"category","embeddable":true,"href":"https:\/\/radiorevelacionfm.cl\/index.php?rest_route=%2Fwp%2Fv2%2Fcategories&post=62530"},{"taxonomy":"post_tag","embeddable":true,"href":"https:\/\/radiorevelacionfm.cl\/index.php?rest_route=%2Fwp%2Fv2%2Ftags&post=62530"}],"curies":[{"name":"wp","href":"https:\/\/api.w.org\/{rel}","templated":true}]}}