{"id":62523,"date":"2025-12-16T15:18:01","date_gmt":"2025-12-16T18:18:01","guid":{"rendered":"https:\/\/radiorevelacionfm.cl\/?p=62523"},"modified":"2025-12-16T15:18:35","modified_gmt":"2025-12-16T18:18:35","slug":"certifican-a-90-participantes-en-diez-cursos-del-programa-transferencia-al-sector-publico-tsp","status":"publish","type":"post","link":"https:\/\/radiorevelacionfm.cl\/?p=62523","title":{"rendered":"Certifican a 90 participantes en diez cursos del programa transferencia al sector p\u00fablico (TSP)"},"content":{"rendered":"<div class=\"flex_column av_one_full  flex_column_div av-zero-column-padding first  avia-builder-el-0  el_before_av_one_full  avia-builder-el-first  \" style='border-radius:0px; '><div  class='avia-image-container  av-styling-    avia-builder-el-1  avia-builder-el-no-sibling  avia-align-center '  itemprop=\"image\" itemscope=\"itemscope\" itemtype=\"https:\/\/schema.org\/ImageObject\"  ><div class='avia-image-container-inner'><div class='avia-image-overlay-wrap'><img decoding=\"async\" class='wp-image-62524 avia-img-lazy-loading-not-62524 avia_image' src=\"https:\/\/radiorevelacionfm.cl\/wp-content\/uploads\/2025\/12\/12-12-2025-comunicado-sence-indap-1_optimized.jpeg\" alt='' title='12-12-2025-comunicado-sence---indap-(1)_optimized' height=\"600\" width=\"800\"  itemprop=\"thumbnailUrl\" srcset=\"https:\/\/radiorevelacionfm.cl\/wp-content\/uploads\/2025\/12\/12-12-2025-comunicado-sence-indap-1_optimized.jpeg 800w, https:\/\/radiorevelacionfm.cl\/wp-content\/uploads\/2025\/12\/12-12-2025-comunicado-sence-indap-1_optimized-300x225.jpeg 300w, https:\/\/radiorevelacionfm.cl\/wp-content\/uploads\/2025\/12\/12-12-2025-comunicado-sence-indap-1_optimized-768x576.jpeg 768w, https:\/\/radiorevelacionfm.cl\/wp-content\/uploads\/2025\/12\/12-12-2025-comunicado-sence-indap-1_optimized-705x529.jpeg 705w, https:\/\/radiorevelacionfm.cl\/wp-content\/uploads\/2025\/12\/12-12-2025-comunicado-sence-indap-1_optimized-450x338.jpeg 450w, https:\/\/radiorevelacionfm.cl\/wp-content\/uploads\/2025\/12\/12-12-2025-comunicado-sence-indap-1_optimized-600x450.jpeg 600w\" sizes=\"(max-width: 800px) 100vw, 800px\" \/><\/div><\/div><\/div><\/div><div class=\"flex_column av_one_full  flex_column_div av-zero-column-padding first  avia-builder-el-2  el_after_av_one_full  el_before_av_one_full  column-top-margin\" style='border-radius:0px; '><section class=\"av_textblock_section \"  itemscope=\"itemscope\" itemtype=\"https:\/\/schema.org\/BlogPosting\" itemprop=\"blogPost\" ><div class='avia_textblock  '   itemprop=\"text\" ><p style=\"text-align: center;\"><strong><span style=\"font-size: 18pt;\">Certifican a 90 participantes en diez cursos del programa transferencia al sector p\u00fablico (TSP)<\/span><\/strong><\/p>\n<div id=\"gtx-trans\" style=\"position: absolute; left: -50px; top: 4.31534px;\">\n<div class=\"gtx-trans-icon\"><\/div>\n<\/div>\n<\/div><\/section><\/div><div class=\"flex_column av_one_full  flex_column_div av-zero-column-padding first  avia-builder-el-4  el_after_av_one_full  el_before_av_hr  column-top-margin\" style='border-radius:0px; '><section class=\"av_textblock_section \"  itemscope=\"itemscope\" itemtype=\"https:\/\/schema.org\/BlogPosting\" itemprop=\"blogPost\" ><div class='avia_textblock  '   itemprop=\"text\" ><p style=\"font-weight: 400; text-align: justify;\"><em>La iniciativa busca fortalecer la agricultura familiar campesina en toda la regi\u00f3n<\/em><\/p>\n<p style=\"font-weight: 400; text-align: justify;\">En un hito para la capacitaci\u00f3n rural y el fortalecimiento de la Agricultura Familiar Campesina, el Instituto de Desarrollo Agropecuario (INDAP) y el Servicio Nacional de Capacitaci\u00f3n y Empleo (SENCE) certificaron a 90 participantes, de los cuales 69 fueron mujeres, quienes completaron con \u00e9xito 10 cursos impartidos a trav\u00e9s del programa Transferencia al Sector P\u00fablico (TSP).<\/p>\n<p style=\"font-weight: 400; text-align: justify;\">Las capacitaciones se desarrollaron en distintas comunas y localidades, abarcando un amplio territorio desde Lago Verde hasta Villa O\u2019Higgins, lo que permiti\u00f3 asegurar un acceso equitativo y descentralizado para las y los usuarios del programa.<\/p>\n<p style=\"font-weight: 400; text-align: justify;\">En este sentido, el Seremi(s) del Trabajo y Previsi\u00f3n Social, Rodrigo D\u00edaz puso en valor la coordinaci\u00f3n entre servicios p\u00fablicos y la relevancia de estas acciones en el marco de las pol\u00edticas del Gobierno \u201cLa colaboraci\u00f3n entre instituciones como SENCE e INDAP nos permite llegar con formaci\u00f3n de calidad a sectores que hist\u00f3ricamente han tenido menos acceso a este tipo de oportunidades. Este programa de Transferencia al Sector P\u00fablico, TSP, es un claro ejemplo del mandato del Gobierno del Presidente Gabriel Boric, de fortalecer la dignidad y las herramientas de quienes viven y trabajan en los territorios, especialmente en el mundo rural. Quiero destacar que estas capacitaciones no solo entregan conocimientos t\u00e9cnicos, sino que ampl\u00edan horizontes, abren puertas y contribuyen a mejorar la calidad de vida de las familias campesinas. La formaci\u00f3n es un derecho y una herramienta de desarrollo y en estos casos, de apoyo al sector rural\u201d, finaliz\u00f3.<\/p>\n<p style=\"font-weight: 400; text-align: justify;\">Los cursos incluyeron tem\u00e1ticas esenciales para el desarrollo productivo sostenible, entre ellas el manejo productivo en la crianza de aves de corral; ganader\u00eda regenerativa; agroecolog\u00eda en la Agricultura Familiar Campesina; biofertilizantes y manejo agroecol\u00f3gico de plagas y enfermedades; t\u00e9cnicas agr\u00edcolas para enfrentar los desaf\u00edos del cambio clim\u00e1tico y el d\u00e9ficit h\u00eddrico y pr\u00e1cticas de manejo productivo sustentable para la AFC.<\/p>\n<p style=\"font-weight: 400; text-align: justify;\">Por su parte, el director regional de SENCE, Nelson Garrido, valor\u00f3 el trabajo conjunto y reafirm\u00f3 el compromiso del servicio con la formaci\u00f3n continua, \u201cPara el SENCE, este trabajo intersectorial es fundamental. La articulaci\u00f3n con INDAP nos permite llegar con programas que realmente tienen pertinencia territorial y que responden a las necesidades concretas de la regi\u00f3n. La Agricultura Familiar Campesina juega un rol esencial en nuestra identidad y en nuestra econom\u00eda, y por eso estas instancias formativas son tan valiosas.<br \/>\nReafirmo nuestro compromiso de seguir ampliando la cobertura, la calidad y la diversidad de las capacitaciones. Queremos que las y los habitantes de la regi\u00f3n cuenten con mejores herramientas para enfrentar los desaf\u00edos productivos, clim\u00e1ticos y econ\u00f3micos de la actualidad y lo haremos siempre con una visi\u00f3n colaborativa, inclusiva y enfocada en el desarrollo local\u201d, manifest\u00f3.<\/p>\n<p style=\"font-weight: 400; text-align: justify;\">La directora regional de INDAP, Yessica Lagos C\u00e1rdenas, destac\u00f3 el impacto que este proceso formativo tuvo en las y los usuarios, valorando particularmente el compromiso demostrado durante los meses de capacitaci\u00f3n, \u201cEste ciclo de cursos representa mucho m\u00e1s que una certificaci\u00f3n. Lo que vemos aqu\u00ed es el reflejo del enorme compromiso que existe en nuestra Agricultura Familiar Campesina por seguir aprendiendo y fortaleciendo sus capacidades. Quiero felicitar profundamente a cada una y cada uno de los participantes, especialmente a las mujeres rurales que una vez m\u00e1s demuestran su liderazgo y su rol fundamental en el desarrollo de sus comunidades. Para INDAP es prioritario que nuestros usuarios cuenten con herramientas actuales, pr\u00e1cticas y pertinentes a sus territorios. Por eso celebramos estos avances y reafirmamos nuestra convicci\u00f3n de que la capacitaci\u00f3n es una de las v\u00edas m\u00e1s importantes para construir un campo m\u00e1s resiliente, m\u00e1s innovador y sostenible\u201d, puntualiz\u00f3.<\/p>\n<p style=\"font-weight: 400; text-align: justify;\">Cada una de estas instancias formativas fue dise\u00f1ada para entregar herramientas pr\u00e1cticas y actualizadas a las familias campesinas, respondiendo a los desaf\u00edos actuales de la producci\u00f3n agropecuaria, especialmente en un escenario de cambio clim\u00e1tico, variabilidad h\u00eddrica y necesidad de fortalecer la soberan\u00eda alimentaria regional.<\/p>\n<p style=\"font-weight: 400; text-align: justify;\">Estas certificaciones finalizan un proceso formativo que contribuye directamente al fortalecimiento de la AFC y al desarrollo rural sostenible, consolidando el trabajo conjunto entre INDAP, SENCE y las comunidades campesinas de la regi\u00f3n.<\/p>\n<\/div><\/section><\/div><div  style='height:50px' class='hr hr-invisible   avia-builder-el-6  el_after_av_one_full  el_before_av_social_share '><span class='hr-inner ' ><span class='hr-inner-style'><\/span><\/span><\/div><\/p>\n<div  class='av-social-sharing-box  avia-builder-el-7  el_after_av_hr  el_before_av_hr  '><div class='av-share-box'><h5 class='av-share-link-description av-no-toc '>Compartir esta noticia<\/h5><ul class='av-share-box-list noLightbox'><li class='av-share-link av-social-link-facebook' ><a target=\"_blank\" aria-label=\"Compartir en Facebook\" href='https:\/\/www.facebook.com\/sharer.php?u=https:\/\/radiorevelacionfm.cl\/?p=62523&#038;t=Certifican%20a%2090%20participantes%20en%20diez%20cursos%20del%20programa%20transferencia%20al%20sector%20p%C3%BAblico%20%28TSP%29' aria-hidden='false' data-av_icon='\ue8f3' data-av_iconfont='entypo-fontello' title='' data-avia-related-tooltip='Compartir en Facebook' rel=\"noopener\"><span class='avia_hidden_link_text'>Compartir en Facebook<\/span><\/a><\/li><li class='av-share-link av-social-link-twitter' ><a target=\"_blank\" aria-label=\"Compartir en Twitter\" href='https:\/\/twitter.com\/share?text=Certifican%20a%2090%20participantes%20en%20diez%20cursos%20del%20programa%20transferencia%20al%20sector%20p%C3%BAblico%20%28TSP%29&#038;url=https:\/\/radiorevelacionfm.cl\/?p=62523' aria-hidden='false' data-av_icon='\ue8f1' data-av_iconfont='entypo-fontello' title='' data-avia-related-tooltip='Compartir en Twitter' rel=\"noopener\"><span class='avia_hidden_link_text'>Compartir en Twitter<\/span><\/a><\/li><li class='av-share-link av-social-link-whatsapp' ><a target=\"_blank\" aria-label=\"Compartir en Whatsapp\" href='https:\/\/api.whatsapp.com\/send?text=https:\/\/radiorevelacionfm.cl\/?p=62523' aria-hidden='false' data-av_icon='\uf232' data-av_iconfont='entypo-fontello' title='' data-avia-related-tooltip='Compartir en Whatsapp' rel=\"noopener\"><span class='avia_hidden_link_text'>Compartir en Whatsapp<\/span><\/a><\/li><li class='av-share-link av-social-link-linkedin' ><a target=\"_blank\" aria-label=\"Compartir en LinkedIn\" href='https:\/\/linkedin.com\/shareArticle?mini=true&#038;title=Certifican%20a%2090%20participantes%20en%20diez%20cursos%20del%20programa%20transferencia%20al%20sector%20p%C3%BAblico%20%28TSP%29&#038;url=https:\/\/radiorevelacionfm.cl\/?p=62523' aria-hidden='false' data-av_icon='\ue8fc' data-av_iconfont='entypo-fontello' title='' data-avia-related-tooltip='Compartir en LinkedIn' rel=\"noopener\"><span class='avia_hidden_link_text'>Compartir en LinkedIn<\/span><\/a><\/li><li class='av-share-link av-social-link-mail' ><a  aria-label=\"Compartir por correo\" href='mailto:?subject=Certifican%20a%2090%20participantes%20en%20diez%20cursos%20del%20programa%20transferencia%20al%20sector%20p%C3%BAblico%20%28TSP%29&#038;body=https:\/\/radiorevelacionfm.cl\/?p=62523' aria-hidden='false' data-av_icon='\ue805' data-av_iconfont='entypo-fontello' title='' data-avia-related-tooltip='Compartir por correo'><span class='avia_hidden_link_text'>Compartir por correo<\/span><\/a><\/li><\/ul><\/div><\/div>\n<div  style='height:50px' class='hr hr-invisible   avia-builder-el-8  el_after_av_social_share  el_before_av_comments_list '><span class='hr-inner ' ><span class='hr-inner-style'><\/span><\/span><\/div>\n<div  class='av-buildercomment  av-blog-meta-html-info-disabled av-blog-meta-tag-disabled  '><\/div>\n","protected":false},"excerpt":{"rendered":"","protected":false},"author":1,"featured_media":62524,"comment_status":"closed","ping_status":"closed","sticky":false,"template":"","format":"standard","meta":{"footnotes":""},"categories":[56],"tags":[],"class_list":["post-62523","post","type-post","status-publish","format-standard","has-post-thumbnail","hentry","category-trabajo"],"jetpack_featured_media_url":"https:\/\/radiorevelacionfm.cl\/wp-content\/uploads\/2025\/12\/12-12-2025-comunicado-sence-indap-1_optimized.jpeg","_links":{"self":[{"href":"https:\/\/radiorevelacionfm.cl\/index.php?rest_route=\/wp\/v2\/posts\/62523","targetHints":{"allow":["GET"]}}],"collection":[{"href":"https:\/\/radiorevelacionfm.cl\/index.php?rest_route=\/wp\/v2\/posts"}],"about":[{"href":"https:\/\/radiorevelacionfm.cl\/index.php?rest_route=\/wp\/v2\/types\/post"}],"author":[{"embeddable":true,"href":"https:\/\/radiorevelacionfm.cl\/index.php?rest_route=\/wp\/v2\/users\/1"}],"replies":[{"embeddable":true,"href":"https:\/\/radiorevelacionfm.cl\/index.php?rest_route=%2Fwp%2Fv2%2Fcomments&post=62523"}],"version-history":[{"count":2,"href":"https:\/\/radiorevelacionfm.cl\/index.php?rest_route=\/wp\/v2\/posts\/62523\/revisions"}],"predecessor-version":[{"id":62529,"href":"https:\/\/radiorevelacionfm.cl\/index.php?rest_route=\/wp\/v2\/posts\/62523\/revisions\/62529"}],"wp:featuredmedia":[{"embeddable":true,"href":"https:\/\/radiorevelacionfm.cl\/index.php?rest_route=\/wp\/v2\/media\/62524"}],"wp:attachment":[{"href":"https:\/\/radiorevelacionfm.cl\/index.php?rest_route=%2Fwp%2Fv2%2Fmedia&parent=62523"}],"wp:term":[{"taxonomy":"category","embeddable":true,"href":"https:\/\/radiorevelacionfm.cl\/index.php?rest_route=%2Fwp%2Fv2%2Fcategories&post=62523"},{"taxonomy":"post_tag","embeddable":true,"href":"https:\/\/radiorevelacionfm.cl\/index.php?rest_route=%2Fwp%2Fv2%2Ftags&post=62523"}],"curies":[{"name":"wp","href":"https:\/\/api.w.org\/{rel}","templated":true}]}}