{"id":62520,"date":"2025-12-16T15:14:05","date_gmt":"2025-12-16T18:14:05","guid":{"rendered":"https:\/\/radiorevelacionfm.cl\/?p=62520"},"modified":"2025-12-16T15:14:05","modified_gmt":"2025-12-16T18:14:05","slug":"proyecto-patrimonial-rememora-a-los-pioneros-de-cerro-galera","status":"publish","type":"post","link":"https:\/\/radiorevelacionfm.cl\/?p=62520","title":{"rendered":"Proyecto patrimonial rememora a los pioneros de Cerro Galera"},"content":{"rendered":"<div class=\"flex_column av_one_full  flex_column_div av-zero-column-padding first  avia-builder-el-0  el_before_av_one_full  avia-builder-el-first  \" style='border-radius:0px; '><div  class='avia-image-container  av-styling-    avia-builder-el-1  avia-builder-el-no-sibling  avia-align-center '  itemprop=\"image\" itemscope=\"itemscope\" itemtype=\"https:\/\/schema.org\/ImageObject\"  ><div class='avia-image-container-inner'><div class='avia-image-overlay-wrap'><img decoding=\"async\" class='wp-image-62521 avia-img-lazy-loading-not-62521 avia_image' src=\"https:\/\/radiorevelacionfm.cl\/wp-content\/uploads\/2025\/12\/museo-cerro-galera3-1_optimized.jpg\" alt='' title='museo-cerro-galera3-(1)_optimized' height=\"600\" width=\"900\"  itemprop=\"thumbnailUrl\" srcset=\"https:\/\/radiorevelacionfm.cl\/wp-content\/uploads\/2025\/12\/museo-cerro-galera3-1_optimized.jpg 900w, https:\/\/radiorevelacionfm.cl\/wp-content\/uploads\/2025\/12\/museo-cerro-galera3-1_optimized-300x200.jpg 300w, https:\/\/radiorevelacionfm.cl\/wp-content\/uploads\/2025\/12\/museo-cerro-galera3-1_optimized-768x512.jpg 768w, https:\/\/radiorevelacionfm.cl\/wp-content\/uploads\/2025\/12\/museo-cerro-galera3-1_optimized-705x470.jpg 705w, https:\/\/radiorevelacionfm.cl\/wp-content\/uploads\/2025\/12\/museo-cerro-galera3-1_optimized-450x300.jpg 450w, https:\/\/radiorevelacionfm.cl\/wp-content\/uploads\/2025\/12\/museo-cerro-galera3-1_optimized-600x400.jpg 600w\" sizes=\"(max-width: 900px) 100vw, 900px\" \/><\/div><\/div><\/div><\/div><div class=\"flex_column av_one_full  flex_column_div av-zero-column-padding first  avia-builder-el-2  el_after_av_one_full  el_before_av_one_full  column-top-margin\" style='border-radius:0px; '><section class=\"av_textblock_section \"  itemscope=\"itemscope\" itemtype=\"https:\/\/schema.org\/BlogPosting\" itemprop=\"blogPost\" ><div class='avia_textblock  '   itemprop=\"text\" ><p style=\"text-align: center;\"><span style=\"font-size: 18pt;\"><b>Proyecto patrimonial rememora a los pioneros de Cerro Galera<\/b><\/span><\/p>\n<div id=\"gtx-trans\" style=\"position: absolute; left: -50px; top: 4.31534px;\">\n<div class=\"gtx-trans-icon\"><\/div>\n<\/div>\n<\/div><\/section><\/div><div class=\"flex_column av_one_full  flex_column_div av-zero-column-padding first  avia-builder-el-4  el_after_av_one_full  el_before_av_hr  column-top-margin\" style='border-radius:0px; '><section class=\"av_textblock_section \"  itemscope=\"itemscope\" itemtype=\"https:\/\/schema.org\/BlogPosting\" itemprop=\"blogPost\" ><div class='avia_textblock  '   itemprop=\"text\" ><p style=\"text-align: justify;\">A pocos kil\u00f3metros de El Blanco, la Corporaci\u00f3n Memoria Austral con el compromiso y la participaci\u00f3n protag\u00f3nica de la comunidad, est\u00e1 desarrollando un proyecto que pretende transformar el Fundo Cerro Galera, sus antiguas edificaciones y construcciones, su mobiliario y su historia, en un museo de sitio.<\/p>\n<p style=\"text-align: justify;\">El proyecto Museo de Sitio Museo Cerro Galera es financiado por el Fondo de Fortalecimiento de Organizaciones Patrimoniales del Servicio del Patrimonio y fue presentado a trav\u00e9s de un Tour Patrimonial al que lleg\u00f3 m\u00e1s de un centenar de vecinos, vecinas y autoridades.<\/p>\n<p style=\"text-align: justify;\">El espacio, inaugurado como Museo Rural Cerro Galera, re\u00fane la casa principal, -en proceso de ser declarada Monumento Nacional- el galp\u00f3n, las cocinas fogones, los corrales y el ba\u00f1o de ovejas. La presentaci\u00f3n cont\u00f3 con visitas guiadas, un conversatorio, m\u00fasica regional en vivo y venta de artesan\u00edas.<\/p>\n<p style=\"text-align: justify;\">El seremi de Culturas, Felipe Quiroz, manifest\u00f3 su alegr\u00eda por el avance del proyecto: \u201cParte de nuestro trabajo es, precisamente, preservar nuestra identidad, nuestra historia, que no se pierda el testimonio de los primeros habitantes de nuestra regi\u00f3n. El esfuerzo que hace Memoria Austral con la comunidad es enorme, pero tiene la recompensa de poder apreciar in situ los or\u00edgenes de nuestra regi\u00f3n\u201d.<\/p>\n<p style=\"text-align: justify;\">Mar\u00eda Soledad Sol\u00eds Ehijos, nacida y criada en el fundo, est\u00e1 feliz de poder abrir las puertas de su hogar en beneficio del patrimonio y la cultura: \u201cLa idea es conservar y que quede un testimonio para las generaciones que vienen ahora. Me siento contenta y muy agradada de que puedan venir y poder compartir esto. El proyecto es convertir esto en un museo y que no solamente la gente de la regi\u00f3n pueda venir, sino de los que vienen de muy lejos tengan testimonio de como fue la colonizaci\u00f3n y el sacrificio que se hizo para llegara a las bellas tierras de Ays\u00e9n\u201d.<\/p>\n<p style=\"text-align: justify;\">Los primeros propietarios del Fundo Cerro Galera, antepasados directos de Mar\u00eda Soledad, fueron Narciso Ehijos y Rosa Oporto. Bisabuelos de Soledad, muchos de sus antiguos objetos de uso cotidiano permanecen como historia viva \u00a0 del lugar.<\/p>\n<p style=\"text-align: justify;\">La investigadora y socia de Memoria Austral, Constanza P\u00e9rez, dijo que \u201cesta es una oportunidad para la comunidad local, ya que hay muy pocos lugares como este en Ays\u00e9n que est\u00e9n abiertos a las visitas. Es una muestra de c\u00f3mo se pobl\u00f3 la Regi\u00f3n de Ays\u00e9n a trav\u00e9s de los primeros pobladores espont\u00e1neos. Y por primera vez se est\u00e1 gestionando un lugar como casa museo. Esta casa se ha abierto en contadas ocasiones, pero hoy estamos dando inicio al proceso de creaci\u00f3n de un museo, entonces la gente va a tener la oportunidad de consultar y de poder observar c\u00f3mo se vivi\u00f3 hace un siglo atr\u00e1s\u201d.<\/p>\n<p style=\"text-align: justify;\">H\u00e9ctor Barrientos, oriundo de El Blanco, conoci\u00f3 hace m\u00e1s de 60 a\u00f1os el sector de Cerro Galera, donde fue una de sus primeras esquiladas: \u201cEran muy buenas personas (la familia Ehijos Oporto), ven\u00edamos a comer, a cenar, fuimos muy amigos, eran muy amigos de mi padre. Hab\u00eda mucha convivencia, hab\u00eda una cancha de carreras como a 100 metros. Es bueno para que no se pierdan las tradiciones, estas casas tan antiguas, que los pobladores hicieron con tanto sacrificio\u201d.<\/p>\n<\/div><\/section><\/div><div  style='height:50px' class='hr hr-invisible   avia-builder-el-6  el_after_av_one_full  el_before_av_social_share '><span class='hr-inner ' ><span class='hr-inner-style'><\/span><\/span><\/div><\/p>\n<div  class='av-social-sharing-box  avia-builder-el-7  el_after_av_hr  el_before_av_hr  '><div class='av-share-box'><h5 class='av-share-link-description av-no-toc '>Compartir esta noticia<\/h5><ul class='av-share-box-list noLightbox'><li class='av-share-link av-social-link-facebook' ><a target=\"_blank\" aria-label=\"Compartir en Facebook\" href='https:\/\/www.facebook.com\/sharer.php?u=https:\/\/radiorevelacionfm.cl\/?p=62520&#038;t=Proyecto%20patrimonial%20rememora%20a%20los%20pioneros%20de%20Cerro%20Galera' aria-hidden='false' data-av_icon='\ue8f3' data-av_iconfont='entypo-fontello' title='' data-avia-related-tooltip='Compartir en Facebook' rel=\"noopener\"><span class='avia_hidden_link_text'>Compartir en Facebook<\/span><\/a><\/li><li class='av-share-link av-social-link-twitter' ><a target=\"_blank\" aria-label=\"Compartir en Twitter\" href='https:\/\/twitter.com\/share?text=Proyecto%20patrimonial%20rememora%20a%20los%20pioneros%20de%20Cerro%20Galera&#038;url=https:\/\/radiorevelacionfm.cl\/?p=62520' aria-hidden='false' data-av_icon='\ue8f1' data-av_iconfont='entypo-fontello' title='' data-avia-related-tooltip='Compartir en Twitter' rel=\"noopener\"><span class='avia_hidden_link_text'>Compartir en Twitter<\/span><\/a><\/li><li class='av-share-link av-social-link-whatsapp' ><a target=\"_blank\" aria-label=\"Compartir en Whatsapp\" href='https:\/\/api.whatsapp.com\/send?text=https:\/\/radiorevelacionfm.cl\/?p=62520' aria-hidden='false' data-av_icon='\uf232' data-av_iconfont='entypo-fontello' title='' data-avia-related-tooltip='Compartir en Whatsapp' rel=\"noopener\"><span class='avia_hidden_link_text'>Compartir en Whatsapp<\/span><\/a><\/li><li class='av-share-link av-social-link-linkedin' ><a target=\"_blank\" aria-label=\"Compartir en LinkedIn\" href='https:\/\/linkedin.com\/shareArticle?mini=true&#038;title=Proyecto%20patrimonial%20rememora%20a%20los%20pioneros%20de%20Cerro%20Galera&#038;url=https:\/\/radiorevelacionfm.cl\/?p=62520' aria-hidden='false' data-av_icon='\ue8fc' data-av_iconfont='entypo-fontello' title='' data-avia-related-tooltip='Compartir en LinkedIn' rel=\"noopener\"><span class='avia_hidden_link_text'>Compartir en LinkedIn<\/span><\/a><\/li><li class='av-share-link av-social-link-mail' ><a  aria-label=\"Compartir por correo\" href='mailto:?subject=Proyecto%20patrimonial%20rememora%20a%20los%20pioneros%20de%20Cerro%20Galera&#038;body=https:\/\/radiorevelacionfm.cl\/?p=62520' aria-hidden='false' data-av_icon='\ue805' data-av_iconfont='entypo-fontello' title='' data-avia-related-tooltip='Compartir por correo'><span class='avia_hidden_link_text'>Compartir por correo<\/span><\/a><\/li><\/ul><\/div><\/div>\n<div  style='height:50px' class='hr hr-invisible   avia-builder-el-8  el_after_av_social_share  el_before_av_comments_list '><span class='hr-inner ' ><span class='hr-inner-style'><\/span><\/span><\/div>\n<div  class='av-buildercomment  av-blog-meta-html-info-disabled av-blog-meta-tag-disabled  '><\/div>\n","protected":false},"excerpt":{"rendered":"","protected":false},"author":1,"featured_media":62521,"comment_status":"closed","ping_status":"closed","sticky":false,"template":"","format":"standard","meta":{"footnotes":""},"categories":[52],"tags":[],"class_list":["post-62520","post","type-post","status-publish","format-standard","has-post-thumbnail","hentry","category-cultura"],"jetpack_featured_media_url":"https:\/\/radiorevelacionfm.cl\/wp-content\/uploads\/2025\/12\/museo-cerro-galera3-1_optimized.jpg","_links":{"self":[{"href":"https:\/\/radiorevelacionfm.cl\/index.php?rest_route=\/wp\/v2\/posts\/62520","targetHints":{"allow":["GET"]}}],"collection":[{"href":"https:\/\/radiorevelacionfm.cl\/index.php?rest_route=\/wp\/v2\/posts"}],"about":[{"href":"https:\/\/radiorevelacionfm.cl\/index.php?rest_route=\/wp\/v2\/types\/post"}],"author":[{"embeddable":true,"href":"https:\/\/radiorevelacionfm.cl\/index.php?rest_route=\/wp\/v2\/users\/1"}],"replies":[{"embeddable":true,"href":"https:\/\/radiorevelacionfm.cl\/index.php?rest_route=%2Fwp%2Fv2%2Fcomments&post=62520"}],"version-history":[{"count":2,"href":"https:\/\/radiorevelacionfm.cl\/index.php?rest_route=\/wp\/v2\/posts\/62520\/revisions"}],"predecessor-version":[{"id":62528,"href":"https:\/\/radiorevelacionfm.cl\/index.php?rest_route=\/wp\/v2\/posts\/62520\/revisions\/62528"}],"wp:featuredmedia":[{"embeddable":true,"href":"https:\/\/radiorevelacionfm.cl\/index.php?rest_route=\/wp\/v2\/media\/62521"}],"wp:attachment":[{"href":"https:\/\/radiorevelacionfm.cl\/index.php?rest_route=%2Fwp%2Fv2%2Fmedia&parent=62520"}],"wp:term":[{"taxonomy":"category","embeddable":true,"href":"https:\/\/radiorevelacionfm.cl\/index.php?rest_route=%2Fwp%2Fv2%2Fcategories&post=62520"},{"taxonomy":"post_tag","embeddable":true,"href":"https:\/\/radiorevelacionfm.cl\/index.php?rest_route=%2Fwp%2Fv2%2Ftags&post=62520"}],"curies":[{"name":"wp","href":"https:\/\/api.w.org\/{rel}","templated":true}]}}