{"id":6252,"date":"2021-07-13T20:19:59","date_gmt":"2021-07-13T23:19:59","guid":{"rendered":"https:\/\/radiorevelacionfm.cl\/?p=6252"},"modified":"2021-07-14T00:19:42","modified_gmt":"2021-07-14T03:19:42","slug":"califican-como-pesima-decision-y-falta-de-criterio-cierre-de-oficina-edli-en-chile-chico","status":"publish","type":"post","link":"https:\/\/radiorevelacionfm.cl\/?p=6252","title":{"rendered":"Califican como \u201cp\u00e9sima decisi\u00f3n\u201d y \u201cfalta de criterio\u201d cierre de oficina EDLI en Chile Chico"},"content":{"rendered":"<div class=\"flex_column av_one_full  flex_column_div av-zero-column-padding first  avia-builder-el-0  el_before_av_one_full  avia-builder-el-first  \" style='border-radius:0px; '><div  class='avia-image-container  av-styling-    avia-builder-el-1  avia-builder-el-no-sibling  avia-align-center '  itemprop=\"image\" itemscope=\"itemscope\" itemtype=\"https:\/\/schema.org\/ImageObject\"  ><div class='avia-image-container-inner'><div class='avia-image-overlay-wrap'><img decoding=\"async\" class='wp-image-6263 avia-img-lazy-loading-not-6263 avia_image' src=\"https:\/\/radiorevelacionfm.cl\/wp-content\/uploads\/2021\/07\/JORGE-1.2.jpg\" alt='' title='JORGE 1.2' height=\"600\" width=\"777\"  itemprop=\"thumbnailUrl\" srcset=\"https:\/\/radiorevelacionfm.cl\/wp-content\/uploads\/2021\/07\/JORGE-1.2.jpg 777w, https:\/\/radiorevelacionfm.cl\/wp-content\/uploads\/2021\/07\/JORGE-1.2-300x232.jpg 300w, https:\/\/radiorevelacionfm.cl\/wp-content\/uploads\/2021\/07\/JORGE-1.2-768x593.jpg 768w, https:\/\/radiorevelacionfm.cl\/wp-content\/uploads\/2021\/07\/JORGE-1.2-705x544.jpg 705w, https:\/\/radiorevelacionfm.cl\/wp-content\/uploads\/2021\/07\/JORGE-1.2-600x463.jpg 600w\" sizes=\"(max-width: 777px) 100vw, 777px\" \/><\/div><\/div><\/div><\/div><div class=\"flex_column av_one_full  flex_column_div av-zero-column-padding first  avia-builder-el-2  el_after_av_one_full  el_before_av_one_full  column-top-margin\" style='border-radius:0px; '><section class=\"av_textblock_section \"  itemscope=\"itemscope\" itemtype=\"https:\/\/schema.org\/BlogPosting\" itemprop=\"blogPost\" ><div class='avia_textblock  '   itemprop=\"text\" ><p style=\"text-align: center;\"><strong><span style=\"font-size: 18pt;\">Califican como \u201cp\u00e9sima decisi\u00f3n\u201d y \u201cfalta de criterio\u201d cierre de oficina EDLI en Chile Chico<\/span><\/strong><\/p>\n<div id=\"gtx-trans\" style=\"position: absolute; left: -50px; top: 4.31534px;\">\n<div class=\"gtx-trans-icon\"><\/div>\n<\/div>\n<\/div><\/section><\/div><\/p>\n<div class=\"flex_column av_one_full  flex_column_div av-zero-column-padding first  avia-builder-el-4  el_after_av_one_full  el_before_av_hr  column-top-margin\" style='border-radius:0px; '><section class=\"av_textblock_section \"  itemscope=\"itemscope\" itemtype=\"https:\/\/schema.org\/BlogPosting\" itemprop=\"blogPost\" ><div class='avia_textblock  '   itemprop=\"text\" ><p style=\"text-align: justify;\">La \u201cEstrategia de Desarrollo Local Inclusivo\u201d cost\u00f3 mucho para que iniciar\u00e1 su funcionamiento en el territorio, realizaba su labor gracias al convenio Municipio \u2013 Senadis, donde los recursos para financiar a su equipo eran sectoriales. Y al cerrar significa un portazo a las personas con discapacidad que estaban trabajando con este organismo en toda la comuna de Chile Chico.<\/p>\n<p style=\"text-align: justify;\">Fueron muchos meses de gesti\u00f3n por parte del ex Alcalde Ricardo Ibarra Valdebenito y su equipo, para concretar al convenio firmado entre la Municipalidad de Chile Chico y el Senadis, con el objetivo de crear en la oficina de la Estrategia de Desarrollo Local Inclusivo, EDLI.<\/p>\n<p style=\"text-align: justify;\">Este era un organismo muy necesario y requerido en toda la comuna, ya que, en sus primeros meses de labor sus profesionales y equipo administrativo, recorrieron la comuna, sostuvieron encuentros y di\u00e1logos con personas en situaci\u00f3n de discapacidad y sus familias.<\/p>\n<p style=\"text-align: justify;\">Se gener\u00f3 un mapa por localidad, identificando cuantas personas y donde viv\u00edan quienes presentan alg\u00fan grado de discapacidad o aquellos que requer\u00eda un diagn\u00f3stico. Se levantaron sus principales necesidades y su vinculaci\u00f3n con los servicios p\u00fablicos presentes en el territorio.<\/p>\n<p style=\"text-align: justify;\">Pero el cambio de Alcalde en la comuna de Chile Chico, ech\u00f3 por la borda el trabajo que hasta hace algunos d\u00edas se hab\u00eda desarrollado e iba muy bien encaminado. Al parecer, las personas con discapacidad no son una prioridad para el edil Luperciano Mu\u00f1oz y decidi\u00f3 cerrar la EDLI.<\/p>\n<p style=\"text-align: justify;\">\u201cUna p\u00e9sima decisi\u00f3n\u201d y \u201cfalta del criterio\u201d, a juicio de un ahora ex trabajador de esa oficina y persona en situaci\u00f3n de discapacidad, Jorge Vel\u00e1squez. \u201cLa oficina de la Estrategia de Desarrollo Local Inclusivo fue desmantelada, fueron desvinculados la totalidad de sus funcionarios, yo creo que fue una p\u00e9sima decisi\u00f3n, falt\u00f3 criterio, falt\u00f3 un an\u00e1lisis de que gesti\u00f3n se estaba llevando a cabo a trav\u00e9s de esta oficina. Lamentablemente eso no ocurri\u00f3, en un solo d\u00eda se procedi\u00f3 a la desvinculaci\u00f3n de la totalidad de sus funcionarios, sin entender que es lo que se hab\u00eda desarrollado, en que se estaba en la actualidad y que es lo que se proyectaba a trav\u00e9s del trabajo de los funcionarios\u201d.<\/p>\n<p style=\"text-align: justify;\">Jorge Vel\u00e1squez, reflexiona adem\u00e1s que esta decisi\u00f3n del Alcalde Luperciano Mu\u00f1oz, va en desmedro de este segmento de la poblaci\u00f3n que siempre ha estado invisibilizado. Hay que entender que aqu\u00ed se estaba empezando un trabajo, con proyecci\u00f3n, con continuidad y hay que entender que en la administraci\u00f3n del se\u00f1or Ricardo Ibarra, se adjudicaron recursos a trav\u00e9s del Servicio Nacional de la Discapacidad. A trav\u00e9s de estos fondos inyectados por Senadis, que es una suma bastante importante y que est\u00e1 en el Municipio, eran cancelados los sueldos de los funcionarios, por lo tanto, no era una merma a las arcas municipales\u201d.<\/p>\n<p style=\"text-align: justify;\">El ex funcionario de la EDLI de Chile Chico y persona en discapacidad, lament\u00f3 la decisi\u00f3n de la nueva autoridad comunal, debido a que no solo se deja a la deriva a las personas que viven en esta condici\u00f3n en \u201cla ciudad del sol\u201d, sino que tambi\u00e9n en Puerto Guadal, Mall\u00edn Grande, Puerto Bertrand y los distintos sectores de la cuenca del Lago General Carrera.<\/p>\n<\/div><\/section><\/div>\n<div  style='height:50px' class='hr hr-invisible   avia-builder-el-6  el_after_av_one_full  el_before_av_social_share '><span class='hr-inner ' ><span class='hr-inner-style'><\/span><\/span><\/div>\n<div  class='av-social-sharing-box  avia-builder-el-7  el_after_av_hr  el_before_av_hr  '><div class='av-share-box'><h5 class='av-share-link-description av-no-toc '>Compartir esta noticia<\/h5><ul class='av-share-box-list noLightbox'><li class='av-share-link av-social-link-facebook' ><a target=\"_blank\" aria-label=\"Compartir en Facebook\" href='https:\/\/www.facebook.com\/sharer.php?u=https:\/\/radiorevelacionfm.cl\/?p=6252&#038;t=Califican%20como%20%E2%80%9Cp%C3%A9sima%20decisi%C3%B3n%E2%80%9D%20y%20%E2%80%9Cfalta%20de%20criterio%E2%80%9D%20cierre%20de%20oficina%20EDLI%20en%20Chile%20Chico' aria-hidden='false' data-av_icon='\ue8f3' data-av_iconfont='entypo-fontello' title='' data-avia-related-tooltip='Compartir en Facebook' rel=\"noopener\"><span class='avia_hidden_link_text'>Compartir en Facebook<\/span><\/a><\/li><li class='av-share-link av-social-link-twitter' ><a target=\"_blank\" aria-label=\"Compartir en Twitter\" href='https:\/\/twitter.com\/share?text=Califican%20como%20%E2%80%9Cp%C3%A9sima%20decisi%C3%B3n%E2%80%9D%20y%20%E2%80%9Cfalta%20de%20criterio%E2%80%9D%20cierre%20de%20oficina%20EDLI%20en%20Chile%20Chico&#038;url=https:\/\/radiorevelacionfm.cl\/?p=6252' aria-hidden='false' data-av_icon='\ue8f1' data-av_iconfont='entypo-fontello' title='' data-avia-related-tooltip='Compartir en Twitter' rel=\"noopener\"><span class='avia_hidden_link_text'>Compartir en Twitter<\/span><\/a><\/li><li class='av-share-link av-social-link-whatsapp' ><a target=\"_blank\" aria-label=\"Compartir en Whatsapp\" href='https:\/\/api.whatsapp.com\/send?text=https:\/\/radiorevelacionfm.cl\/?p=6252' aria-hidden='false' data-av_icon='\uf232' data-av_iconfont='entypo-fontello' title='' data-avia-related-tooltip='Compartir en Whatsapp' rel=\"noopener\"><span class='avia_hidden_link_text'>Compartir en Whatsapp<\/span><\/a><\/li><li class='av-share-link av-social-link-linkedin' ><a target=\"_blank\" aria-label=\"Compartir en LinkedIn\" href='https:\/\/linkedin.com\/shareArticle?mini=true&#038;title=Califican%20como%20%E2%80%9Cp%C3%A9sima%20decisi%C3%B3n%E2%80%9D%20y%20%E2%80%9Cfalta%20de%20criterio%E2%80%9D%20cierre%20de%20oficina%20EDLI%20en%20Chile%20Chico&#038;url=https:\/\/radiorevelacionfm.cl\/?p=6252' aria-hidden='false' data-av_icon='\ue8fc' data-av_iconfont='entypo-fontello' title='' data-avia-related-tooltip='Compartir en LinkedIn' rel=\"noopener\"><span class='avia_hidden_link_text'>Compartir en LinkedIn<\/span><\/a><\/li><li class='av-share-link av-social-link-mail' ><a  aria-label=\"Compartir por correo\" href='mailto:?subject=Califican%20como%20%E2%80%9Cp%C3%A9sima%20decisi%C3%B3n%E2%80%9D%20y%20%E2%80%9Cfalta%20de%20criterio%E2%80%9D%20cierre%20de%20oficina%20EDLI%20en%20Chile%20Chico&#038;body=https:\/\/radiorevelacionfm.cl\/?p=6252' aria-hidden='false' data-av_icon='\ue805' data-av_iconfont='entypo-fontello' title='' data-avia-related-tooltip='Compartir por correo'><span class='avia_hidden_link_text'>Compartir por correo<\/span><\/a><\/li><\/ul><\/div><\/div>\n<div  style='height:50px' class='hr hr-invisible   avia-builder-el-8  el_after_av_social_share  el_before_av_comments_list '><span class='hr-inner ' ><span class='hr-inner-style'><\/span><\/span><\/div>\n<div  class='av-buildercomment  av-blog-meta-html-info-disabled av-blog-meta-tag-disabled  '><\/div>\n","protected":false},"excerpt":{"rendered":"","protected":false},"author":1,"featured_media":6263,"comment_status":"open","ping_status":"open","sticky":false,"template":"","format":"standard","meta":{"footnotes":""},"categories":[38],"tags":[],"class_list":["post-6252","post","type-post","status-publish","format-standard","has-post-thumbnail","hentry","category-regional"],"jetpack_featured_media_url":"https:\/\/radiorevelacionfm.cl\/wp-content\/uploads\/2021\/07\/JORGE-1.2.jpg","_links":{"self":[{"href":"https:\/\/radiorevelacionfm.cl\/index.php?rest_route=\/wp\/v2\/posts\/6252","targetHints":{"allow":["GET"]}}],"collection":[{"href":"https:\/\/radiorevelacionfm.cl\/index.php?rest_route=\/wp\/v2\/posts"}],"about":[{"href":"https:\/\/radiorevelacionfm.cl\/index.php?rest_route=\/wp\/v2\/types\/post"}],"author":[{"embeddable":true,"href":"https:\/\/radiorevelacionfm.cl\/index.php?rest_route=\/wp\/v2\/users\/1"}],"replies":[{"embeddable":true,"href":"https:\/\/radiorevelacionfm.cl\/index.php?rest_route=%2Fwp%2Fv2%2Fcomments&post=6252"}],"version-history":[{"count":3,"href":"https:\/\/radiorevelacionfm.cl\/index.php?rest_route=\/wp\/v2\/posts\/6252\/revisions"}],"predecessor-version":[{"id":6264,"href":"https:\/\/radiorevelacionfm.cl\/index.php?rest_route=\/wp\/v2\/posts\/6252\/revisions\/6264"}],"wp:featuredmedia":[{"embeddable":true,"href":"https:\/\/radiorevelacionfm.cl\/index.php?rest_route=\/wp\/v2\/media\/6263"}],"wp:attachment":[{"href":"https:\/\/radiorevelacionfm.cl\/index.php?rest_route=%2Fwp%2Fv2%2Fmedia&parent=6252"}],"wp:term":[{"taxonomy":"category","embeddable":true,"href":"https:\/\/radiorevelacionfm.cl\/index.php?rest_route=%2Fwp%2Fv2%2Fcategories&post=6252"},{"taxonomy":"post_tag","embeddable":true,"href":"https:\/\/radiorevelacionfm.cl\/index.php?rest_route=%2Fwp%2Fv2%2Ftags&post=6252"}],"curies":[{"name":"wp","href":"https:\/\/api.w.org\/{rel}","templated":true}]}}