{"id":62516,"date":"2025-12-16T12:22:03","date_gmt":"2025-12-16T15:22:03","guid":{"rendered":"https:\/\/radiorevelacionfm.cl\/?p=62516"},"modified":"2025-12-16T12:22:03","modified_gmt":"2025-12-16T15:22:03","slug":"edelaysen-realizo-charla-sobre-energias-renovables-en-la-escuela-litoral-austral-de-puerto-aysen","status":"publish","type":"post","link":"https:\/\/radiorevelacionfm.cl\/?p=62516","title":{"rendered":"Edelaysen realiz\u00f3 charla sobre energ\u00edas renovables en la Escuela Litoral Austral de Puerto Ays\u00e9n"},"content":{"rendered":"<div class=\"flex_column av_one_full  flex_column_div av-zero-column-padding first  avia-builder-el-0  el_before_av_one_full  avia-builder-el-first  \" style='border-radius:0px; '><div  class='avia-image-container  av-styling-    avia-builder-el-1  avia-builder-el-no-sibling  avia-align-center '  itemprop=\"image\" itemscope=\"itemscope\" itemtype=\"https:\/\/schema.org\/ImageObject\"  ><div class='avia-image-container-inner'><div class='avia-image-overlay-wrap'><img decoding=\"async\" class='wp-image-62517 avia-img-lazy-loading-not-62517 avia_image' src=\"https:\/\/radiorevelacionfm.cl\/wp-content\/uploads\/2025\/12\/Charla-ERNC-1-1-1.jpeg\" alt='' title='Charla ERNC (1) (1) (1)' height=\"600\" width=\"800\"  itemprop=\"thumbnailUrl\" srcset=\"https:\/\/radiorevelacionfm.cl\/wp-content\/uploads\/2025\/12\/Charla-ERNC-1-1-1.jpeg 800w, https:\/\/radiorevelacionfm.cl\/wp-content\/uploads\/2025\/12\/Charla-ERNC-1-1-1-300x225.jpeg 300w, https:\/\/radiorevelacionfm.cl\/wp-content\/uploads\/2025\/12\/Charla-ERNC-1-1-1-768x576.jpeg 768w, https:\/\/radiorevelacionfm.cl\/wp-content\/uploads\/2025\/12\/Charla-ERNC-1-1-1-705x529.jpeg 705w, https:\/\/radiorevelacionfm.cl\/wp-content\/uploads\/2025\/12\/Charla-ERNC-1-1-1-450x338.jpeg 450w, https:\/\/radiorevelacionfm.cl\/wp-content\/uploads\/2025\/12\/Charla-ERNC-1-1-1-600x450.jpeg 600w\" sizes=\"(max-width: 800px) 100vw, 800px\" \/><\/div><\/div><\/div><\/div><div class=\"flex_column av_one_full  flex_column_div av-zero-column-padding first  avia-builder-el-2  el_after_av_one_full  el_before_av_one_full  column-top-margin\" style='border-radius:0px; '><section class=\"av_textblock_section \"  itemscope=\"itemscope\" itemtype=\"https:\/\/schema.org\/BlogPosting\" itemprop=\"blogPost\" ><div class='avia_textblock  '   itemprop=\"text\" ><p style=\"text-align: center;\"><strong><span style=\"font-size: 18pt;\">Edelaysen realiz\u00f3 charla sobre energ\u00edas renovables en la Escuela Litoral Austral de Puerto Ays\u00e9n<\/span><\/strong><\/p>\n<div id=\"gtx-trans\" style=\"position: absolute; left: -50px; top: 4.31534px;\">\n<div class=\"gtx-trans-icon\"><\/div>\n<\/div>\n<\/div><\/section><\/div><div class=\"flex_column av_one_full  flex_column_div av-zero-column-padding first  avia-builder-el-4  el_after_av_one_full  el_before_av_hr  column-top-margin\" style='border-radius:0px; '><section class=\"av_textblock_section \"  itemscope=\"itemscope\" itemtype=\"https:\/\/schema.org\/BlogPosting\" itemprop=\"blogPost\" ><div class='avia_textblock  '   itemprop=\"text\" ><ul>\n<li style=\"text-align: justify;\"><em>El encuentro permiti\u00f3 acercar contenidos sobre sostenibilidad y desarrollo energ\u00e9tico a estudiantes de ense\u00f1anza b\u00e1sica.<\/em><\/li>\n<\/ul>\n<p style=\"text-align: justify;\">Con el prop\u00f3sito de continuar desarrollando iniciativas educativas destinadas a fortalecer el conocimiento en torno a la energ\u00eda y sostenibilidad, Edelaysen lleg\u00f3 hasta el establecimiento Litoral Austral de Puerto Ays\u00e9n para realizar una charla sobre energ\u00edas renovables a estudiantes de ense\u00f1anza b\u00e1sica que participan activamente en talleres y actividades cient\u00edficas.<\/p>\n<p style=\"text-align: justify;\">Durante la jornada, el ejecutivo, Francisco Pavez, explic\u00f3 de manera did\u00e1ctica el funcionamiento de distintas tecnolog\u00edas renovables, el potencial energ\u00e9tico de la regi\u00f3n y la importancia del uso eficiente y responsable de la electricidad en el d\u00eda a d\u00eda. La instancia permiti\u00f3 responder preguntas, compartir ejemplos locales y generar un espacio de di\u00e1logo sobre los desaf\u00edos energ\u00e9ticos que enfrenta la regi\u00f3n de Ays\u00e9n.<\/p>\n<p style=\"text-align: justify;\">En su intervenci\u00f3n, Pavez destac\u00f3 el rol de la educaci\u00f3n en el proceso de transici\u00f3n energ\u00e9tica, se\u00f1alando que \u201cacercar estos contenidos a los estudiantes es fundamental para que comprendan c\u00f3mo se est\u00e1 transformando la matriz energ\u00e9tica y cu\u00e1l es el impacto que esto tiene en su propio entorno. Desde Edelaysen vemos mucho inter\u00e9s y curiosidad en los cursos, y eso nos motiva a seguir impulsando actividades que aporten conocimiento, fomenten la innovaci\u00f3n y permitan que las nuevas generaciones se involucren desde temprano en estos temas\u201d.<\/p>\n<p style=\"text-align: justify;\">Por su parte Consuelo Quezada, coordinadora inform\u00e1tica de la Escuela Litoral Austral mencion\u00f3: \u201cEn nuestra semana de la ciencia y la tecnolog\u00eda se desarroll\u00f3 una charla muy entretenida sobre las energ\u00edas renovables, esto nos permiti\u00f3 comprender como Ays\u00e9n est\u00e1 avanzando hacia un futuro m\u00e1s limpio y sostenible. Nuestros estudiantes pudieron conocer las fuentes las alternativas energ\u00e9ticas que hoy se desarrollan en nuestro entorno y reflexionar un poquito como debemos cuidar nuestro entorno, como impacta esto en nuestra vida cotidiana y c\u00f3mo podemos aprovechar esta energ\u00eda que nos rodea de nuestra naturaleza, as\u00ed que muy agradecida de Edelaysen, por esta oportunidad de poder indagar un poquito m\u00e1s, y obviamente nutrir a nuestros estudiantes en cuanto a estos importantes conceptos de la energ\u00eda renovable\u201d.<\/p>\n<p style=\"text-align: justify;\">En Edelaysen valoraron la colaboraci\u00f3n de la Escuela Litoral Austral y el inter\u00e9s demostrado por sus estudiantes en tem\u00e1ticas tan relevantes para el cuidado del medio ambiente como las energ\u00edas renovables. En tal sentido, desde la el\u00e9ctrica reafirmaron su compromiso con promover instancias que fortalezcan el conocimiento en esta materia y que contribuya al desarrollo sostenible de la regi\u00f3n.<\/p>\n<\/div><\/section><\/div><div  style='height:50px' class='hr hr-invisible   avia-builder-el-6  el_after_av_one_full  el_before_av_social_share '><span class='hr-inner ' ><span class='hr-inner-style'><\/span><\/span><\/div><\/p>\n<div  class='av-social-sharing-box  avia-builder-el-7  el_after_av_hr  el_before_av_hr  '><div class='av-share-box'><h5 class='av-share-link-description av-no-toc '>Compartir esta noticia<\/h5><ul class='av-share-box-list noLightbox'><li class='av-share-link av-social-link-facebook' ><a target=\"_blank\" aria-label=\"Compartir en Facebook\" href='https:\/\/www.facebook.com\/sharer.php?u=https:\/\/radiorevelacionfm.cl\/?p=62516&#038;t=Edelaysen%20realiz%C3%B3%20charla%20sobre%20energ%C3%ADas%20renovables%20en%20la%20Escuela%20Litoral%20Austral%20de%20Puerto%20Ays%C3%A9n' aria-hidden='false' data-av_icon='\ue8f3' data-av_iconfont='entypo-fontello' title='' data-avia-related-tooltip='Compartir en Facebook' rel=\"noopener\"><span class='avia_hidden_link_text'>Compartir en Facebook<\/span><\/a><\/li><li class='av-share-link av-social-link-twitter' ><a target=\"_blank\" aria-label=\"Compartir en Twitter\" href='https:\/\/twitter.com\/share?text=Edelaysen%20realiz%C3%B3%20charla%20sobre%20energ%C3%ADas%20renovables%20en%20la%20Escuela%20Litoral%20Austral%20de%20Puerto%20Ays%C3%A9n&#038;url=https:\/\/radiorevelacionfm.cl\/?p=62516' aria-hidden='false' data-av_icon='\ue8f1' data-av_iconfont='entypo-fontello' title='' data-avia-related-tooltip='Compartir en Twitter' rel=\"noopener\"><span class='avia_hidden_link_text'>Compartir en Twitter<\/span><\/a><\/li><li class='av-share-link av-social-link-whatsapp' ><a target=\"_blank\" aria-label=\"Compartir en Whatsapp\" href='https:\/\/api.whatsapp.com\/send?text=https:\/\/radiorevelacionfm.cl\/?p=62516' aria-hidden='false' data-av_icon='\uf232' data-av_iconfont='entypo-fontello' title='' data-avia-related-tooltip='Compartir en Whatsapp' rel=\"noopener\"><span class='avia_hidden_link_text'>Compartir en Whatsapp<\/span><\/a><\/li><li class='av-share-link av-social-link-linkedin' ><a target=\"_blank\" aria-label=\"Compartir en LinkedIn\" href='https:\/\/linkedin.com\/shareArticle?mini=true&#038;title=Edelaysen%20realiz%C3%B3%20charla%20sobre%20energ%C3%ADas%20renovables%20en%20la%20Escuela%20Litoral%20Austral%20de%20Puerto%20Ays%C3%A9n&#038;url=https:\/\/radiorevelacionfm.cl\/?p=62516' aria-hidden='false' data-av_icon='\ue8fc' data-av_iconfont='entypo-fontello' title='' data-avia-related-tooltip='Compartir en LinkedIn' rel=\"noopener\"><span class='avia_hidden_link_text'>Compartir en LinkedIn<\/span><\/a><\/li><li class='av-share-link av-social-link-mail' ><a  aria-label=\"Compartir por correo\" href='mailto:?subject=Edelaysen%20realiz%C3%B3%20charla%20sobre%20energ%C3%ADas%20renovables%20en%20la%20Escuela%20Litoral%20Austral%20de%20Puerto%20Ays%C3%A9n&#038;body=https:\/\/radiorevelacionfm.cl\/?p=62516' aria-hidden='false' data-av_icon='\ue805' data-av_iconfont='entypo-fontello' title='' data-avia-related-tooltip='Compartir por correo'><span class='avia_hidden_link_text'>Compartir por correo<\/span><\/a><\/li><\/ul><\/div><\/div>\n<div  style='height:50px' class='hr hr-invisible   avia-builder-el-8  el_after_av_social_share  el_before_av_comments_list '><span class='hr-inner ' ><span class='hr-inner-style'><\/span><\/span><\/div>\n<div  class='av-buildercomment  av-blog-meta-html-info-disabled av-blog-meta-tag-disabled  '><\/div>\n","protected":false},"excerpt":{"rendered":"","protected":false},"author":1,"featured_media":62517,"comment_status":"closed","ping_status":"closed","sticky":false,"template":"","format":"standard","meta":{"footnotes":""},"categories":[38],"tags":[],"class_list":["post-62516","post","type-post","status-publish","format-standard","has-post-thumbnail","hentry","category-regional"],"jetpack_featured_media_url":"https:\/\/radiorevelacionfm.cl\/wp-content\/uploads\/2025\/12\/Charla-ERNC-1-1-1.jpeg","_links":{"self":[{"href":"https:\/\/radiorevelacionfm.cl\/index.php?rest_route=\/wp\/v2\/posts\/62516","targetHints":{"allow":["GET"]}}],"collection":[{"href":"https:\/\/radiorevelacionfm.cl\/index.php?rest_route=\/wp\/v2\/posts"}],"about":[{"href":"https:\/\/radiorevelacionfm.cl\/index.php?rest_route=\/wp\/v2\/types\/post"}],"author":[{"embeddable":true,"href":"https:\/\/radiorevelacionfm.cl\/index.php?rest_route=\/wp\/v2\/users\/1"}],"replies":[{"embeddable":true,"href":"https:\/\/radiorevelacionfm.cl\/index.php?rest_route=%2Fwp%2Fv2%2Fcomments&post=62516"}],"version-history":[{"count":2,"href":"https:\/\/radiorevelacionfm.cl\/index.php?rest_route=\/wp\/v2\/posts\/62516\/revisions"}],"predecessor-version":[{"id":62519,"href":"https:\/\/radiorevelacionfm.cl\/index.php?rest_route=\/wp\/v2\/posts\/62516\/revisions\/62519"}],"wp:featuredmedia":[{"embeddable":true,"href":"https:\/\/radiorevelacionfm.cl\/index.php?rest_route=\/wp\/v2\/media\/62517"}],"wp:attachment":[{"href":"https:\/\/radiorevelacionfm.cl\/index.php?rest_route=%2Fwp%2Fv2%2Fmedia&parent=62516"}],"wp:term":[{"taxonomy":"category","embeddable":true,"href":"https:\/\/radiorevelacionfm.cl\/index.php?rest_route=%2Fwp%2Fv2%2Fcategories&post=62516"},{"taxonomy":"post_tag","embeddable":true,"href":"https:\/\/radiorevelacionfm.cl\/index.php?rest_route=%2Fwp%2Fv2%2Ftags&post=62516"}],"curies":[{"name":"wp","href":"https:\/\/api.w.org\/{rel}","templated":true}]}}