{"id":62502,"date":"2025-12-15T21:42:27","date_gmt":"2025-12-16T00:42:27","guid":{"rendered":"https:\/\/radiorevelacionfm.cl\/?p=62502"},"modified":"2025-12-15T21:42:27","modified_gmt":"2025-12-16T00:42:27","slug":"sandoval-tras-triunfo-de-jose-antonio-kast-el-pais-necesita-reencontrarse-crecer-y-desarrollarse","status":"publish","type":"post","link":"https:\/\/radiorevelacionfm.cl\/?p=62502","title":{"rendered":"Sandoval tras triunfo de Jos\u00e9 Antonio Kast: \u201cEl pa\u00eds necesita reencontrarse, crecer y desarrollarse\u201d"},"content":{"rendered":"<div class=\"flex_column av_one_full  flex_column_div av-zero-column-padding first  avia-builder-el-0  el_before_av_one_full  avia-builder-el-first  \" style='border-radius:0px; '><div  class='avia-image-container  av-styling-    avia-builder-el-1  avia-builder-el-no-sibling  avia-align-center '  itemprop=\"image\" itemscope=\"itemscope\" itemtype=\"https:\/\/schema.org\/ImageObject\"  ><div class='avia-image-container-inner'><div class='avia-image-overlay-wrap'><img decoding=\"async\" class='wp-image-62503 avia-img-lazy-loading-not-62503 avia_image' src=\"https:\/\/radiorevelacionfm.cl\/wp-content\/uploads\/2025\/12\/kast1-1_optimized-1_optimized.jpeg\" alt='' title='kast1-(1)_optimized-(1)_optimized' height=\"600\" width=\"800\"  itemprop=\"thumbnailUrl\" srcset=\"https:\/\/radiorevelacionfm.cl\/wp-content\/uploads\/2025\/12\/kast1-1_optimized-1_optimized.jpeg 800w, https:\/\/radiorevelacionfm.cl\/wp-content\/uploads\/2025\/12\/kast1-1_optimized-1_optimized-300x225.jpeg 300w, https:\/\/radiorevelacionfm.cl\/wp-content\/uploads\/2025\/12\/kast1-1_optimized-1_optimized-768x576.jpeg 768w, https:\/\/radiorevelacionfm.cl\/wp-content\/uploads\/2025\/12\/kast1-1_optimized-1_optimized-705x529.jpeg 705w, https:\/\/radiorevelacionfm.cl\/wp-content\/uploads\/2025\/12\/kast1-1_optimized-1_optimized-450x338.jpeg 450w, https:\/\/radiorevelacionfm.cl\/wp-content\/uploads\/2025\/12\/kast1-1_optimized-1_optimized-600x450.jpeg 600w\" sizes=\"(max-width: 800px) 100vw, 800px\" \/><\/div><\/div><\/div><\/div><div class=\"flex_column av_one_full  flex_column_div av-zero-column-padding first  avia-builder-el-2  el_after_av_one_full  el_before_av_one_full  column-top-margin\" style='border-radius:0px; '><section class=\"av_textblock_section \"  itemscope=\"itemscope\" itemtype=\"https:\/\/schema.org\/BlogPosting\" itemprop=\"blogPost\" ><div class='avia_textblock  '   itemprop=\"text\" ><p style=\"text-align: center;\"><span style=\"font-size: 18pt;\"><strong>Sandoval tras triunfo de Jos\u00e9 Antonio Kast: <\/strong><strong>\u201cEl pa\u00eds necesita reencontrarse, crecer y desarrollarse\u201d<\/strong><\/span><\/p>\n<div id=\"gtx-trans\" style=\"position: absolute; left: -50px; top: 4.31534px;\">\n<div class=\"gtx-trans-icon\"><\/div>\n<\/div>\n<\/div><\/section><\/div><div class=\"flex_column av_one_full  flex_column_div av-zero-column-padding first  avia-builder-el-4  el_after_av_one_full  el_before_av_hr  column-top-margin\" style='border-radius:0px; '><section class=\"av_textblock_section \"  itemscope=\"itemscope\" itemtype=\"https:\/\/schema.org\/BlogPosting\" itemprop=\"blogPost\" ><div class='avia_textblock  '   itemprop=\"text\" ><p style=\"text-align: justify;\"><em>El parlamentario puso \u00e9nfasis tambi\u00e9n en las demandas regionales, se\u00f1alando que existen desaf\u00edos hist\u00f3ricos en conectividad, energ\u00eda, crecimiento, empleo y desarrollo productivo.<\/em><\/p>\n<p style=\"text-align: justify;\">El senador David Sandoval valor\u00f3 el contundente triunfo de Jos\u00e9 Antonio Kast en la segunda vuelta presidencial, destacando que el resultado expresa una se\u00f1al clara y transversal a nivel nacional: Chile quiere un cambio profundo en el rumbo del pa\u00eds.<\/p>\n<p style=\"text-align: justify;\">El parlamentario valor\u00f3 especialmente que Kast se haya impuesto en todas las comunas de la regi\u00f3n, lo que a su juicio refleja las urgencias de la comunidad. \u201cEl mandato que entrega la ciudadan\u00eda, de manera tan rotunda y a lo largo de todo Chile y la regi\u00f3n, es un mensaje muy claro: queremos un pa\u00eds donde los chilenos se reencuentren en un prop\u00f3sito com\u00fan\u201d, se\u00f1al\u00f3.<\/p>\n<p style=\"text-align: justify;\">En ese sentido, enfatiz\u00f3 la necesidad de dejar atr\u00e1s las disputas y los conflictos est\u00e9riles que, a su juicio, solo perpet\u00faan un clima de pesimismo y no aportan soluciones reales a los problemas de Chile. \u201cNo podemos seguir perdiendo tiempo en peleas que no generan ning\u00fan beneficio y que solo mantienen un statu quo de conflicto permanente\u201d, afirm\u00f3.<\/p>\n<p style=\"text-align: justify;\">Adem\u00e1s, subray\u00f3 que el nuevo gobierno enfrentar\u00e1 desaf\u00edos complejos, especialmente en materia econ\u00f3mica y de empleo, pero recalc\u00f3 que las mayores expectativas ciudadanas est\u00e1n puestas en \u00e1reas clave como la seguridad y el mejoramiento del bienestar de la poblaci\u00f3n. \u201cLa comunidad tiene grandes esperanzas en que se avance con decisi\u00f3n en seguridad, salud, educaci\u00f3n y vivienda, que son beneficios concretos del desarrollo que la gente espera ver reflejados en su vida cotidiana\u201d, sostuvo.<\/p>\n<p style=\"text-align: justify;\">Asimismo, Sandoval destac\u00f3 el llamado del presidente electo a conformar un gobierno de emergencia, con el concurso de todos los sectores. \u201cTal como lo ha se\u00f1alado Jos\u00e9 Antonio Kast, esta no es solo la tarea de un presidente, es la tarea de todos. El pa\u00eds necesita reencontrarse, crecer y desarrollarse\u201d, agreg\u00f3.<\/p>\n<p style=\"text-align: justify;\">Finalmente, el parlamentario puso \u00e9nfasis en las demandas regionales, se\u00f1alando que existen desaf\u00edos hist\u00f3ricos en conectividad, energ\u00eda, crecimiento, empleo y desarrollo productivo. \u201cNuestro objetivo es dejar atr\u00e1s una l\u00f3gica asistencialista y avanzar hacia un proyecto de desarrollo que permita a los ayseninos generar oportunidades, empleo y bienestar, compartiendo los beneficios del crecimiento\u201d, concluy\u00f3.<\/p>\n<\/div><\/section><\/div><div  style='height:50px' class='hr hr-invisible   avia-builder-el-6  el_after_av_one_full  el_before_av_social_share '><span class='hr-inner ' ><span class='hr-inner-style'><\/span><\/span><\/div><\/p>\n<div  class='av-social-sharing-box  avia-builder-el-7  el_after_av_hr  el_before_av_hr  '><div class='av-share-box'><h5 class='av-share-link-description av-no-toc '>Compartir esta noticia<\/h5><ul class='av-share-box-list noLightbox'><li class='av-share-link av-social-link-facebook' ><a target=\"_blank\" aria-label=\"Compartir en Facebook\" href='https:\/\/www.facebook.com\/sharer.php?u=https:\/\/radiorevelacionfm.cl\/?p=62502&#038;t=Sandoval%20tras%20triunfo%20de%20Jos%C3%A9%20Antonio%20Kast%3A%20%E2%80%9CEl%20pa%C3%ADs%20necesita%20reencontrarse%2C%20crecer%20y%20desarrollarse%E2%80%9D' aria-hidden='false' data-av_icon='\ue8f3' data-av_iconfont='entypo-fontello' title='' data-avia-related-tooltip='Compartir en Facebook' rel=\"noopener\"><span class='avia_hidden_link_text'>Compartir en Facebook<\/span><\/a><\/li><li class='av-share-link av-social-link-twitter' ><a target=\"_blank\" aria-label=\"Compartir en Twitter\" href='https:\/\/twitter.com\/share?text=Sandoval%20tras%20triunfo%20de%20Jos%C3%A9%20Antonio%20Kast%3A%20%E2%80%9CEl%20pa%C3%ADs%20necesita%20reencontrarse%2C%20crecer%20y%20desarrollarse%E2%80%9D&#038;url=https:\/\/radiorevelacionfm.cl\/?p=62502' aria-hidden='false' data-av_icon='\ue8f1' data-av_iconfont='entypo-fontello' title='' data-avia-related-tooltip='Compartir en Twitter' rel=\"noopener\"><span class='avia_hidden_link_text'>Compartir en Twitter<\/span><\/a><\/li><li class='av-share-link av-social-link-whatsapp' ><a target=\"_blank\" aria-label=\"Compartir en Whatsapp\" href='https:\/\/api.whatsapp.com\/send?text=https:\/\/radiorevelacionfm.cl\/?p=62502' aria-hidden='false' data-av_icon='\uf232' data-av_iconfont='entypo-fontello' title='' data-avia-related-tooltip='Compartir en Whatsapp' rel=\"noopener\"><span class='avia_hidden_link_text'>Compartir en Whatsapp<\/span><\/a><\/li><li class='av-share-link av-social-link-linkedin' ><a target=\"_blank\" aria-label=\"Compartir en LinkedIn\" href='https:\/\/linkedin.com\/shareArticle?mini=true&#038;title=Sandoval%20tras%20triunfo%20de%20Jos%C3%A9%20Antonio%20Kast%3A%20%E2%80%9CEl%20pa%C3%ADs%20necesita%20reencontrarse%2C%20crecer%20y%20desarrollarse%E2%80%9D&#038;url=https:\/\/radiorevelacionfm.cl\/?p=62502' aria-hidden='false' data-av_icon='\ue8fc' data-av_iconfont='entypo-fontello' title='' data-avia-related-tooltip='Compartir en LinkedIn' rel=\"noopener\"><span class='avia_hidden_link_text'>Compartir en LinkedIn<\/span><\/a><\/li><li class='av-share-link av-social-link-mail' ><a  aria-label=\"Compartir por correo\" href='mailto:?subject=Sandoval%20tras%20triunfo%20de%20Jos%C3%A9%20Antonio%20Kast%3A%20%E2%80%9CEl%20pa%C3%ADs%20necesita%20reencontrarse%2C%20crecer%20y%20desarrollarse%E2%80%9D&#038;body=https:\/\/radiorevelacionfm.cl\/?p=62502' aria-hidden='false' data-av_icon='\ue805' data-av_iconfont='entypo-fontello' title='' data-avia-related-tooltip='Compartir por correo'><span class='avia_hidden_link_text'>Compartir por correo<\/span><\/a><\/li><\/ul><\/div><\/div>\n<div  style='height:50px' class='hr hr-invisible   avia-builder-el-8  el_after_av_social_share  el_before_av_comments_list '><span class='hr-inner ' ><span class='hr-inner-style'><\/span><\/span><\/div>\n<div  class='av-buildercomment  av-blog-meta-html-info-disabled av-blog-meta-tag-disabled  '><\/div>\n","protected":false},"excerpt":{"rendered":"","protected":false},"author":1,"featured_media":62503,"comment_status":"closed","ping_status":"closed","sticky":false,"template":"","format":"standard","meta":{"footnotes":""},"categories":[35],"tags":[],"class_list":["post-62502","post","type-post","status-publish","format-standard","has-post-thumbnail","hentry","category-politica"],"jetpack_featured_media_url":"https:\/\/radiorevelacionfm.cl\/wp-content\/uploads\/2025\/12\/kast1-1_optimized-1_optimized.jpeg","_links":{"self":[{"href":"https:\/\/radiorevelacionfm.cl\/index.php?rest_route=\/wp\/v2\/posts\/62502","targetHints":{"allow":["GET"]}}],"collection":[{"href":"https:\/\/radiorevelacionfm.cl\/index.php?rest_route=\/wp\/v2\/posts"}],"about":[{"href":"https:\/\/radiorevelacionfm.cl\/index.php?rest_route=\/wp\/v2\/types\/post"}],"author":[{"embeddable":true,"href":"https:\/\/radiorevelacionfm.cl\/index.php?rest_route=\/wp\/v2\/users\/1"}],"replies":[{"embeddable":true,"href":"https:\/\/radiorevelacionfm.cl\/index.php?rest_route=%2Fwp%2Fv2%2Fcomments&post=62502"}],"version-history":[{"count":2,"href":"https:\/\/radiorevelacionfm.cl\/index.php?rest_route=\/wp\/v2\/posts\/62502\/revisions"}],"predecessor-version":[{"id":62505,"href":"https:\/\/radiorevelacionfm.cl\/index.php?rest_route=\/wp\/v2\/posts\/62502\/revisions\/62505"}],"wp:featuredmedia":[{"embeddable":true,"href":"https:\/\/radiorevelacionfm.cl\/index.php?rest_route=\/wp\/v2\/media\/62503"}],"wp:attachment":[{"href":"https:\/\/radiorevelacionfm.cl\/index.php?rest_route=%2Fwp%2Fv2%2Fmedia&parent=62502"}],"wp:term":[{"taxonomy":"category","embeddable":true,"href":"https:\/\/radiorevelacionfm.cl\/index.php?rest_route=%2Fwp%2Fv2%2Fcategories&post=62502"},{"taxonomy":"post_tag","embeddable":true,"href":"https:\/\/radiorevelacionfm.cl\/index.php?rest_route=%2Fwp%2Fv2%2Ftags&post=62502"}],"curies":[{"name":"wp","href":"https:\/\/api.w.org\/{rel}","templated":true}]}}