{"id":62498,"date":"2025-12-15T21:07:06","date_gmt":"2025-12-16T00:07:06","guid":{"rendered":"https:\/\/radiorevelacionfm.cl\/?p=62498"},"modified":"2025-12-15T21:07:06","modified_gmt":"2025-12-16T00:07:06","slug":"carabineros-se-capacita-en-progresion-en-glaciar-y-rescate-en-grieta-ante-proxima-apertura-de-avanzada-marconi-en-campos-de-hielo-sur","status":"publish","type":"post","link":"https:\/\/radiorevelacionfm.cl\/?p=62498","title":{"rendered":"Carabineros se capacita en \u201cprogresi\u00f3n en glaciar y rescate en grieta\u201d ante pr\u00f3xima apertura de Avanzada Marconi en Campos de Hielo Sur"},"content":{"rendered":"<div class=\"flex_column av_one_full  flex_column_div av-zero-column-padding first  avia-builder-el-0  el_before_av_one_full  avia-builder-el-first  \" style='border-radius:0px; '><div  class='avia-image-container  av-styling-    avia-builder-el-1  avia-builder-el-no-sibling  avia-align-center '  itemprop=\"image\" itemscope=\"itemscope\" itemtype=\"https:\/\/schema.org\/ImageObject\"  ><div class='avia-image-container-inner'><div class='avia-image-overlay-wrap'><img decoding=\"async\" class='wp-image-62499 avia-img-lazy-loading-not-62499 avia_image' src=\"https:\/\/radiorevelacionfm.cl\/wp-content\/uploads\/2025\/12\/ac100f84-53ce-446e-acc4-1e98035c5c2a-1-1.jpg\" alt='' title='ac100f84-53ce-446e-acc4-1e98035c5c2a (1) (1)' height=\"600\" width=\"1067\"  itemprop=\"thumbnailUrl\" srcset=\"https:\/\/radiorevelacionfm.cl\/wp-content\/uploads\/2025\/12\/ac100f84-53ce-446e-acc4-1e98035c5c2a-1-1.jpg 1067w, https:\/\/radiorevelacionfm.cl\/wp-content\/uploads\/2025\/12\/ac100f84-53ce-446e-acc4-1e98035c5c2a-1-1-300x169.jpg 300w, https:\/\/radiorevelacionfm.cl\/wp-content\/uploads\/2025\/12\/ac100f84-53ce-446e-acc4-1e98035c5c2a-1-1-1030x579.jpg 1030w, https:\/\/radiorevelacionfm.cl\/wp-content\/uploads\/2025\/12\/ac100f84-53ce-446e-acc4-1e98035c5c2a-1-1-768x432.jpg 768w, https:\/\/radiorevelacionfm.cl\/wp-content\/uploads\/2025\/12\/ac100f84-53ce-446e-acc4-1e98035c5c2a-1-1-705x396.jpg 705w, https:\/\/radiorevelacionfm.cl\/wp-content\/uploads\/2025\/12\/ac100f84-53ce-446e-acc4-1e98035c5c2a-1-1-450x253.jpg 450w, https:\/\/radiorevelacionfm.cl\/wp-content\/uploads\/2025\/12\/ac100f84-53ce-446e-acc4-1e98035c5c2a-1-1-600x337.jpg 600w\" sizes=\"(max-width: 1067px) 100vw, 1067px\" \/><\/div><\/div><\/div><\/div><div class=\"flex_column av_one_full  flex_column_div av-zero-column-padding first  avia-builder-el-2  el_after_av_one_full  el_before_av_one_full  column-top-margin\" style='border-radius:0px; '><section class=\"av_textblock_section \"  itemscope=\"itemscope\" itemtype=\"https:\/\/schema.org\/BlogPosting\" itemprop=\"blogPost\" ><div class='avia_textblock  '   itemprop=\"text\" ><p style=\"text-align: center;\"><strong><span style=\"font-size: 18pt;\">Carabineros se capacita en \u201cprogresi\u00f3n en glaciar y rescate en grieta\u201d ante pr\u00f3xima apertura de Avanzada Marconi en Campos de Hielo Sur<\/span><\/strong><\/p>\n<div id=\"gtx-trans\" style=\"position: absolute; left: -50px; top: 4.31534px;\">\n<div class=\"gtx-trans-icon\"><\/div>\n<\/div>\n<\/div><\/section><\/div><div class=\"flex_column av_one_full  flex_column_div av-zero-column-padding first  avia-builder-el-4  el_after_av_one_full  el_before_av_hr  column-top-margin\" style='border-radius:0px; '><section class=\"av_textblock_section \"  itemscope=\"itemscope\" itemtype=\"https:\/\/schema.org\/BlogPosting\" itemprop=\"blogPost\" ><div class='avia_textblock  '   itemprop=\"text\" ><p style=\"text-align: justify;\"><em>Diez especialistas en monta\u00f1a y frontera de todo el pa\u00eds y de la regi\u00f3n de Ays\u00e9n participaron en proceso de retroalimentaci\u00f3n en Glaciar Voipir, ubicado en el Volc\u00e1n Villarrica, como parte de la exigente preparaci\u00f3n que requiere desempe\u00f1ar funciones en uno de los lugares m\u00e1s extremos e inh\u00f3spitos de la regi\u00f3n.<\/em><\/p>\n<p dir=\"ltr\" style=\"text-align: justify;\">Conscientes del desaf\u00edo que conlleva el trabajo en Campos de Hielo Sur con motivo de la apertura de la Avanzada Paso Marconi -proyectada para los pr\u00f3ximos d\u00edas- Carabineros especialistas en monta\u00f1a y frontera participaron en intenso curso de capacitaci\u00f3n y retroalimentaci\u00f3n en materia de \u201cProgresi\u00f3n en Glaciar y Rescate en Grieta\u201d, efectuado en el Glaciar Voipir, ubicado en el Volc\u00e1n Villarrica, Regi\u00f3n de la Araucan\u00eda.<\/p>\n<p dir=\"ltr\" style=\"text-align: justify;\">Se trata de un lugar con una condici\u00f3n extrema, en que el personal especializado de Carabineros trabaj\u00f3 durante cinco d\u00edas, con la finalidad de enfrentar la condici\u00f3n clim\u00e1tica y de hielo, adquirir nuevos conocimientos y perfeccionar t\u00e9cnicas para el desarrollo de tareas de autorrescarte o rescate de turistas, desde zonas con grietas y \u00e1reas de alta complejidad para el desarrollo de este tipo de operaciones.<\/p>\n<p dir=\"ltr\" style=\"text-align: justify;\">El Jefe de la Tenencia Coyhaique Alto (F), Teniente Rodrigo Castro Rojas, quien particip\u00f3 del curso indic\u00f3 que \u201cdada las condiciones clim\u00e1ticas del lugar -como es Campos de Hielo Sur- es necesario que el personal cuente con la capacidad, el manejo y los conocimientos para desenvolverse y desplazarse ante alg\u00fan requerimiento\u201d, indic\u00f3.<\/p>\n<p dir=\"ltr\" style=\"text-align: justify;\">Durante los pr\u00f3ximos d\u00edas y por m\u00e1s de dos meses, distintas patrullas de Carabineros -mediante relevos quincenales- ser\u00e1n trasladados v\u00eda a\u00e9rea al lugar, donde cumplir\u00e1n tareas de integraci\u00f3n y resguardo de la soberan\u00eda nacional, en uno de los rincones m\u00e1s apartados e inh\u00f3spitos en Campos de Hielo Sur.<\/p>\n<p dir=\"ltr\"><strong>Capacitaci\u00f3n y retroalimentaci\u00f3n<\/strong><\/p>\n<p dir=\"ltr\">El Glaciar Voipir -en la Araucan\u00eda- presenta condiciones que se asemejan a las que presenta el sector en que est\u00e1 emplazada la Avanzada Marconi en el refugio Eduardo Garc\u00eda Soto.<\/p>\n<p dir=\"ltr\">\u201cPrincipalmente el trabajo se bas\u00f3 en cordadas, equipo, vestuario y conocimientos t\u00e9cnicos que permitan al funcionario desplazarse de manera segura y autoasegurada con la cordada que integra una patrulla conformada por dos, tres o cuatro funcionarios. Fuimos capacitados para efectuar maniobras de rescate y autorescate en caso que exista un incidente que implique la ca\u00edda a una grieta\u201d, se\u00f1al\u00f3 el Teniente Rodrigo Castro Rojas.<\/p>\n<p dir=\"ltr\" style=\"text-align: justify;\">En este tipo de escenarios resulta fundamental la seguridad del personal, del desplazamiento producto de la dificultad que implica el trabajo en Marconi, sumado a la capacidad de reaccionar ante alg\u00fan evento que implique un rescate de turistas que se desplacen hacia el sector en Campos de Hielo Sur, una de las zonas m\u00e1s australes y desafiantes del pa\u00eds.<\/p>\n<p dir=\"ltr\" style=\"text-align: justify;\"><strong>Importancia estrat\u00e9gica<\/strong><\/p>\n<p dir=\"ltr\" style=\"text-align: justify;\">Hay un esfuerzo institucional e interinstitucional con la Direcci\u00f3n de Fronteras y L\u00edmites, dada la importancia geopol\u00edtica y estrat\u00e9gica que tiene para el Estado el marcar presencia y hacer soberan\u00eda en este punto del territorio, al mantener un puesto que permita empadronar y efectuar el control migratorio para mantener un control de las personas que ingresan al territorio nacional desde Argentina en cumplimiento a la normativa existente.<\/p>\n<p dir=\"ltr\" style=\"text-align: justify;\">Durante la temporada comprendida entre enero a marzo de 2025, Carabineros\u00a0 realiz\u00f3 por primera vez tareas de soberan\u00eda, integraci\u00f3n y control migratorio en este lugar, siendo controladas 44 turistas, de las cuales 12 no contaban con situaci\u00f3n migratoria regular, siendo denunciados, al no contar con autorizaci\u00f3n para estar en territorio nacional.<\/p>\n<\/div><\/section><\/div><div  style='height:50px' class='hr hr-invisible   avia-builder-el-6  el_after_av_one_full  el_before_av_social_share '><span class='hr-inner ' ><span class='hr-inner-style'><\/span><\/span><\/div><\/p>\n<div  class='av-social-sharing-box  avia-builder-el-7  el_after_av_hr  el_before_av_hr  '><div class='av-share-box'><h5 class='av-share-link-description av-no-toc '>Compartir esta noticia<\/h5><ul class='av-share-box-list noLightbox'><li class='av-share-link av-social-link-facebook' ><a target=\"_blank\" aria-label=\"Compartir en Facebook\" href='https:\/\/www.facebook.com\/sharer.php?u=https:\/\/radiorevelacionfm.cl\/?p=62498&#038;t=Carabineros%20se%20capacita%20en%20%E2%80%9Cprogresi%C3%B3n%20en%20glaciar%20y%20rescate%20en%20grieta%E2%80%9D%20ante%20pr%C3%B3xima%20apertura%20de%20Avanzada%20Marconi%20en%20Campos%20de%20Hielo%20Sur' aria-hidden='false' data-av_icon='\ue8f3' data-av_iconfont='entypo-fontello' title='' data-avia-related-tooltip='Compartir en Facebook' rel=\"noopener\"><span class='avia_hidden_link_text'>Compartir en Facebook<\/span><\/a><\/li><li class='av-share-link av-social-link-twitter' ><a target=\"_blank\" aria-label=\"Compartir en Twitter\" href='https:\/\/twitter.com\/share?text=Carabineros%20se%20capacita%20en%20%E2%80%9Cprogresi%C3%B3n%20en%20glaciar%20y%20rescate%20en%20grieta%E2%80%9D%20ante%20pr%C3%B3xima%20apertura%20de%20Avanzada%20Marconi%20en%20Campos%20de%20Hielo%20Sur&#038;url=https:\/\/radiorevelacionfm.cl\/?p=62498' aria-hidden='false' data-av_icon='\ue8f1' data-av_iconfont='entypo-fontello' title='' data-avia-related-tooltip='Compartir en Twitter' rel=\"noopener\"><span class='avia_hidden_link_text'>Compartir en Twitter<\/span><\/a><\/li><li class='av-share-link av-social-link-whatsapp' ><a target=\"_blank\" aria-label=\"Compartir en Whatsapp\" href='https:\/\/api.whatsapp.com\/send?text=https:\/\/radiorevelacionfm.cl\/?p=62498' aria-hidden='false' data-av_icon='\uf232' data-av_iconfont='entypo-fontello' title='' data-avia-related-tooltip='Compartir en Whatsapp' rel=\"noopener\"><span class='avia_hidden_link_text'>Compartir en Whatsapp<\/span><\/a><\/li><li class='av-share-link av-social-link-linkedin' ><a target=\"_blank\" aria-label=\"Compartir en LinkedIn\" href='https:\/\/linkedin.com\/shareArticle?mini=true&#038;title=Carabineros%20se%20capacita%20en%20%E2%80%9Cprogresi%C3%B3n%20en%20glaciar%20y%20rescate%20en%20grieta%E2%80%9D%20ante%20pr%C3%B3xima%20apertura%20de%20Avanzada%20Marconi%20en%20Campos%20de%20Hielo%20Sur&#038;url=https:\/\/radiorevelacionfm.cl\/?p=62498' aria-hidden='false' data-av_icon='\ue8fc' data-av_iconfont='entypo-fontello' title='' data-avia-related-tooltip='Compartir en LinkedIn' rel=\"noopener\"><span class='avia_hidden_link_text'>Compartir en LinkedIn<\/span><\/a><\/li><li class='av-share-link av-social-link-mail' ><a  aria-label=\"Compartir por correo\" href='mailto:?subject=Carabineros%20se%20capacita%20en%20%E2%80%9Cprogresi%C3%B3n%20en%20glaciar%20y%20rescate%20en%20grieta%E2%80%9D%20ante%20pr%C3%B3xima%20apertura%20de%20Avanzada%20Marconi%20en%20Campos%20de%20Hielo%20Sur&#038;body=https:\/\/radiorevelacionfm.cl\/?p=62498' aria-hidden='false' data-av_icon='\ue805' data-av_iconfont='entypo-fontello' title='' data-avia-related-tooltip='Compartir por correo'><span class='avia_hidden_link_text'>Compartir por correo<\/span><\/a><\/li><\/ul><\/div><\/div>\n<div  style='height:50px' class='hr hr-invisible   avia-builder-el-8  el_after_av_social_share  el_before_av_comments_list '><span class='hr-inner ' ><span class='hr-inner-style'><\/span><\/span><\/div>\n<div  class='av-buildercomment  av-blog-meta-html-info-disabled av-blog-meta-tag-disabled  '><\/div>\n","protected":false},"excerpt":{"rendered":"","protected":false},"author":1,"featured_media":62499,"comment_status":"closed","ping_status":"closed","sticky":false,"template":"","format":"standard","meta":{"footnotes":""},"categories":[36],"tags":[],"class_list":["post-62498","post","type-post","status-publish","format-standard","has-post-thumbnail","hentry","category-policial"],"jetpack_featured_media_url":"https:\/\/radiorevelacionfm.cl\/wp-content\/uploads\/2025\/12\/ac100f84-53ce-446e-acc4-1e98035c5c2a-1-1.jpg","_links":{"self":[{"href":"https:\/\/radiorevelacionfm.cl\/index.php?rest_route=\/wp\/v2\/posts\/62498","targetHints":{"allow":["GET"]}}],"collection":[{"href":"https:\/\/radiorevelacionfm.cl\/index.php?rest_route=\/wp\/v2\/posts"}],"about":[{"href":"https:\/\/radiorevelacionfm.cl\/index.php?rest_route=\/wp\/v2\/types\/post"}],"author":[{"embeddable":true,"href":"https:\/\/radiorevelacionfm.cl\/index.php?rest_route=\/wp\/v2\/users\/1"}],"replies":[{"embeddable":true,"href":"https:\/\/radiorevelacionfm.cl\/index.php?rest_route=%2Fwp%2Fv2%2Fcomments&post=62498"}],"version-history":[{"count":2,"href":"https:\/\/radiorevelacionfm.cl\/index.php?rest_route=\/wp\/v2\/posts\/62498\/revisions"}],"predecessor-version":[{"id":62501,"href":"https:\/\/radiorevelacionfm.cl\/index.php?rest_route=\/wp\/v2\/posts\/62498\/revisions\/62501"}],"wp:featuredmedia":[{"embeddable":true,"href":"https:\/\/radiorevelacionfm.cl\/index.php?rest_route=\/wp\/v2\/media\/62499"}],"wp:attachment":[{"href":"https:\/\/radiorevelacionfm.cl\/index.php?rest_route=%2Fwp%2Fv2%2Fmedia&parent=62498"}],"wp:term":[{"taxonomy":"category","embeddable":true,"href":"https:\/\/radiorevelacionfm.cl\/index.php?rest_route=%2Fwp%2Fv2%2Fcategories&post=62498"},{"taxonomy":"post_tag","embeddable":true,"href":"https:\/\/radiorevelacionfm.cl\/index.php?rest_route=%2Fwp%2Fv2%2Ftags&post=62498"}],"curies":[{"name":"wp","href":"https:\/\/api.w.org\/{rel}","templated":true}]}}