{"id":6249,"date":"2021-07-14T10:35:28","date_gmt":"2021-07-14T13:35:28","guid":{"rendered":"https:\/\/radiorevelacionfm.cl\/?p=6249"},"modified":"2021-07-14T10:35:28","modified_gmt":"2021-07-14T13:35:28","slug":"aysen-fue-la-region-con-mas-clases-presenciales-durante-el-primer-semestre-del-2021","status":"publish","type":"post","link":"https:\/\/radiorevelacionfm.cl\/?p=6249","title":{"rendered":"Ays\u00e9n fue la regi\u00f3n con m\u00e1s clases presenciales durante el primer semestre del 2021"},"content":{"rendered":"<div class=\"flex_column av_one_full  flex_column_div av-zero-column-padding first  avia-builder-el-0  el_before_av_one_full  avia-builder-el-first  \" style='border-radius:0px; '><div  class='avia-image-container  av-styling-    avia-builder-el-1  avia-builder-el-no-sibling  avia-align-center '  itemprop=\"image\" itemscope=\"itemscope\" itemtype=\"https:\/\/schema.org\/ImageObject\"  ><div class='avia-image-container-inner'><div class='avia-image-overlay-wrap'><img decoding=\"async\" class='wp-image-6259 avia-img-lazy-loading-not-6259 avia_image' src=\"https:\/\/radiorevelacionfm.cl\/wp-content\/uploads\/2021\/07\/Escuela-B1-1-1.jpg\" alt='' title='Escuela B1 (1) (1)' height=\"600\" width=\"849\"  itemprop=\"thumbnailUrl\" srcset=\"https:\/\/radiorevelacionfm.cl\/wp-content\/uploads\/2021\/07\/Escuela-B1-1-1.jpg 849w, https:\/\/radiorevelacionfm.cl\/wp-content\/uploads\/2021\/07\/Escuela-B1-1-1-300x212.jpg 300w, https:\/\/radiorevelacionfm.cl\/wp-content\/uploads\/2021\/07\/Escuela-B1-1-1-768x543.jpg 768w, https:\/\/radiorevelacionfm.cl\/wp-content\/uploads\/2021\/07\/Escuela-B1-1-1-260x185.jpg 260w, https:\/\/radiorevelacionfm.cl\/wp-content\/uploads\/2021\/07\/Escuela-B1-1-1-705x498.jpg 705w, https:\/\/radiorevelacionfm.cl\/wp-content\/uploads\/2021\/07\/Escuela-B1-1-1-600x424.jpg 600w\" sizes=\"(max-width: 849px) 100vw, 849px\" \/><\/div><\/div><\/div><\/div><div class=\"flex_column av_one_full  flex_column_div av-zero-column-padding first  avia-builder-el-2  el_after_av_one_full  el_before_av_one_full  column-top-margin\" style='border-radius:0px; '><section class=\"av_textblock_section \"  itemscope=\"itemscope\" itemtype=\"https:\/\/schema.org\/BlogPosting\" itemprop=\"blogPost\" ><div class='avia_textblock  '   itemprop=\"text\" ><p style=\"text-align: center;\"><strong><span style=\"font-size: 18pt;\">Ays\u00e9n fue la regi\u00f3n con m\u00e1s clases presenciales durante el primer semestre del 2021<\/span><\/strong><\/p>\n<div id=\"gtx-trans\" style=\"position: absolute; left: -50px; top: 4.31534px;\">\n<div class=\"gtx-trans-icon\"><\/div>\n<\/div>\n<\/div><\/section><\/div><\/p>\n<div class=\"flex_column av_one_full  flex_column_div av-zero-column-padding first  avia-builder-el-4  el_after_av_one_full  el_before_av_hr  column-top-margin\" style='border-radius:0px; '><section class=\"av_textblock_section \"  itemscope=\"itemscope\" itemtype=\"https:\/\/schema.org\/BlogPosting\" itemprop=\"blogPost\" ><div class='avia_textblock  '   itemprop=\"text\" ><p class=\"v1MsoNormal\" style=\"text-align: justify;\">Un positivo balance del primer semestre del a\u00f1o escolar 2021 realiz\u00f3 el Seremi de Educaci\u00f3n Sergio Becerra Mera, periodo en el que la Regi\u00f3n de Ays\u00e9n registra el mayor porcentaje de clases presenciales en todo el pa\u00eds en pandemia, alcanzando un 99 por ciento. Es decir, casi el cien por ciento de los 133 establecimientos educacionales: escuelas, liceos y jardines infantiles tuvo clases presenciales al menos un d\u00eda.<\/p>\n<p class=\"v1MsoNormal\" style=\"text-align: justify;\">Lo anterior se concret\u00f3 adem\u00e1s con estricto cumplimiento de las medidas sanitarias. Entre ellos, el aforo de las salas de clases y manteniendo un metro de distancia entre los estudiantes, toma de temperatura, lavado frecuente de manos \u00a0y uso de alcohol gel y mascarilla. <b>\u00a0 \u00a0 \u00a0 \u00a0 \u00a0 \u00a0 \u00a0 \u00a0 \u00a0 \u00a0 \u00a0 \u00a0 \u00a0 \u00a0 \u00a0 \u00a0 \u00a0 \u00a0 \u00a0 \u00a0 \u00a0 \u00a0 \u00a0 \u00a0 \u00a0 \u00a0 \u00a0 \u00a0 \u00a0 \u00a0 \u00a0 \u00a0 \u00a0 \u00a0 \u00a0 \u00a0 \u00a0 \u00a0 \u00a0 \u00a0 \u00a0 \u00a0 \u00a0 \u00a0 \u00a0 \u00a0 \u00a0 \u00a0 \u00a0 \u00a0 \u00a0 <\/b><\/p>\n<p class=\"v1MsoNormal\" style=\"text-align: justify;\">El seremi explic\u00f3 que desde el a\u00f1o 2020 todos los establecimientos han recibido asesor\u00edas directas para la implementaci\u00f3n y cumplimiento de los protocolos sanitarios que transformen los establecimientos educacionales en espacios seguros.<\/p>\n<p class=\"v1MsoNormal\" style=\"text-align: justify;\">En materia de participaci\u00f3n y protecci\u00f3n Sergio Becerra detall\u00f3 que se conformaron 15<b>\u00a0<\/b>cuadrillas sanitarias con la participaci\u00f3n de 125 integrantes de la comunidad escolar en la regi\u00f3n. Tambi\u00e9n, m\u00e1s del 90 por ciento de los 3.600\u00a0 trabajadores de educaci\u00f3n de la regi\u00f3n han recibido sus dos dosis de vacunas.<\/p>\n<p class=\"v1MsoNormal\" style=\"text-align: justify;\">En cuanto a los recursos para abordar la prevenci\u00f3n del Covid, en todo el pa\u00eds se invirtieron 60.000 millones<b>\u00a0<\/b>de pesos<b>\u00a0<\/b>en 2020 con la flexibilizaci\u00f3n de la\u00a0 Subvenci\u00f3n Escolar Preferencial SEP.\u00a0Esta flexibilizaci\u00f3n de la SEP se\u00a0 mantiene durante todo este a\u00f1o, lo que implica al menos $140.000 millones<b>\u00a0<\/b>disponibles para gastos asociados a la pandemia. Asimismo, a trav\u00e9s del Plan \u00abYo Conf\u00edo en Mi Escuela\u00bb se adjudicaron en la regi\u00f3n $232.154.344 pesos para mejorar las instalaciones en los colegios para cumplir con los protocolos Covid.<\/p>\n<p class=\"v1MsoNormal\" style=\"text-align: justify;\"><b>Segundo semestre<\/b><\/p>\n<p class=\"v1MsoNormal\" style=\"text-align: justify;\">\u00abDurante el segundo semestre y con la actualizaci\u00f3n del plan Paso a Paso la nueva presencialidad implica que los colegios ser\u00e1n los primeros en abrir y los \u00faltimos en cerrar<b>\u00a0<\/b>en el plan Paso a Paso, pudiendo abrir en\u00a0 cuarentena. En los pr\u00f3ximos meses se fortalecer\u00e1 el monitoreo de los colegios con test de ant\u00edgenos y se fortalecer\u00e1 las asesor\u00edas\u00a0 personalizadas para todos los colegios\u00a0 que la soliciten\u00bb.<\/p>\n<p class=\"v1MsoNormal\" style=\"text-align: justify;\">Sergio Becerra anunci\u00f3 que con miras al segundo semestre, el Ministerio de Educaci\u00f3n pondr\u00e1 a disposici\u00f3n de los establecimientos que reciben aportes del Estado: colegios y\u00a0 jardines infantiles VTF 25 mil\u00a0 millones de pesos para apoyar su retorno a clases. Estos recursos se podr\u00e1n destinar a la compra de elementos para cuidado de alumnos y cuerpo docente y administrativo, tales como: Mascarilla por cada estudiante, docente y asistente, Escudo facial por cada docente y asistente, Term\u00f3metros, Alcohol gel por sala, Set de limpieza para salas (cloro, guantes, esponja, pa\u00f1o, traje), Medidores CO2 y tambi\u00e9n a la implementaci\u00f3n de adecuaciones f\u00edsicas, tales como: Separadores de espacios, Filtros de aire y Letreros y se\u00f1al\u00e9tica. En la Regi\u00f3n de Ays\u00e9n se destinar\u00e1n $178.290.000 pesos para este fin.<\/p>\n<p class=\"v1MsoNormal\" style=\"text-align: justify;\">Podr\u00e1n postular a estos recursos, todos los sostenedores, representantes legales o administradores de establecimientos educacionales con subvenci\u00f3n del Estado. El plazo de postulaci\u00f3n ser\u00e1 desde el 2 al 6 de agosto de 2021 y el pago se realizar\u00e1 20 d\u00edas a contar del t\u00e9rmino de la postulaci\u00f3n.<\/p>\n<p class=\"v1MsoNormal\" style=\"text-align: justify;\">Finalmente, el titular de Educaci\u00f3n en la regi\u00f3n afirm\u00f3 que: \u00abLas altas cifras de clases presenciales que exhibe la regi\u00f3n de Ays\u00e9n \u00a0han sido posibles por el esfuerzo de los sostenedores de colegios, directores, docentes y por supuesto por el compromiso y convicci\u00f3n de las familias. Los estudiantes son los m\u00e1s beneficiados con la continuidad de las clases en aula\u00bb.<\/p>\n<\/div><\/section><\/div>\n<div  style='height:50px' class='hr hr-invisible   avia-builder-el-6  el_after_av_one_full  el_before_av_social_share '><span class='hr-inner ' ><span class='hr-inner-style'><\/span><\/span><\/div>\n<div  class='av-social-sharing-box  avia-builder-el-7  el_after_av_hr  el_before_av_hr  '><div class='av-share-box'><h5 class='av-share-link-description av-no-toc '>Compartir esta noticia<\/h5><ul class='av-share-box-list noLightbox'><li class='av-share-link av-social-link-facebook' ><a target=\"_blank\" aria-label=\"Compartir en Facebook\" href='https:\/\/www.facebook.com\/sharer.php?u=https:\/\/radiorevelacionfm.cl\/?p=6249&#038;t=Ays%C3%A9n%20fue%20la%20regi%C3%B3n%20con%20m%C3%A1s%20clases%20presenciales%20durante%20el%20primer%20semestre%20del%202021' aria-hidden='false' data-av_icon='\ue8f3' data-av_iconfont='entypo-fontello' title='' data-avia-related-tooltip='Compartir en Facebook' rel=\"noopener\"><span class='avia_hidden_link_text'>Compartir en Facebook<\/span><\/a><\/li><li class='av-share-link av-social-link-twitter' ><a target=\"_blank\" aria-label=\"Compartir en Twitter\" href='https:\/\/twitter.com\/share?text=Ays%C3%A9n%20fue%20la%20regi%C3%B3n%20con%20m%C3%A1s%20clases%20presenciales%20durante%20el%20primer%20semestre%20del%202021&#038;url=https:\/\/radiorevelacionfm.cl\/?p=6249' aria-hidden='false' data-av_icon='\ue8f1' data-av_iconfont='entypo-fontello' title='' data-avia-related-tooltip='Compartir en Twitter' rel=\"noopener\"><span class='avia_hidden_link_text'>Compartir en Twitter<\/span><\/a><\/li><li class='av-share-link av-social-link-whatsapp' ><a target=\"_blank\" aria-label=\"Compartir en Whatsapp\" href='https:\/\/api.whatsapp.com\/send?text=https:\/\/radiorevelacionfm.cl\/?p=6249' aria-hidden='false' data-av_icon='\uf232' data-av_iconfont='entypo-fontello' title='' data-avia-related-tooltip='Compartir en Whatsapp' rel=\"noopener\"><span class='avia_hidden_link_text'>Compartir en Whatsapp<\/span><\/a><\/li><li class='av-share-link av-social-link-linkedin' ><a target=\"_blank\" aria-label=\"Compartir en LinkedIn\" href='https:\/\/linkedin.com\/shareArticle?mini=true&#038;title=Ays%C3%A9n%20fue%20la%20regi%C3%B3n%20con%20m%C3%A1s%20clases%20presenciales%20durante%20el%20primer%20semestre%20del%202021&#038;url=https:\/\/radiorevelacionfm.cl\/?p=6249' aria-hidden='false' data-av_icon='\ue8fc' data-av_iconfont='entypo-fontello' title='' data-avia-related-tooltip='Compartir en LinkedIn' rel=\"noopener\"><span class='avia_hidden_link_text'>Compartir en LinkedIn<\/span><\/a><\/li><li class='av-share-link av-social-link-mail' ><a  aria-label=\"Compartir por correo\" href='mailto:?subject=Ays%C3%A9n%20fue%20la%20regi%C3%B3n%20con%20m%C3%A1s%20clases%20presenciales%20durante%20el%20primer%20semestre%20del%202021&#038;body=https:\/\/radiorevelacionfm.cl\/?p=6249' aria-hidden='false' data-av_icon='\ue805' data-av_iconfont='entypo-fontello' title='' data-avia-related-tooltip='Compartir por correo'><span class='avia_hidden_link_text'>Compartir por correo<\/span><\/a><\/li><\/ul><\/div><\/div>\n<div  style='height:50px' class='hr hr-invisible   avia-builder-el-8  el_after_av_social_share  el_before_av_comments_list '><span class='hr-inner ' ><span class='hr-inner-style'><\/span><\/span><\/div>\n<div  class='av-buildercomment  av-blog-meta-html-info-disabled av-blog-meta-tag-disabled  '><\/div>\n","protected":false},"excerpt":{"rendered":"","protected":false},"author":1,"featured_media":6259,"comment_status":"open","ping_status":"open","sticky":false,"template":"","format":"standard","meta":{"footnotes":""},"categories":[49],"tags":[],"class_list":["post-6249","post","type-post","status-publish","format-standard","has-post-thumbnail","hentry","category-educacion"],"jetpack_featured_media_url":"https:\/\/radiorevelacionfm.cl\/wp-content\/uploads\/2021\/07\/Escuela-B1-1-1.jpg","_links":{"self":[{"href":"https:\/\/radiorevelacionfm.cl\/index.php?rest_route=\/wp\/v2\/posts\/6249","targetHints":{"allow":["GET"]}}],"collection":[{"href":"https:\/\/radiorevelacionfm.cl\/index.php?rest_route=\/wp\/v2\/posts"}],"about":[{"href":"https:\/\/radiorevelacionfm.cl\/index.php?rest_route=\/wp\/v2\/types\/post"}],"author":[{"embeddable":true,"href":"https:\/\/radiorevelacionfm.cl\/index.php?rest_route=\/wp\/v2\/users\/1"}],"replies":[{"embeddable":true,"href":"https:\/\/radiorevelacionfm.cl\/index.php?rest_route=%2Fwp%2Fv2%2Fcomments&post=6249"}],"version-history":[{"count":2,"href":"https:\/\/radiorevelacionfm.cl\/index.php?rest_route=\/wp\/v2\/posts\/6249\/revisions"}],"predecessor-version":[{"id":6260,"href":"https:\/\/radiorevelacionfm.cl\/index.php?rest_route=\/wp\/v2\/posts\/6249\/revisions\/6260"}],"wp:featuredmedia":[{"embeddable":true,"href":"https:\/\/radiorevelacionfm.cl\/index.php?rest_route=\/wp\/v2\/media\/6259"}],"wp:attachment":[{"href":"https:\/\/radiorevelacionfm.cl\/index.php?rest_route=%2Fwp%2Fv2%2Fmedia&parent=6249"}],"wp:term":[{"taxonomy":"category","embeddable":true,"href":"https:\/\/radiorevelacionfm.cl\/index.php?rest_route=%2Fwp%2Fv2%2Fcategories&post=6249"},{"taxonomy":"post_tag","embeddable":true,"href":"https:\/\/radiorevelacionfm.cl\/index.php?rest_route=%2Fwp%2Fv2%2Ftags&post=6249"}],"curies":[{"name":"wp","href":"https:\/\/api.w.org\/{rel}","templated":true}]}}