{"id":62489,"date":"2025-12-15T14:56:43","date_gmt":"2025-12-15T17:56:43","guid":{"rendered":"https:\/\/radiorevelacionfm.cl\/?p=62489"},"modified":"2025-12-15T14:56:43","modified_gmt":"2025-12-15T17:56:43","slug":"artistas-coyhaiquinos-obtienen-el-sello-de-artesania-indigena","status":"publish","type":"post","link":"https:\/\/radiorevelacionfm.cl\/?p=62489","title":{"rendered":"Artistas coyhaiquinos obtienen el Sello de Artesan\u00eda Ind\u00edgena"},"content":{"rendered":"<div class=\"flex_column av_one_full  flex_column_div av-zero-column-padding first  avia-builder-el-0  el_before_av_one_full  avia-builder-el-first  \" style='border-radius:0px; '><div  class='avia-image-container  av-styling-    avia-builder-el-1  avia-builder-el-no-sibling  avia-align-center '  itemprop=\"image\" itemscope=\"itemscope\" itemtype=\"https:\/\/schema.org\/ImageObject\"  ><div class='avia-image-container-inner'><div class='avia-image-overlay-wrap'><img decoding=\"async\" class='wp-image-62490 avia-img-lazy-loading-not-62490 avia_image' src=\"https:\/\/radiorevelacionfm.cl\/wp-content\/uploads\/2025\/12\/foto-1-2025-12-15T145513.550-1-1.jpg\" alt='' title='foto 1 - 2025-12-15T145513.550 (1) (1)' height=\"600\" width=\"900\"  itemprop=\"thumbnailUrl\" srcset=\"https:\/\/radiorevelacionfm.cl\/wp-content\/uploads\/2025\/12\/foto-1-2025-12-15T145513.550-1-1.jpg 900w, https:\/\/radiorevelacionfm.cl\/wp-content\/uploads\/2025\/12\/foto-1-2025-12-15T145513.550-1-1-300x200.jpg 300w, https:\/\/radiorevelacionfm.cl\/wp-content\/uploads\/2025\/12\/foto-1-2025-12-15T145513.550-1-1-768x512.jpg 768w, https:\/\/radiorevelacionfm.cl\/wp-content\/uploads\/2025\/12\/foto-1-2025-12-15T145513.550-1-1-705x470.jpg 705w, https:\/\/radiorevelacionfm.cl\/wp-content\/uploads\/2025\/12\/foto-1-2025-12-15T145513.550-1-1-450x300.jpg 450w, https:\/\/radiorevelacionfm.cl\/wp-content\/uploads\/2025\/12\/foto-1-2025-12-15T145513.550-1-1-600x400.jpg 600w\" sizes=\"(max-width: 900px) 100vw, 900px\" \/><\/div><\/div><\/div><\/div><div class=\"flex_column av_one_full  flex_column_div av-zero-column-padding first  avia-builder-el-2  el_after_av_one_full  el_before_av_one_full  column-top-margin\" style='border-radius:0px; '><section class=\"av_textblock_section \"  itemscope=\"itemscope\" itemtype=\"https:\/\/schema.org\/BlogPosting\" itemprop=\"blogPost\" ><div class='avia_textblock  '   itemprop=\"text\" ><p style=\"text-align: center;\"><strong><span style=\"font-size: 18pt;\">Artistas coyhaiquinos obtienen el Sello de Artesan\u00eda Ind\u00edgena<\/span><\/strong><\/p>\n<div id=\"gtx-trans\" style=\"position: absolute; left: -50px; top: 4.31534px;\">\n<div class=\"gtx-trans-icon\"><\/div>\n<\/div>\n<\/div><\/section><\/div><div class=\"flex_column av_one_full  flex_column_div av-zero-column-padding first  avia-builder-el-4  el_after_av_one_full  el_before_av_hr  column-top-margin\" style='border-radius:0px; '><section class=\"av_textblock_section \"  itemscope=\"itemscope\" itemtype=\"https:\/\/schema.org\/BlogPosting\" itemprop=\"blogPost\" ><div class='avia_textblock  '   itemprop=\"text\" ><p style=\"text-align: justify;\"><em>Este reconocimiento enaltece el conocimiento tradicional de nuestros pueblos originarios, como fuente de patrimonio en la regi\u00f3n y el pa\u00eds<\/em><\/p>\n<p style=\"text-align: justify;\">La obra Quillango de los artesanos coyhaiquinos, Alicia Hern\u00e1ndez y Sebasti\u00e1n Rivas Hern\u00e1ndez, result\u00f3 premiada con el Sello de Artesan\u00eda Ind\u00edgena 2025. Este galard\u00f3n, que se entrega desde 2015, reconoce piezas artesanales consideradas expresiones propias de los pueblos originarios.<\/p>\n<p style=\"text-align: justify;\">Sus autores son una dupla de madre e hijo, quienes trabajan continuando la herencia cultural mapuche, traspasada por sus ancestros; as\u00ed su obra es el resultado de este saber tradicional, en el que conjugan valores simb\u00f3licos, materiales y artesanales.<\/p>\n<p style=\"text-align: justify;\">\u201cEn s\u00ed, el Quillango es una pieza elaborada en cuero de cordero cosido con lonjas de animal. Se utiliza como abrigo para la cama o para cubrirse del fr\u00edo, y antiguamente lo usaban tambi\u00e9n los troperos en sus recorridos. Esta creaci\u00f3n artesanal ha sido transmitida de generaci\u00f3n en generaci\u00f3n en mi familia; fue mi abuela quien ense\u00f1\u00f3 la t\u00e9cnica a mi padre, \u00e9l a m\u00ed y yo se lo traspas\u00e9 a mi hijo, con qui\u00e9n creamos esta pieza\u201d asegura Alicia Hern\u00e1ndez, autora de la obra.<\/p>\n<p style=\"text-align: justify;\">El proceso de elaboraci\u00f3n tiene varios pasos que deben seguirse con cuidado. Cada Quillango de una plaza requiere de seis cueros de animal. Primero se deben estirar los cueros, remojar, descarnar y lavar; antes de volver a secar y comenzar el sobado. Tras ello, se cosen con una lerna. Todo este trabajo es absolutamente artesanal, lo que otorga a\u00fan m\u00e1s valor al producto final, convirtiendo sus t\u00e9cnicas en patrimonio.<\/p>\n<p style=\"text-align: justify;\">\u201cPara nosotros, al comienzo fue una sorpresa, porque los artesanos no estamos acostumbrados a que las cosas se den de esta manera. Cuando envi\u00e9 el Quillango, despu\u00e9s me olvid\u00e9; nunca pens\u00e9 que pudiera ganar un premio. Me dio mucha alegr\u00eda, mi hijo saltaba de felicidad. A\u00fan no s\u00e9 bien todo lo que significa este reconocimiento, pero para una campesina como yo es muy importante. Con ese dinero, mi hijo pudo comprarse un computador para estudiar. Para nosotros, como pueblo mapuche y como personas, este reconocimiento significa representar a la gente de nuestra regi\u00f3n y que se valore nuestro trabajo\u201d cierra Hern\u00e1ndez.<\/p>\n<p style=\"text-align: justify;\">A juicio de Claudia Cantero, directora regional del Servicio Nacional del Patrimonio Cultural, este galard\u00f3n refleja la riqueza del patrimonio cultural de Ays\u00e9n, territorio donde sus cultores contin\u00faan confeccionando sus piezas seg\u00fan la tradici\u00f3n, lo que permite mantener vivo el saber.<\/p>\n<p style=\"text-align: justify;\">\u201cComo Servicio Nacional del Patrimonio Cultural, estamos felices y orgullosos por este reconocimiento a la se\u00f1ora Alicia y Sebasti\u00e1n. Este galard\u00f3n es una afirmaci\u00f3n de que un saber tradicional, heredado de padres y antepasados; permite la permanencia del oficio, t\u00e9cnica y el conocimiento del medio para mantener nuestra historia y tradiciones vivas. Sin duda, el Quillango es patrimonio en la regi\u00f3n de Ays\u00e9n, ya que lo encontramos en las casas cumpliendo funciones de abrigo o sobre un sill\u00f3n. Espero que este reconocimiento nos permita reflexionar y celebrar nuestro patrimonio y el trabajo que realizan los artesanos regionales, mucho del cual responde a esta herencia cultural compartida y que merece ser mantenida a futuro\u201d sentencia Cantero.<\/p>\n<p style=\"text-align: justify;\">El pr\u00f3ximo 17 de diciembre se realizar\u00e1 la entrega del premio a los dos cultores, cuya premiaci\u00f3n se realizar\u00e1 en Santiago, lugar hasta donde viajar\u00e1n representando el patrimonio de Ays\u00e9n.<\/p>\n<\/div><\/section><\/div><div  style='height:50px' class='hr hr-invisible   avia-builder-el-6  el_after_av_one_full  el_before_av_social_share '><span class='hr-inner ' ><span class='hr-inner-style'><\/span><\/span><\/div><\/p>\n<div  class='av-social-sharing-box  avia-builder-el-7  el_after_av_hr  el_before_av_hr  '><div class='av-share-box'><h5 class='av-share-link-description av-no-toc '>Compartir esta noticia<\/h5><ul class='av-share-box-list noLightbox'><li class='av-share-link av-social-link-facebook' ><a target=\"_blank\" aria-label=\"Compartir en Facebook\" href='https:\/\/www.facebook.com\/sharer.php?u=https:\/\/radiorevelacionfm.cl\/?p=62489&#038;t=Artistas%20coyhaiquinos%20obtienen%20el%20Sello%20de%20Artesan%C3%ADa%20Ind%C3%ADgena' aria-hidden='false' data-av_icon='\ue8f3' data-av_iconfont='entypo-fontello' title='' data-avia-related-tooltip='Compartir en Facebook' rel=\"noopener\"><span class='avia_hidden_link_text'>Compartir en Facebook<\/span><\/a><\/li><li class='av-share-link av-social-link-twitter' ><a target=\"_blank\" aria-label=\"Compartir en Twitter\" href='https:\/\/twitter.com\/share?text=Artistas%20coyhaiquinos%20obtienen%20el%20Sello%20de%20Artesan%C3%ADa%20Ind%C3%ADgena&#038;url=https:\/\/radiorevelacionfm.cl\/?p=62489' aria-hidden='false' data-av_icon='\ue8f1' data-av_iconfont='entypo-fontello' title='' data-avia-related-tooltip='Compartir en Twitter' rel=\"noopener\"><span class='avia_hidden_link_text'>Compartir en Twitter<\/span><\/a><\/li><li class='av-share-link av-social-link-whatsapp' ><a target=\"_blank\" aria-label=\"Compartir en Whatsapp\" href='https:\/\/api.whatsapp.com\/send?text=https:\/\/radiorevelacionfm.cl\/?p=62489' aria-hidden='false' data-av_icon='\uf232' data-av_iconfont='entypo-fontello' title='' data-avia-related-tooltip='Compartir en Whatsapp' rel=\"noopener\"><span class='avia_hidden_link_text'>Compartir en Whatsapp<\/span><\/a><\/li><li class='av-share-link av-social-link-linkedin' ><a target=\"_blank\" aria-label=\"Compartir en LinkedIn\" href='https:\/\/linkedin.com\/shareArticle?mini=true&#038;title=Artistas%20coyhaiquinos%20obtienen%20el%20Sello%20de%20Artesan%C3%ADa%20Ind%C3%ADgena&#038;url=https:\/\/radiorevelacionfm.cl\/?p=62489' aria-hidden='false' data-av_icon='\ue8fc' data-av_iconfont='entypo-fontello' title='' data-avia-related-tooltip='Compartir en LinkedIn' rel=\"noopener\"><span class='avia_hidden_link_text'>Compartir en LinkedIn<\/span><\/a><\/li><li class='av-share-link av-social-link-mail' ><a  aria-label=\"Compartir por correo\" href='mailto:?subject=Artistas%20coyhaiquinos%20obtienen%20el%20Sello%20de%20Artesan%C3%ADa%20Ind%C3%ADgena&#038;body=https:\/\/radiorevelacionfm.cl\/?p=62489' aria-hidden='false' data-av_icon='\ue805' data-av_iconfont='entypo-fontello' title='' data-avia-related-tooltip='Compartir por correo'><span class='avia_hidden_link_text'>Compartir por correo<\/span><\/a><\/li><\/ul><\/div><\/div>\n<div  style='height:50px' class='hr hr-invisible   avia-builder-el-8  el_after_av_social_share  el_before_av_comments_list '><span class='hr-inner ' ><span class='hr-inner-style'><\/span><\/span><\/div>\n<div  class='av-buildercomment  av-blog-meta-html-info-disabled av-blog-meta-tag-disabled  '><\/div>\n","protected":false},"excerpt":{"rendered":"","protected":false},"author":1,"featured_media":62490,"comment_status":"closed","ping_status":"closed","sticky":false,"template":"","format":"standard","meta":{"footnotes":""},"categories":[38],"tags":[],"class_list":["post-62489","post","type-post","status-publish","format-standard","has-post-thumbnail","hentry","category-regional"],"jetpack_featured_media_url":"https:\/\/radiorevelacionfm.cl\/wp-content\/uploads\/2025\/12\/foto-1-2025-12-15T145513.550-1-1.jpg","_links":{"self":[{"href":"https:\/\/radiorevelacionfm.cl\/index.php?rest_route=\/wp\/v2\/posts\/62489","targetHints":{"allow":["GET"]}}],"collection":[{"href":"https:\/\/radiorevelacionfm.cl\/index.php?rest_route=\/wp\/v2\/posts"}],"about":[{"href":"https:\/\/radiorevelacionfm.cl\/index.php?rest_route=\/wp\/v2\/types\/post"}],"author":[{"embeddable":true,"href":"https:\/\/radiorevelacionfm.cl\/index.php?rest_route=\/wp\/v2\/users\/1"}],"replies":[{"embeddable":true,"href":"https:\/\/radiorevelacionfm.cl\/index.php?rest_route=%2Fwp%2Fv2%2Fcomments&post=62489"}],"version-history":[{"count":2,"href":"https:\/\/radiorevelacionfm.cl\/index.php?rest_route=\/wp\/v2\/posts\/62489\/revisions"}],"predecessor-version":[{"id":62493,"href":"https:\/\/radiorevelacionfm.cl\/index.php?rest_route=\/wp\/v2\/posts\/62489\/revisions\/62493"}],"wp:featuredmedia":[{"embeddable":true,"href":"https:\/\/radiorevelacionfm.cl\/index.php?rest_route=\/wp\/v2\/media\/62490"}],"wp:attachment":[{"href":"https:\/\/radiorevelacionfm.cl\/index.php?rest_route=%2Fwp%2Fv2%2Fmedia&parent=62489"}],"wp:term":[{"taxonomy":"category","embeddable":true,"href":"https:\/\/radiorevelacionfm.cl\/index.php?rest_route=%2Fwp%2Fv2%2Fcategories&post=62489"},{"taxonomy":"post_tag","embeddable":true,"href":"https:\/\/radiorevelacionfm.cl\/index.php?rest_route=%2Fwp%2Fv2%2Ftags&post=62489"}],"curies":[{"name":"wp","href":"https:\/\/api.w.org\/{rel}","templated":true}]}}