{"id":62485,"date":"2025-12-15T11:01:59","date_gmt":"2025-12-15T14:01:59","guid":{"rendered":"https:\/\/radiorevelacionfm.cl\/?p=62485"},"modified":"2025-12-15T11:01:59","modified_gmt":"2025-12-15T14:01:59","slug":"en-el-marco-del-dia-internacional-de-los-ddhh-gendarmeria-relevo-la-importancia-y-el-respeto-a-los-derechos-humanos-en-el-trabajo-diario-que-realizan-en-los-distintos-establecimientos-penitenciarios","status":"publish","type":"post","link":"https:\/\/radiorevelacionfm.cl\/?p=62485","title":{"rendered":"En el marco del D\u00eda Internacional de los DDHH: Gendarmer\u00eda relev\u00f3 la importancia y el respeto a los derechos Humanos en el trabajo diario que realizan en los distintos establecimientos penitenciarios de la regi\u00f3n"},"content":{"rendered":"<div class=\"flex_column av_one_full  flex_column_div av-zero-column-padding first  avia-builder-el-0  el_before_av_one_full  avia-builder-el-first  \" style='border-radius:0px; '><div  class='avia-image-container  av-styling-    avia-builder-el-1  avia-builder-el-no-sibling  avia-align-center '  itemprop=\"image\" itemscope=\"itemscope\" itemtype=\"https:\/\/schema.org\/ImageObject\"  ><div class='avia-image-container-inner'><div class='avia-image-overlay-wrap'><img decoding=\"async\" class='wp-image-62486 avia-img-lazy-loading-not-62486 avia_image' src=\"https:\/\/radiorevelacionfm.cl\/wp-content\/uploads\/2025\/12\/IMG_3298-1-1.jpg\" alt='' title='IMG_3298 (1) (1)' height=\"600\" width=\"900\"  itemprop=\"thumbnailUrl\" srcset=\"https:\/\/radiorevelacionfm.cl\/wp-content\/uploads\/2025\/12\/IMG_3298-1-1.jpg 900w, https:\/\/radiorevelacionfm.cl\/wp-content\/uploads\/2025\/12\/IMG_3298-1-1-300x200.jpg 300w, https:\/\/radiorevelacionfm.cl\/wp-content\/uploads\/2025\/12\/IMG_3298-1-1-768x512.jpg 768w, https:\/\/radiorevelacionfm.cl\/wp-content\/uploads\/2025\/12\/IMG_3298-1-1-705x470.jpg 705w, https:\/\/radiorevelacionfm.cl\/wp-content\/uploads\/2025\/12\/IMG_3298-1-1-450x300.jpg 450w, https:\/\/radiorevelacionfm.cl\/wp-content\/uploads\/2025\/12\/IMG_3298-1-1-600x400.jpg 600w\" sizes=\"(max-width: 900px) 100vw, 900px\" \/><\/div><\/div><\/div><\/div><div class=\"flex_column av_one_full  flex_column_div av-zero-column-padding first  avia-builder-el-2  el_after_av_one_full  el_before_av_one_full  column-top-margin\" style='border-radius:0px; '><section class=\"av_textblock_section \"  itemscope=\"itemscope\" itemtype=\"https:\/\/schema.org\/BlogPosting\" itemprop=\"blogPost\" ><div class='avia_textblock  '   itemprop=\"text\" ><p style=\"text-align: center;\"><strong><span style=\"font-size: 18pt;\">En el marco del D\u00eda Internacional de los DDHH: Gendarmer\u00eda relev\u00f3 la importancia y el respeto a los derechos Humanos en el trabajo diario que realizan en los distintos establecimientos penitenciarios de la regi\u00f3n<\/span><\/strong><\/p>\n<div id=\"gtx-trans\" style=\"position: absolute; left: -50px; top: 4.31534px;\">\n<div class=\"gtx-trans-icon\"><\/div>\n<\/div>\n<\/div><\/section><\/div><div class=\"flex_column av_one_full  flex_column_div av-zero-column-padding first  avia-builder-el-4  el_after_av_one_full  el_before_av_hr  column-top-margin\" style='border-radius:0px; '><section class=\"av_textblock_section \"  itemscope=\"itemscope\" itemtype=\"https:\/\/schema.org\/BlogPosting\" itemprop=\"blogPost\" ><div class='avia_textblock  '   itemprop=\"text\" ><p style=\"text-align: justify;\">Con el objetivo de reforzar y relevar la importancia de los Derechos Humanos al interior de los recintos penitenciarios, el mi\u00e9rcoles pasado llev\u00f3 a cabo una ceremonia en conmemoraci\u00f3n de los 77 a\u00f1os de la declaraci\u00f3n universal de los Derechos Humanos, actividad que cont\u00f3 con la presencia de autoridades regionales encabezadas por el seremi de Justicia y Derechos Humanos Samuel Navarro Castro.<\/p>\n<p style=\"text-align: justify;\">En la instancia, junto con destacar los 77 a\u00f1os de la Declaraci\u00f3n Universal de los DDHH, adoptada por la Asamblea General de Naciones Unidas en Par\u00eds el a\u00f1o 1948, hito de gran\u00a0 trascendencia para el mundo moderno, en la historia de la protecci\u00f3n y defensa de los derechos humanos, y donde el principal prop\u00f3sito de la comunidad internacional fue iniciar un proceso de consolidaci\u00f3n de los Derechos Humanos, a trav\u00e9s de mecanismos de protecci\u00f3n de todos y de cada uno de los seres humanos, siendo su principal raz\u00f3n la limitaci\u00f3n del ejercicio del poder p\u00fablico y el compromiso de los Estados a realizar determinadas acciones para garantizar el goce de una existencia m\u00e1s digna.<\/p>\n<p style=\"text-align: justify;\">Ahora, uno de los grupos de especial protecci\u00f3n para Naciones Unidades son las personas privadas de libertad. De all\u00ed que se imponga a los Estados la obligaci\u00f3n de tratarlas humanamente y con el respeto debido a la dignidad inherente al ser humano.<\/p>\n<p style=\"text-align: justify;\">Respecto al trabajo que se ha realizado en esta materia durante el presente a\u00f1o, el director regional (s) de Gendarmer\u00eda de Chile, Coronel Alvaro L\u00f3pez explic\u00f3 que \u201clo importante de todo esto mas all\u00e1 de la conmemoraci\u00f3n del D\u00eda Internacional de los Derechos Humanos, es que el personal, quienes trabajan de trato directo entiendan y pongan en pr\u00e1ctica cada una de las instrucciones que se han llevado a cabo y que nuestro alto mando nos da a conocer, todo con la finalidad de respetar los derechos humanos, ver a las personas privadas de libertad como nosotros vemos a un ciudadano com\u00fan y corriente, sin perjuicio de la condici\u00f3n o el motivo por el cual est\u00e1n bajo nuestro resguardo, hoy d\u00eda el respeto es fundamental y poco a poco yo creo que hemos ido avanzando a grandes pasos de como era gendarmer\u00eda un tiempo atr\u00e1s de lo que es la actualidad, y eso habla muy bien de nosotros\u00a0 en ese sentido\u201d.<\/p>\n<p style=\"text-align: justify;\">Mientras que el seremi de Justicia y Derechos Humanos Samuel Navarro se\u00f1al\u00f3 que \u201ccada a\u00f1o Gendarmer\u00eda de Chile realiza una actividad donde se reflexiona respecto a los valores, la vigencia, la promoci\u00f3n y el respeto de los derechos humanos, en este sentido junto a gran parte de los funcionarios que estaban de turno el d\u00eda de la conmemoraci\u00f3n se llev\u00f3 a efecto esta actividad al interior del Centro de Cumplimiento Penitenciario de Coyhaique, lo que devela el compromiso que tiene Gendarmer\u00eda de Chile, no obstante adecuado al contexto de su labor institucional en un grupo de riesgo como son las personas privadas de libertad observan, desarrollan y mantienen su respeto irrestricto a los derechos humanos en contexto de encierro conforme a su valor y doctrina institucional y es muy adecuado que reafirmen estos valores cada aniversario de la conmemoraci\u00f3n de los derechos humanos parte de una labor que desarrollan habitualmente y que deben estarse reforzando con todos los funcionarios particularmente en contextos donde se cuestiona la vigencia de los derechos humanos o el respeto de la dignidad humana\u201d.<\/p>\n<p style=\"text-align: justify;\">Finalmente, el defensor regional de Ays\u00e9n, Jorge Moraga se refiri\u00f3 a la importancia de tener presente siempre los derechos humanos en cada \u00e1mbito de acci\u00f3n que tenemos \u201chay que tener mucha conciencia de la relevancia, de la actualidad y de la siempre vigencia de los derechos humanos, estamos en tiempos electorales y debemos tener claro que los derechos humanos no est\u00e1n sujetos a los vientos pol\u00edticos, o no deben estar sujetos a los vientos pol\u00edticos que puedan correr, los derechos humanos son permanente, son inalienables, son progresivos, esto es que no pueden tener retrocesos, solo se quedan como est\u00e1n o avanzan, nosotros esperamos que en nuestro pa\u00eds cada d\u00eda avancen m\u00e1s las pol\u00edticas de protecci\u00f3n, de reconocimiento y respeto a los derechos humanos, pero al menos tenemos la tranquilidad que por normativa internacional y en eso todo el mundo est\u00e1 conteste, no es admisible retroceder en materias de derechos humanos, en una sociedad civilizada, esperamos al contrario, seguir avanzando y claro Gendarmer\u00eda tiene un rol fundamental en esto, un trabajo cotidiano con los presos, y confiamos que seguir\u00e1n siendo para ellos prioritarios el respeto a los derechos fundamentales de los seres humanos\u201d.<\/p>\n<\/div><\/section><\/div><div  style='height:50px' class='hr hr-invisible   avia-builder-el-6  el_after_av_one_full  el_before_av_social_share '><span class='hr-inner ' ><span class='hr-inner-style'><\/span><\/span><\/div><\/p>\n<div  class='av-social-sharing-box  avia-builder-el-7  el_after_av_hr  el_before_av_hr  '><div class='av-share-box'><h5 class='av-share-link-description av-no-toc '>Compartir esta noticia<\/h5><ul class='av-share-box-list noLightbox'><li class='av-share-link av-social-link-facebook' ><a target=\"_blank\" aria-label=\"Compartir en Facebook\" href='https:\/\/www.facebook.com\/sharer.php?u=https:\/\/radiorevelacionfm.cl\/?p=62485&#038;t=En%20el%20marco%20del%20D%C3%ADa%20Internacional%20de%20los%20DDHH%3A%20Gendarmer%C3%ADa%20relev%C3%B3%20la%20importancia%20y%20el%20respeto%20a%20los%20derechos%20Humanos%20en%20el%20trabajo%20diario%20que%20realizan%20en%20los%20distintos%20establecimientos%20penitenciarios%20de%20la%20regi%C3%B3n' aria-hidden='false' data-av_icon='\ue8f3' data-av_iconfont='entypo-fontello' title='' data-avia-related-tooltip='Compartir en Facebook' rel=\"noopener\"><span class='avia_hidden_link_text'>Compartir en Facebook<\/span><\/a><\/li><li class='av-share-link av-social-link-twitter' ><a target=\"_blank\" aria-label=\"Compartir en Twitter\" href='https:\/\/twitter.com\/share?text=En%20el%20marco%20del%20D%C3%ADa%20Internacional%20de%20los%20DDHH%3A%20Gendarmer%C3%ADa%20relev%C3%B3%20la%20importancia%20y%20el%20respeto%20a%20los%20derechos%20Humanos%20en%20el%20trabajo%20diario%20que%20realizan%20en%20los%20distintos%20establecimientos%20penitenciarios%20de%20la%20regi%C3%B3n&#038;url=https:\/\/radiorevelacionfm.cl\/?p=62485' aria-hidden='false' data-av_icon='\ue8f1' data-av_iconfont='entypo-fontello' title='' data-avia-related-tooltip='Compartir en Twitter' rel=\"noopener\"><span class='avia_hidden_link_text'>Compartir en Twitter<\/span><\/a><\/li><li class='av-share-link av-social-link-whatsapp' ><a target=\"_blank\" aria-label=\"Compartir en Whatsapp\" href='https:\/\/api.whatsapp.com\/send?text=https:\/\/radiorevelacionfm.cl\/?p=62485' aria-hidden='false' data-av_icon='\uf232' data-av_iconfont='entypo-fontello' title='' data-avia-related-tooltip='Compartir en Whatsapp' rel=\"noopener\"><span class='avia_hidden_link_text'>Compartir en Whatsapp<\/span><\/a><\/li><li class='av-share-link av-social-link-linkedin' ><a target=\"_blank\" aria-label=\"Compartir en LinkedIn\" href='https:\/\/linkedin.com\/shareArticle?mini=true&#038;title=En%20el%20marco%20del%20D%C3%ADa%20Internacional%20de%20los%20DDHH%3A%20Gendarmer%C3%ADa%20relev%C3%B3%20la%20importancia%20y%20el%20respeto%20a%20los%20derechos%20Humanos%20en%20el%20trabajo%20diario%20que%20realizan%20en%20los%20distintos%20establecimientos%20penitenciarios%20de%20la%20regi%C3%B3n&#038;url=https:\/\/radiorevelacionfm.cl\/?p=62485' aria-hidden='false' data-av_icon='\ue8fc' data-av_iconfont='entypo-fontello' title='' data-avia-related-tooltip='Compartir en LinkedIn' rel=\"noopener\"><span class='avia_hidden_link_text'>Compartir en LinkedIn<\/span><\/a><\/li><li class='av-share-link av-social-link-mail' ><a  aria-label=\"Compartir por correo\" href='mailto:?subject=En%20el%20marco%20del%20D%C3%ADa%20Internacional%20de%20los%20DDHH%3A%20Gendarmer%C3%ADa%20relev%C3%B3%20la%20importancia%20y%20el%20respeto%20a%20los%20derechos%20Humanos%20en%20el%20trabajo%20diario%20que%20realizan%20en%20los%20distintos%20establecimientos%20penitenciarios%20de%20la%20regi%C3%B3n&#038;body=https:\/\/radiorevelacionfm.cl\/?p=62485' aria-hidden='false' data-av_icon='\ue805' data-av_iconfont='entypo-fontello' title='' data-avia-related-tooltip='Compartir por correo'><span class='avia_hidden_link_text'>Compartir por correo<\/span><\/a><\/li><\/ul><\/div><\/div>\n<div  style='height:50px' class='hr hr-invisible   avia-builder-el-8  el_after_av_social_share  el_before_av_comments_list '><span class='hr-inner ' ><span class='hr-inner-style'><\/span><\/span><\/div>\n<div  class='av-buildercomment  av-blog-meta-html-info-disabled av-blog-meta-tag-disabled  '><\/div>\n","protected":false},"excerpt":{"rendered":"","protected":false},"author":1,"featured_media":62486,"comment_status":"closed","ping_status":"closed","sticky":false,"template":"","format":"standard","meta":{"footnotes":""},"categories":[55],"tags":[],"class_list":["post-62485","post","type-post","status-publish","format-standard","has-post-thumbnail","hentry","category-justicia"],"jetpack_featured_media_url":"https:\/\/radiorevelacionfm.cl\/wp-content\/uploads\/2025\/12\/IMG_3298-1-1.jpg","_links":{"self":[{"href":"https:\/\/radiorevelacionfm.cl\/index.php?rest_route=\/wp\/v2\/posts\/62485","targetHints":{"allow":["GET"]}}],"collection":[{"href":"https:\/\/radiorevelacionfm.cl\/index.php?rest_route=\/wp\/v2\/posts"}],"about":[{"href":"https:\/\/radiorevelacionfm.cl\/index.php?rest_route=\/wp\/v2\/types\/post"}],"author":[{"embeddable":true,"href":"https:\/\/radiorevelacionfm.cl\/index.php?rest_route=\/wp\/v2\/users\/1"}],"replies":[{"embeddable":true,"href":"https:\/\/radiorevelacionfm.cl\/index.php?rest_route=%2Fwp%2Fv2%2Fcomments&post=62485"}],"version-history":[{"count":2,"href":"https:\/\/radiorevelacionfm.cl\/index.php?rest_route=\/wp\/v2\/posts\/62485\/revisions"}],"predecessor-version":[{"id":62488,"href":"https:\/\/radiorevelacionfm.cl\/index.php?rest_route=\/wp\/v2\/posts\/62485\/revisions\/62488"}],"wp:featuredmedia":[{"embeddable":true,"href":"https:\/\/radiorevelacionfm.cl\/index.php?rest_route=\/wp\/v2\/media\/62486"}],"wp:attachment":[{"href":"https:\/\/radiorevelacionfm.cl\/index.php?rest_route=%2Fwp%2Fv2%2Fmedia&parent=62485"}],"wp:term":[{"taxonomy":"category","embeddable":true,"href":"https:\/\/radiorevelacionfm.cl\/index.php?rest_route=%2Fwp%2Fv2%2Fcategories&post=62485"},{"taxonomy":"post_tag","embeddable":true,"href":"https:\/\/radiorevelacionfm.cl\/index.php?rest_route=%2Fwp%2Fv2%2Ftags&post=62485"}],"curies":[{"name":"wp","href":"https:\/\/api.w.org\/{rel}","templated":true}]}}