{"id":62477,"date":"2025-12-14T18:31:40","date_gmt":"2025-12-14T21:31:40","guid":{"rendered":"https:\/\/radiorevelacionfm.cl\/?p=62477"},"modified":"2025-12-14T18:31:40","modified_gmt":"2025-12-14T21:31:40","slug":"juegos-araucania-2025-aysen-sumo-medallas-en-judo-femenino-y-natacion-varones","status":"publish","type":"post","link":"https:\/\/radiorevelacionfm.cl\/?p=62477","title":{"rendered":"Juegos Araucan\u00eda 2025: Ays\u00e9n sum\u00f3 medallas en Judo femenino y nataci\u00f3n varones"},"content":{"rendered":"<div class=\"flex_column av_one_full  flex_column_div av-zero-column-padding first  avia-builder-el-0  el_before_av_one_full  avia-builder-el-first  \" style='border-radius:0px; '><div  class='avia-image-container  av-styling-    avia-builder-el-1  avia-builder-el-no-sibling  avia-align-center '  itemprop=\"image\" itemscope=\"itemscope\" itemtype=\"https:\/\/schema.org\/ImageObject\"  ><div class='avia-image-container-inner'><div class='avia-image-overlay-wrap'><img decoding=\"async\" class='wp-image-62478 avia-img-lazy-loading-not-62478 avia_image' src=\"https:\/\/radiorevelacionfm.cl\/wp-content\/uploads\/2025\/12\/WhatsApp-Image-2025-12-08-at-15.42.46-1-1.jpeg\" alt='' title='WhatsApp Image 2025-12-08 at 15.42.46 (1) (1)' height=\"600\" width=\"822\"  itemprop=\"thumbnailUrl\" srcset=\"https:\/\/radiorevelacionfm.cl\/wp-content\/uploads\/2025\/12\/WhatsApp-Image-2025-12-08-at-15.42.46-1-1.jpeg 822w, https:\/\/radiorevelacionfm.cl\/wp-content\/uploads\/2025\/12\/WhatsApp-Image-2025-12-08-at-15.42.46-1-1-300x219.jpeg 300w, https:\/\/radiorevelacionfm.cl\/wp-content\/uploads\/2025\/12\/WhatsApp-Image-2025-12-08-at-15.42.46-1-1-768x561.jpeg 768w, https:\/\/radiorevelacionfm.cl\/wp-content\/uploads\/2025\/12\/WhatsApp-Image-2025-12-08-at-15.42.46-1-1-705x515.jpeg 705w, https:\/\/radiorevelacionfm.cl\/wp-content\/uploads\/2025\/12\/WhatsApp-Image-2025-12-08-at-15.42.46-1-1-450x328.jpeg 450w, https:\/\/radiorevelacionfm.cl\/wp-content\/uploads\/2025\/12\/WhatsApp-Image-2025-12-08-at-15.42.46-1-1-600x438.jpeg 600w\" sizes=\"(max-width: 822px) 100vw, 822px\" \/><\/div><\/div><\/div><\/div><div class=\"flex_column av_one_full  flex_column_div av-zero-column-padding first  avia-builder-el-2  el_after_av_one_full  el_before_av_one_full  column-top-margin\" style='border-radius:0px; '><section class=\"av_textblock_section \"  itemscope=\"itemscope\" itemtype=\"https:\/\/schema.org\/BlogPosting\" itemprop=\"blogPost\" ><div class='avia_textblock  '   itemprop=\"text\" ><p style=\"text-align: center;\"><strong><span style=\"font-size: 18pt;\">Juegos Araucan\u00eda 2025: Ays\u00e9n sum\u00f3 medallas en Judo femenino y nataci\u00f3n varones<\/span><\/strong><\/p>\n<div id=\"gtx-trans\" style=\"position: absolute; left: -50px; top: 4.31534px;\">\n<div class=\"gtx-trans-icon\"><\/div>\n<\/div>\n<\/div><\/section><\/div><div class=\"flex_column av_one_full  flex_column_div av-zero-column-padding first  avia-builder-el-4  el_after_av_one_full  el_before_av_hr  column-top-margin\" style='border-radius:0px; '><section class=\"av_textblock_section \"  itemscope=\"itemscope\" itemtype=\"https:\/\/schema.org\/BlogPosting\" itemprop=\"blogPost\" ><div class='avia_textblock  '   itemprop=\"text\" ><p style=\"text-align: justify;\"><strong><em>Con una destacada participaci\u00f3n, la delegaci\u00f3n regional obtuvo el onceavo lugar en el medallero general con 17 preseas.<\/em><\/strong><\/p>\n<p style=\"text-align: justify;\">La Regi\u00f3n de Ays\u00e9n finaliz\u00f3 su participaci\u00f3n en los XXXII Juegos Binacionales de la Araucan\u00eda La Pampa 2025 con un buen desempe\u00f1o y\u00a0con un total de 17 medallas: tres de oro, seis de plata \u00a0y ocho de bronce.<\/p>\n<p style=\"text-align: justify;\">Si bien las disciplinas de judo y nataci\u00f3n fueron las que otorgaron las medallas, el f\u00fatbol, el b\u00e1squetbol y el v\u00f3leibol mejoraron su rendimiento y lograron ganar partidos y remontar marcadores adversos. En el atletismo tambi\u00e9n hubo sorpresas; como el 6to lugar del atleta Pedro Z\u00fa\u00f1iga y el 8vo lugar de Alonso Contreras en la misma prueba.<\/p>\n<p style=\"text-align: justify;\">El b\u00e1squetbol femenino entretanto, logr\u00f3 un triunfo sobre las seleccionadas de Santa Cruz 83\/82, mientras que los varones vencieron a \u00d1uble 59\/43.<\/p>\n<p style=\"text-align: justify;\">Todos los resultados y marcas de cada disciplina se pueden descargar en:\u00a0<a href=\"https:\/\/tremun.lapampa.gob.ar\/tremun\/servlet\/visortipojuego?Xp34KI0pdtBQSpRprXjjCSolsNtAltpFp9vUEsKsTDI\" data-saferedirecturl=\"https:\/\/www.google.com\/url?q=https:\/\/tremun.lapampa.gob.ar\/tremun\/servlet\/visortipojuego?Xp34KI0pdtBQSpRprXjjCSolsNtAltpFp9vUEsKsTDI&amp;source=gmail&amp;ust=1765832030218000&amp;usg=AOvVaw21lCPyfc9lu4w24QQrE9A9\">https:\/\/tremun.lapampa.gob.ar\/tremun\/servlet\/visortipojuego?Xp34KI0pdtBQSpRprXjjCSolsNtAltpFp9vUEsKsTDI<\/a>=<\/p>\n<p style=\"text-align: justify;\">Al respecto, desde MINDEP Ays\u00e9n se\u00f1alaron:\u00a0<em>\u201cComo Seremi del Deporte de la Regi\u00f3n de Ays\u00e9n, valoramos con orgullo la participaci\u00f3n de nuestra delegaci\u00f3n en la versi\u00f3n Nro 32 de los Juegos Binacionales de la Araucan\u00eda desarrollados en La Pampa-Argentina. Este a\u00f1o, Ays\u00e9n logr\u00f3 17 medallas, con un aporte clave de judo y nataci\u00f3n, que volvieron a demostrar su nivel y proyecci\u00f3n en el deporte competitivo. C\u00f3mo gobierno, nos enorgullece tambi\u00e9n ser garantes de que esta pol\u00edtica p\u00fablica se mantenga vigente, poniendo en el centro el derecho a la actividad f\u00edsica y el deporte, generando oportunidades reales para que ni\u00f1as, ni\u00f1os y j\u00f3venes puedan crecer y representar a su regi\u00f3n en espacios de encuentro y hermandad como lo son estos juegos entre Chile y Argentina\u201d.<\/em><\/p>\n<p style=\"text-align: justify;\">Entre tanto,\u00a0<strong>Javier Medina Mella, Director Regional IND Ays\u00e9n<\/strong>, quien lider\u00f3 y acompa\u00f1\u00f3 a la delegaci\u00f3n precis\u00f3:\u00a0<em>\u201c<\/em><em>Como Instituto Nacional de Deportes de la Regi\u00f3n de Ays\u00e9n realizamos un balance muy positivo de nuestra participaci\u00f3n en los Juegos Binacionales de la Araucan\u00eda 2025. Nuestra delegaci\u00f3n tuvo un desempe\u00f1o destacado, especialmente en disciplinas como nataci\u00f3n y judo, donde se reflej\u00f3 el trabajo sistem\u00e1tico que se viene desarrollando junto a entrenadores, clubes y familias en sus procesos de entrenamiento y desarrollo deportivo. Quiero relevar de manera especial el trabajo log\u00edstico y operativo realizado por los funcionarios y funcionarias del IND Ays\u00e9n, quienes cumplieron un rol fundamental para garantizar la participaci\u00f3n\u00a0 de toda nuestra delegaci\u00f3n.<\/em><\/p>\n<p style=\"text-align: justify;\"><em>Agregando adem\u00e1s que \u201cSin perjuicio de los resultados deportivos, que valoramos y reconocemos, como instituci\u00f3n rescatamos principalmente la experiencia que viven nuestros j\u00f3venes: el esfuerzo, la disciplina, el compa\u00f1erismo y el compromiso que demuestran al representar a la Regi\u00f3n de Ays\u00e9n con orgullo y responsabilidad. Estos Juegos no s\u00f3lo entregan medallas, sino que fortalecen trayectorias deportivas, aprendizajes personales y el sentido de pertenencia con la camiseta regional, que es finalmente el mayor logro de este tipo de instancias\u201d.<\/em><\/p>\n<p style=\"text-align: justify;\"><strong>Oros de AYSEN<\/strong><\/p>\n<p style=\"text-align: justify;\"><strong>JUDO FEMENINO<\/strong><\/p>\n<p style=\"text-align: justify;\">70 KG A 78 KG Emilia Kruger (Chile Chico)<\/p>\n<p style=\"text-align: justify;\"><strong>NATACI\u00d3N MASCULINO<\/strong><\/p>\n<p style=\"text-align: justify;\">200 MTS. PECHO Joaqu\u00edn G\u00e1lvez<\/p>\n<p style=\"text-align: justify;\">200 MTS. MARIPOSA Benjam\u00edn Pe\u00f1a<\/p>\n<p style=\"text-align: justify;\"><strong>Platas de AYSEN<\/strong><\/p>\n<p style=\"text-align: justify;\"><strong>NATACI\u00d3N MASCULINO<\/strong><\/p>\n<p style=\"text-align: justify;\">50 MTS. PECHO Joaqu\u00edn G\u00e1lvez<\/p>\n<p style=\"text-align: justify;\">100 MTS. PECHO Joaqu\u00edn G\u00e1lvez<\/p>\n<p style=\"text-align: justify;\">50 MTS. LIBRES Diego Aguirre<\/p>\n<p style=\"text-align: justify;\">4 X 100 MTS. LIBRES Diego, Joaqu\u00edn, Benjam\u00edn, Sebasti\u00e1n<\/p>\n<p style=\"text-align: justify;\">4 X 50 COMBINADOS Diego, Joaqu\u00edn, Benjam\u00edn, Sebasti\u00e1n<\/p>\n<p style=\"text-align: justify;\">4 X 100 MTS. COMBINADA<\/p>\n<p style=\"text-align: justify;\"><strong>Bronces de AYSEN<\/strong><\/p>\n<p style=\"text-align: justify;\"><strong>JUDO FEMENINO<\/strong><\/p>\n<p style=\"text-align: justify;\">Idalia Levill<\/p>\n<p style=\"text-align: justify;\">Valentina Altamirano<\/p>\n<p style=\"text-align: justify;\">Nicol Mera<\/p>\n<p style=\"text-align: justify;\">POR EQUIPOS<\/p>\n<p style=\"text-align: justify;\"><strong>NATACI\u00d3N MASCULINO<\/strong><\/p>\n<p style=\"text-align: justify;\">100 MTS. MARIPOSA Benjam\u00edn Pe\u00f1a<\/p>\n<p style=\"text-align: justify;\">100 MTS. LIBRES Joaqu\u00edn G\u00e1lvez<\/p>\n<p style=\"text-align: justify;\">4 X 50 MTS. LIBRES Diego, Joaqu\u00edn, Benjam\u00edn, Sebasti\u00e1n<\/p>\n<p style=\"text-align: justify;\">400 MTS. COMBINADA Joaqu\u00edn G\u00e1lvez<\/p>\n<p style=\"text-align: justify;\">Para un gran n\u00famero de deportistas es su primera participaci\u00f3n en los Juegos Binacionales, en tanto para otros es la \u00faltima vez que representar\u00e1n a nuestra regi\u00f3n es este certamen internacional.<\/p>\n<p style=\"text-align: justify;\"><strong>Alison Landeros, futbolista de Caleta Tortel<\/strong>\u00a0coment\u00f3:\u00a0<em>\u201cEsta es mi primera vez en Juegos Araucan\u00eda, fue una muy buena experiencia, compartir con mis compa\u00f1eras, un lindo viaje, cansador si pero muy bueno, la experiencia de jugar con chicas es impresionante e invito a que m\u00e1s ni\u00f1as se motiven a jugar f\u00fatbol porque es una buena experiencia\u201d<\/em><\/p>\n<p style=\"text-align: justify;\">En tanto\u00a0<strong>Catalina V\u00e1squez, capitana de la selecci\u00f3n de b\u00e1squetbol<\/strong>\u00a0se\u00f1al\u00f3:\u00a0<em>\u201cFue una muy linda experiencia, hablo por todo el equipo, agradecer todo el apoyo que nos da el IND y todos quienes est\u00e1n detr\u00e1s de esta experiencia deportiva, son mi tercer y \u00faltimos Juegos de la Araucan\u00eda y ojal\u00e1 que todos los deportistas puedan vivir esta experiencia porque es muy bonita\u201d.<\/em><\/p>\n<p style=\"text-align: justify;\">Asimismo,\u00a0<strong>Renato Aguilera capit\u00e1n de la selecci\u00f3n de<\/strong>\u00a0f\u00fatbol coment\u00f3<em>: \u201cEstos son mis segundos y \u00faltimos Juegos de la Araucan\u00eda, ha sido una buena experiencia, hemos aprendido harto y tambi\u00e9n los entrenamientos nos han servido para mejorar mucho\u201d.<\/em><\/p>\n<p style=\"text-align: justify;\"><em>Todas las fotograf\u00edas del evento por disciplina y jornadas se pueden descargar en:\u00a0<\/em><em><a href=\"https:\/\/drive.google.com\/drive\/folders\/1SlpkQ4wkHKYbJhQNNxLLB0ZKbn8okX0x\" data-saferedirecturl=\"https:\/\/www.google.com\/url?q=https:\/\/drive.google.com\/drive\/folders\/1SlpkQ4wkHKYbJhQNNxLLB0ZKbn8okX0x&amp;source=gmail&amp;ust=1765832030218000&amp;usg=AOvVaw0xQmFF6UEiGB4cUEgI-q-P\">https:\/\/drive.google.com\/drive\/folders\/1SlpkQ4wkHKYbJhQNNxLLB0ZKbn8okX0x<\/a><\/em><\/p>\n<p style=\"text-align: justify;\">Este s\u00e1bado las delegaciones retornaron a la regi\u00f3n, mientras que\u00a0la pr\u00f3xima edici\u00f3n de los Juegos Binacionales de la Araucan\u00eda (2026) ser\u00e1 en la regi\u00f3n de\u00a0<strong>Los R\u00edos, Chile<\/strong>.<\/p>\n<\/div><\/section><\/div><div  style='height:50px' class='hr hr-invisible   avia-builder-el-6  el_after_av_one_full  el_before_av_social_share '><span class='hr-inner ' ><span class='hr-inner-style'><\/span><\/span><\/div><\/p>\n<div  class='av-social-sharing-box  avia-builder-el-7  el_after_av_hr  el_before_av_hr  '><div class='av-share-box'><h5 class='av-share-link-description av-no-toc '>Compartir esta noticia<\/h5><ul class='av-share-box-list noLightbox'><li class='av-share-link av-social-link-facebook' ><a target=\"_blank\" aria-label=\"Compartir en Facebook\" href='https:\/\/www.facebook.com\/sharer.php?u=https:\/\/radiorevelacionfm.cl\/?p=62477&#038;t=Juegos%20Araucan%C3%ADa%202025%3A%20Ays%C3%A9n%20sum%C3%B3%20medallas%20en%20Judo%20femenino%20y%20nataci%C3%B3n%20varones' aria-hidden='false' data-av_icon='\ue8f3' data-av_iconfont='entypo-fontello' title='' data-avia-related-tooltip='Compartir en Facebook' rel=\"noopener\"><span class='avia_hidden_link_text'>Compartir en Facebook<\/span><\/a><\/li><li class='av-share-link av-social-link-twitter' ><a target=\"_blank\" aria-label=\"Compartir en Twitter\" href='https:\/\/twitter.com\/share?text=Juegos%20Araucan%C3%ADa%202025%3A%20Ays%C3%A9n%20sum%C3%B3%20medallas%20en%20Judo%20femenino%20y%20nataci%C3%B3n%20varones&#038;url=https:\/\/radiorevelacionfm.cl\/?p=62477' aria-hidden='false' data-av_icon='\ue8f1' data-av_iconfont='entypo-fontello' title='' data-avia-related-tooltip='Compartir en Twitter' rel=\"noopener\"><span class='avia_hidden_link_text'>Compartir en Twitter<\/span><\/a><\/li><li class='av-share-link av-social-link-whatsapp' ><a target=\"_blank\" aria-label=\"Compartir en Whatsapp\" href='https:\/\/api.whatsapp.com\/send?text=https:\/\/radiorevelacionfm.cl\/?p=62477' aria-hidden='false' data-av_icon='\uf232' data-av_iconfont='entypo-fontello' title='' data-avia-related-tooltip='Compartir en Whatsapp' rel=\"noopener\"><span class='avia_hidden_link_text'>Compartir en Whatsapp<\/span><\/a><\/li><li class='av-share-link av-social-link-linkedin' ><a target=\"_blank\" aria-label=\"Compartir en LinkedIn\" href='https:\/\/linkedin.com\/shareArticle?mini=true&#038;title=Juegos%20Araucan%C3%ADa%202025%3A%20Ays%C3%A9n%20sum%C3%B3%20medallas%20en%20Judo%20femenino%20y%20nataci%C3%B3n%20varones&#038;url=https:\/\/radiorevelacionfm.cl\/?p=62477' aria-hidden='false' data-av_icon='\ue8fc' data-av_iconfont='entypo-fontello' title='' data-avia-related-tooltip='Compartir en LinkedIn' rel=\"noopener\"><span class='avia_hidden_link_text'>Compartir en LinkedIn<\/span><\/a><\/li><li class='av-share-link av-social-link-mail' ><a  aria-label=\"Compartir por correo\" href='mailto:?subject=Juegos%20Araucan%C3%ADa%202025%3A%20Ays%C3%A9n%20sum%C3%B3%20medallas%20en%20Judo%20femenino%20y%20nataci%C3%B3n%20varones&#038;body=https:\/\/radiorevelacionfm.cl\/?p=62477' aria-hidden='false' data-av_icon='\ue805' data-av_iconfont='entypo-fontello' title='' data-avia-related-tooltip='Compartir por correo'><span class='avia_hidden_link_text'>Compartir por correo<\/span><\/a><\/li><\/ul><\/div><\/div>\n<div  style='height:50px' class='hr hr-invisible   avia-builder-el-8  el_after_av_social_share  el_before_av_comments_list '><span class='hr-inner ' ><span class='hr-inner-style'><\/span><\/span><\/div>\n<div  class='av-buildercomment  av-blog-meta-html-info-disabled av-blog-meta-tag-disabled  '><\/div>\n","protected":false},"excerpt":{"rendered":"","protected":false},"author":1,"featured_media":62478,"comment_status":"closed","ping_status":"closed","sticky":false,"template":"","format":"standard","meta":{"footnotes":""},"categories":[40],"tags":[],"class_list":["post-62477","post","type-post","status-publish","format-standard","has-post-thumbnail","hentry","category-deportes"],"jetpack_featured_media_url":"https:\/\/radiorevelacionfm.cl\/wp-content\/uploads\/2025\/12\/WhatsApp-Image-2025-12-08-at-15.42.46-1-1.jpeg","_links":{"self":[{"href":"https:\/\/radiorevelacionfm.cl\/index.php?rest_route=\/wp\/v2\/posts\/62477","targetHints":{"allow":["GET"]}}],"collection":[{"href":"https:\/\/radiorevelacionfm.cl\/index.php?rest_route=\/wp\/v2\/posts"}],"about":[{"href":"https:\/\/radiorevelacionfm.cl\/index.php?rest_route=\/wp\/v2\/types\/post"}],"author":[{"embeddable":true,"href":"https:\/\/radiorevelacionfm.cl\/index.php?rest_route=\/wp\/v2\/users\/1"}],"replies":[{"embeddable":true,"href":"https:\/\/radiorevelacionfm.cl\/index.php?rest_route=%2Fwp%2Fv2%2Fcomments&post=62477"}],"version-history":[{"count":2,"href":"https:\/\/radiorevelacionfm.cl\/index.php?rest_route=\/wp\/v2\/posts\/62477\/revisions"}],"predecessor-version":[{"id":62480,"href":"https:\/\/radiorevelacionfm.cl\/index.php?rest_route=\/wp\/v2\/posts\/62477\/revisions\/62480"}],"wp:featuredmedia":[{"embeddable":true,"href":"https:\/\/radiorevelacionfm.cl\/index.php?rest_route=\/wp\/v2\/media\/62478"}],"wp:attachment":[{"href":"https:\/\/radiorevelacionfm.cl\/index.php?rest_route=%2Fwp%2Fv2%2Fmedia&parent=62477"}],"wp:term":[{"taxonomy":"category","embeddable":true,"href":"https:\/\/radiorevelacionfm.cl\/index.php?rest_route=%2Fwp%2Fv2%2Fcategories&post=62477"},{"taxonomy":"post_tag","embeddable":true,"href":"https:\/\/radiorevelacionfm.cl\/index.php?rest_route=%2Fwp%2Fv2%2Ftags&post=62477"}],"curies":[{"name":"wp","href":"https:\/\/api.w.org\/{rel}","templated":true}]}}