{"id":62473,"date":"2025-12-14T15:43:01","date_gmt":"2025-12-14T18:43:01","guid":{"rendered":"https:\/\/radiorevelacionfm.cl\/?p=62473"},"modified":"2025-12-14T15:43:01","modified_gmt":"2025-12-14T18:43:01","slug":"hospital-de-cochrane-moderniza-su-sistema-de-calefaccion-con-calderas-a-gas","status":"publish","type":"post","link":"https:\/\/radiorevelacionfm.cl\/?p=62473","title":{"rendered":"Hospital de Cochrane moderniza su sistema de calefacci\u00f3n con calderas a gas"},"content":{"rendered":"<div class=\"flex_column av_one_full  flex_column_div av-zero-column-padding first  avia-builder-el-0  el_before_av_one_full  avia-builder-el-first  \" style='border-radius:0px; '><div  class='avia-image-container  av-styling-    avia-builder-el-1  avia-builder-el-no-sibling  avia-align-center '  itemprop=\"image\" itemscope=\"itemscope\" itemtype=\"https:\/\/schema.org\/ImageObject\"  ><div class='avia-image-container-inner'><div class='avia-image-overlay-wrap'><img decoding=\"async\" class='wp-image-62474 avia-img-lazy-loading-not-62474 avia_image' src=\"https:\/\/radiorevelacionfm.cl\/wp-content\/uploads\/2025\/12\/img_3532-1_optimized-1.jpg\" alt='' title='img_3532-(1)_optimized (1)' height=\"600\" width=\"900\"  itemprop=\"thumbnailUrl\" srcset=\"https:\/\/radiorevelacionfm.cl\/wp-content\/uploads\/2025\/12\/img_3532-1_optimized-1.jpg 900w, https:\/\/radiorevelacionfm.cl\/wp-content\/uploads\/2025\/12\/img_3532-1_optimized-1-300x200.jpg 300w, https:\/\/radiorevelacionfm.cl\/wp-content\/uploads\/2025\/12\/img_3532-1_optimized-1-768x512.jpg 768w, https:\/\/radiorevelacionfm.cl\/wp-content\/uploads\/2025\/12\/img_3532-1_optimized-1-705x470.jpg 705w, https:\/\/radiorevelacionfm.cl\/wp-content\/uploads\/2025\/12\/img_3532-1_optimized-1-450x300.jpg 450w, https:\/\/radiorevelacionfm.cl\/wp-content\/uploads\/2025\/12\/img_3532-1_optimized-1-600x400.jpg 600w\" sizes=\"(max-width: 900px) 100vw, 900px\" \/><\/div><\/div><\/div><\/div><div class=\"flex_column av_one_full  flex_column_div av-zero-column-padding first  avia-builder-el-2  el_after_av_one_full  el_before_av_one_full  column-top-margin\" style='border-radius:0px; '><section class=\"av_textblock_section \"  itemscope=\"itemscope\" itemtype=\"https:\/\/schema.org\/BlogPosting\" itemprop=\"blogPost\" ><div class='avia_textblock  '   itemprop=\"text\" ><p style=\"text-align: center;\"><span style=\"font-size: 18pt;\"><b>Hospital de Cochrane moderniza su sistema de calefacci\u00f3n con calderas a gas<\/b><\/span><\/p>\n<div id=\"gtx-trans\" style=\"position: absolute; left: -50px; top: 4.31534px;\">\n<div class=\"gtx-trans-icon\"><\/div>\n<\/div>\n<\/div><\/section><\/div><div class=\"flex_column av_one_full  flex_column_div av-zero-column-padding first  avia-builder-el-4  el_after_av_one_full  el_before_av_hr  column-top-margin\" style='border-radius:0px; '><section class=\"av_textblock_section \"  itemscope=\"itemscope\" itemtype=\"https:\/\/schema.org\/BlogPosting\" itemprop=\"blogPost\" ><div class='avia_textblock  '   itemprop=\"text\" ><p style=\"font-weight: 400; text-align: justify;\"><em>El cambio reemplaza la calefacci\u00f3n a le\u00f1a, utilizada hist\u00f3ricamente en el recinto y asociada a un consumo anual superior a 3.000 metros c\u00fabicos.<\/em><\/p>\n<p style=\"font-weight: 400; text-align: justify;\">El jueves reci\u00e9n pasado, el Hospital Lord Cochrane inaugur\u00f3 oficialmente su nuevo sistema de calefacci\u00f3n,\u00a0que considera la instalaci\u00f3n de seis calderas a gas\u00a0licuado, mejorando las condiciones de atenci\u00f3n para las usuarias y usuarios de la comuna, el bienestar de las y los funcionarios del establecimiento y reduciendo la contaminaci\u00f3n asociada al uso de le\u00f1a.<\/p>\n<p style=\"font-weight: 400; text-align: justify;\">La actividad reuni\u00f3 a autoridades regionales y locales, equipos de salud, gremios y representantes de la comunidad.<\/p>\n<p style=\"font-weight: 400; text-align: justify;\">Teolinda Viegas, representante del Comit\u00e9 de Gesti\u00f3n de Usuarios del Hospital de Cochrane, resalt\u00f3 el impacto del cambio: \u201cNo solo mejora las operaciones del hospital, tambi\u00e9n beneficia a quienes vivimos ac\u00e1 y respiramos este aire. Por eso es un hito tan significativo para la comunidad\u201d, sostuvo.<\/p>\n<p style=\"font-weight: 400; text-align: justify;\">Durante a\u00f1os, el establecimiento funcion\u00f3 con un sistema de calefacci\u00f3n basado en calderas a le\u00f1a, lo que implicaba altos niveles de consumo energ\u00e9tico, mayores costos operativos y un impacto ambiental relevante para la comuna. En respuesta a esta realidad, el Servicio de Salud Ays\u00e9n (SSA) impuls\u00f3 un proceso de recambio tecnol\u00f3gico que hoy se concreta con la instalaci\u00f3n de las seis calderas a gas licuado, integradas al sistema t\u00e9rmico existente.<\/p>\n<p style=\"font-weight: 400; text-align: justify;\">\u201cCambiamos de nuestras tres calderas a le\u00f1a a seis calderas a gas, que van a permitir disminuir de forma importante la contaminaci\u00f3n en la comuna. Ten\u00edamos ese compromiso con nuestra comunidad\u201d, se\u00f1al\u00f3 Miryam Balboa, directora (s) del Hospital de Cochrane.<\/p>\n<p style=\"font-weight: 400; text-align: justify;\">En esa misma l\u00ednea, Juan Pablo Bravo Quintana, director del SSA, destac\u00f3 los beneficios sanitarios y ambientales del proyecto. \u201cEran m\u00e1s de 3.000 metros c\u00fabicos de le\u00f1a los que se consum\u00edan anualmente, lo que equivale a cerca de 6.000 \u00e1rboles. Con este cambio vamos a disminuir la contaminaci\u00f3n y mejorar la salud de la comunidad, especialmente en materia respiratoria\u201d, indic\u00f3.<\/p>\n<p style=\"font-weight: 400; text-align: justify;\">La iniciativa fue destacada tambi\u00e9n por el Delegado Presidencial Regional de Ays\u00e9n, Jorge D\u00edaz Guzm\u00e1n, quien subray\u00f3 que este tipo de inversiones conjugan desarrollo y cuidado del entorno. \u201cReemplazar calderas a le\u00f1a por un sistema a gas menos contaminante es un adelanto en todos los sentidos, porque incorpora tecnolog\u00eda y protege el h\u00e1bitat de quienes viven en este territorio\u201d, afirm\u00f3.<\/p>\n<p style=\"font-weight: 400; text-align: justify;\">En materia ambiental, el Seremi de Medio Ambiente, Yoal D\u00edaz Reyes, record\u00f3 que el hospital era uno de los principales emisores de material particulado fino en la comuna. \u201cA partir de hoy van a bajar los \u00edndices de contaminaci\u00f3n durante el invierno de 2026, lo que es una muy buena noticia para Cochrane\u201d, se\u00f1al\u00f3.<\/p>\n<p style=\"font-weight: 400; text-align: justify;\">La ceremonia concluy\u00f3 con la plantaci\u00f3n simb\u00f3lica de un \u00e1rbol, gesto que represent\u00f3 el compromiso institucional con la sustentabilidad y el cuidado del entorno. Con la puesta en marcha de este nuevo sistema t\u00e9rmico, el Hospital de Cochrane inicia una etapa de progreso que refuerza la continuidad de la atenci\u00f3n, reduce el impacto ambiental y se alinea con los principios de equidad y resolutividad que impulsa el Servicio de Salud Ays\u00e9n.<\/p>\n<\/div><\/section><\/div><div  style='height:50px' class='hr hr-invisible   avia-builder-el-6  el_after_av_one_full  el_before_av_social_share '><span class='hr-inner ' ><span class='hr-inner-style'><\/span><\/span><\/div><\/p>\n<div  class='av-social-sharing-box  avia-builder-el-7  el_after_av_hr  el_before_av_hr  '><div class='av-share-box'><h5 class='av-share-link-description av-no-toc '>Compartir esta noticia<\/h5><ul class='av-share-box-list noLightbox'><li class='av-share-link av-social-link-facebook' ><a target=\"_blank\" aria-label=\"Compartir en Facebook\" href='https:\/\/www.facebook.com\/sharer.php?u=https:\/\/radiorevelacionfm.cl\/?p=62473&#038;t=Hospital%20de%20Cochrane%20moderniza%20su%20sistema%20de%20calefacci%C3%B3n%20con%20calderas%20a%20gas' aria-hidden='false' data-av_icon='\ue8f3' data-av_iconfont='entypo-fontello' title='' data-avia-related-tooltip='Compartir en Facebook' rel=\"noopener\"><span class='avia_hidden_link_text'>Compartir en Facebook<\/span><\/a><\/li><li class='av-share-link av-social-link-twitter' ><a target=\"_blank\" aria-label=\"Compartir en Twitter\" href='https:\/\/twitter.com\/share?text=Hospital%20de%20Cochrane%20moderniza%20su%20sistema%20de%20calefacci%C3%B3n%20con%20calderas%20a%20gas&#038;url=https:\/\/radiorevelacionfm.cl\/?p=62473' aria-hidden='false' data-av_icon='\ue8f1' data-av_iconfont='entypo-fontello' title='' data-avia-related-tooltip='Compartir en Twitter' rel=\"noopener\"><span class='avia_hidden_link_text'>Compartir en Twitter<\/span><\/a><\/li><li class='av-share-link av-social-link-whatsapp' ><a target=\"_blank\" aria-label=\"Compartir en Whatsapp\" href='https:\/\/api.whatsapp.com\/send?text=https:\/\/radiorevelacionfm.cl\/?p=62473' aria-hidden='false' data-av_icon='\uf232' data-av_iconfont='entypo-fontello' title='' data-avia-related-tooltip='Compartir en Whatsapp' rel=\"noopener\"><span class='avia_hidden_link_text'>Compartir en Whatsapp<\/span><\/a><\/li><li class='av-share-link av-social-link-linkedin' ><a target=\"_blank\" aria-label=\"Compartir en LinkedIn\" href='https:\/\/linkedin.com\/shareArticle?mini=true&#038;title=Hospital%20de%20Cochrane%20moderniza%20su%20sistema%20de%20calefacci%C3%B3n%20con%20calderas%20a%20gas&#038;url=https:\/\/radiorevelacionfm.cl\/?p=62473' aria-hidden='false' data-av_icon='\ue8fc' data-av_iconfont='entypo-fontello' title='' data-avia-related-tooltip='Compartir en LinkedIn' rel=\"noopener\"><span class='avia_hidden_link_text'>Compartir en LinkedIn<\/span><\/a><\/li><li class='av-share-link av-social-link-mail' ><a  aria-label=\"Compartir por correo\" href='mailto:?subject=Hospital%20de%20Cochrane%20moderniza%20su%20sistema%20de%20calefacci%C3%B3n%20con%20calderas%20a%20gas&#038;body=https:\/\/radiorevelacionfm.cl\/?p=62473' aria-hidden='false' data-av_icon='\ue805' data-av_iconfont='entypo-fontello' title='' data-avia-related-tooltip='Compartir por correo'><span class='avia_hidden_link_text'>Compartir por correo<\/span><\/a><\/li><\/ul><\/div><\/div>\n<div  style='height:50px' class='hr hr-invisible   avia-builder-el-8  el_after_av_social_share  el_before_av_comments_list '><span class='hr-inner ' ><span class='hr-inner-style'><\/span><\/span><\/div>\n<div  class='av-buildercomment  av-blog-meta-html-info-disabled av-blog-meta-tag-disabled  '><\/div>\n","protected":false},"excerpt":{"rendered":"","protected":false},"author":1,"featured_media":62474,"comment_status":"closed","ping_status":"closed","sticky":false,"template":"","format":"standard","meta":{"footnotes":""},"categories":[46],"tags":[],"class_list":["post-62473","post","type-post","status-publish","format-standard","has-post-thumbnail","hentry","category-salud"],"jetpack_featured_media_url":"https:\/\/radiorevelacionfm.cl\/wp-content\/uploads\/2025\/12\/img_3532-1_optimized-1.jpg","_links":{"self":[{"href":"https:\/\/radiorevelacionfm.cl\/index.php?rest_route=\/wp\/v2\/posts\/62473","targetHints":{"allow":["GET"]}}],"collection":[{"href":"https:\/\/radiorevelacionfm.cl\/index.php?rest_route=\/wp\/v2\/posts"}],"about":[{"href":"https:\/\/radiorevelacionfm.cl\/index.php?rest_route=\/wp\/v2\/types\/post"}],"author":[{"embeddable":true,"href":"https:\/\/radiorevelacionfm.cl\/index.php?rest_route=\/wp\/v2\/users\/1"}],"replies":[{"embeddable":true,"href":"https:\/\/radiorevelacionfm.cl\/index.php?rest_route=%2Fwp%2Fv2%2Fcomments&post=62473"}],"version-history":[{"count":2,"href":"https:\/\/radiorevelacionfm.cl\/index.php?rest_route=\/wp\/v2\/posts\/62473\/revisions"}],"predecessor-version":[{"id":62476,"href":"https:\/\/radiorevelacionfm.cl\/index.php?rest_route=\/wp\/v2\/posts\/62473\/revisions\/62476"}],"wp:featuredmedia":[{"embeddable":true,"href":"https:\/\/radiorevelacionfm.cl\/index.php?rest_route=\/wp\/v2\/media\/62474"}],"wp:attachment":[{"href":"https:\/\/radiorevelacionfm.cl\/index.php?rest_route=%2Fwp%2Fv2%2Fmedia&parent=62473"}],"wp:term":[{"taxonomy":"category","embeddable":true,"href":"https:\/\/radiorevelacionfm.cl\/index.php?rest_route=%2Fwp%2Fv2%2Fcategories&post=62473"},{"taxonomy":"post_tag","embeddable":true,"href":"https:\/\/radiorevelacionfm.cl\/index.php?rest_route=%2Fwp%2Fv2%2Ftags&post=62473"}],"curies":[{"name":"wp","href":"https:\/\/api.w.org\/{rel}","templated":true}]}}