{"id":62469,"date":"2025-12-13T20:46:15","date_gmt":"2025-12-13T23:46:15","guid":{"rendered":"https:\/\/radiorevelacionfm.cl\/?p=62469"},"modified":"2025-12-13T20:46:15","modified_gmt":"2025-12-13T23:46:15","slug":"no-se-descarta-la-participacion-de-mas-personas-pdi-y-fiscalia-desbaratan-organizacion-delictiva-que-gestionaba-licencias-de-conducir-obtenidas-ilicitamente","status":"publish","type":"post","link":"https:\/\/radiorevelacionfm.cl\/?p=62469","title":{"rendered":"No se descarta la participaci\u00f3n de m\u00e1s personas: PDI y Fiscal\u00eda desbaratan organizaci\u00f3n delictiva que gestionaba licencias de conducir obtenidas il\u00edcitamente"},"content":{"rendered":"<div class=\"flex_column av_one_full  flex_column_div av-zero-column-padding first  avia-builder-el-0  el_before_av_one_full  avia-builder-el-first  \" style='border-radius:0px; '><div  class='avia-image-container  av-styling-    avia-builder-el-1  avia-builder-el-no-sibling  avia-align-center '  itemprop=\"image\" itemscope=\"itemscope\" itemtype=\"https:\/\/schema.org\/ImageObject\"  ><div class='avia-image-container-inner'><div class='avia-image-overlay-wrap'><img decoding=\"async\" class='wp-image-62470 avia-img-lazy-loading-not-62470 avia_image' src=\"https:\/\/radiorevelacionfm.cl\/wp-content\/uploads\/2025\/12\/img_8651-1_optimized-1.jpg\" alt='' title='img_8651-(1)_optimized (1)' height=\"600\" width=\"1067\"  itemprop=\"thumbnailUrl\" srcset=\"https:\/\/radiorevelacionfm.cl\/wp-content\/uploads\/2025\/12\/img_8651-1_optimized-1.jpg 1067w, https:\/\/radiorevelacionfm.cl\/wp-content\/uploads\/2025\/12\/img_8651-1_optimized-1-300x169.jpg 300w, https:\/\/radiorevelacionfm.cl\/wp-content\/uploads\/2025\/12\/img_8651-1_optimized-1-1030x579.jpg 1030w, https:\/\/radiorevelacionfm.cl\/wp-content\/uploads\/2025\/12\/img_8651-1_optimized-1-768x432.jpg 768w, https:\/\/radiorevelacionfm.cl\/wp-content\/uploads\/2025\/12\/img_8651-1_optimized-1-705x396.jpg 705w, https:\/\/radiorevelacionfm.cl\/wp-content\/uploads\/2025\/12\/img_8651-1_optimized-1-450x253.jpg 450w, https:\/\/radiorevelacionfm.cl\/wp-content\/uploads\/2025\/12\/img_8651-1_optimized-1-600x337.jpg 600w\" sizes=\"(max-width: 1067px) 100vw, 1067px\" \/><\/div><\/div><\/div><\/div><div class=\"flex_column av_one_full  flex_column_div av-zero-column-padding first  avia-builder-el-2  el_after_av_one_full  el_before_av_one_full  column-top-margin\" style='border-radius:0px; '><section class=\"av_textblock_section \"  itemscope=\"itemscope\" itemtype=\"https:\/\/schema.org\/BlogPosting\" itemprop=\"blogPost\" ><div class='avia_textblock  '   itemprop=\"text\" ><p style=\"text-align: center;\"><strong><span style=\"font-size: 18pt;\">No se descarta la participaci\u00f3n de m\u00e1s personas: PDI y Fiscal\u00eda desbaratan organizaci\u00f3n delictiva que gestionaba licencias de conducir obtenidas il\u00edcitamente<\/span><\/strong><\/p>\n<div id=\"gtx-trans\" style=\"position: absolute; left: -50px; top: 4.31534px;\">\n<div class=\"gtx-trans-icon\"><\/div>\n<\/div>\n<\/div><\/section><\/div><div class=\"flex_column av_one_full  flex_column_div av-zero-column-padding first  avia-builder-el-4  el_after_av_one_full  el_before_av_hr  column-top-margin\" style='border-radius:0px; '><section class=\"av_textblock_section \"  itemscope=\"itemscope\" itemtype=\"https:\/\/schema.org\/BlogPosting\" itemprop=\"blogPost\" ><div class='avia_textblock  '   itemprop=\"text\" ><ul>\n<li style=\"text-align: justify;\"><em>Dos imputados trabajan en la Direcci\u00f3n de Tr\u00e1nsito de la Municipalidad de Coyhaique y el l\u00edder es chofer en el Servicio de Salud Ays\u00e9n.<\/em><\/li>\n<\/ul>\n<p style=\"text-align: justify;\">Como parte de una investigaci\u00f3n conjunta entre la Polic\u00eda de Investigaciones de Chile y la Fiscal\u00eda Local de Coyhaique, fueron detenidos dos funcionarios de la Direcci\u00f3n de Tr\u00e1nsito de la Municipalidad de Coyhaique y un funcionario que se desempe\u00f1aba como chofer del Servicio de Salud de Ays\u00e9n, sindicado como el l\u00edder de la organizaci\u00f3n delictual.<\/p>\n<p style=\"text-align: justify;\">El viernes, detectives de la Brigada Investigadora de Lavado de Activos (BRILAC) Coyhaique, junto a un equipo multidisciplinario de la Regi\u00f3n Policial de Ays\u00e9n, allanaron las dependencias del Departamento de Tr\u00e1nsito de la Municipalidad de Coyhaique en el marco de una investigaci\u00f3n por los delitos de cohecho, asociaci\u00f3n criminal y lavado de activos, operativo que culmin\u00f3 con la detenci\u00f3n de tres imputados, funcionarios p\u00fablicos.<\/p>\n<p style=\"text-align: justify;\">Por su parte este s\u00e1bado a mediod\u00eda, se inici\u00f3 la audiencia de control de la detenci\u00f3n y formalizaci\u00f3n de la investigaci\u00f3n en contra de los tres imputados, a quienes se les atribuye participaci\u00f3n en los delitos antes mencionados.<\/p>\n<p style=\"text-align: justify;\">ORGANIZACI\u00d3N<\/p>\n<p style=\"text-align: justify;\">Tanto el persecutor a cargo de la investigaci\u00f3n, Fiscal Jefe de Coyhaique, Luis Contreras Alfaro, como el jefe subrogante de la Brigada Investigadora de Lavado de Activos Coyhaique, subcomisario Alex Espina Villarroel, explicaron parte del trabajo realizado en esta causa de implicancias a\u00fan en proceso de investigaci\u00f3n.<\/p>\n<p style=\"text-align: justify;\">\u201cUno de los delitos formalizados es la asociaci\u00f3n delictiva o asociaci\u00f3n criminal. La ley ha sido modificada recientemente y por lo tanto, para considerar la existencia de una organizaci\u00f3n criminal basta la presencia de tres o m\u00e1s personas que, en un tiempo sostenido, se dedican a la comisi\u00f3n de delitos. En este caso durante el tiempo de investigaci\u00f3n que data desde el mes de junio, a lo menos de este a\u00f1o 2025, se captaron una serie de acciones criminales, espec\u00edficamente delitos de cohecho y delitos de aprovechamiento y ocultamiento de bienes, lo cual da pie a sostener la existencia de una organizaci\u00f3n o asociaci\u00f3n criminal\u201d, explic\u00f3 el fiscal Contreras.<\/p>\n<p style=\"text-align: justify;\">Sobre el proceso investigativo, el subcomisario Alex Espina Villarroel, jefe subrogante de la BRILAC Coyhaique, indic\u00f3 que \u201cesta es una investigaci\u00f3n que data del mes de junio del presente a\u00f1o que dice relaci\u00f3n con algunas irregularidades que se estaban suscitando en el interior del Departamento de Tr\u00e1nsito, en espec\u00edfico la secci\u00f3n de licencias de conducir. A trav\u00e9s de distintas t\u00e9cnicas especiales de investigaci\u00f3n y diligencias policiales, se lograron determinar antecedentes suficientes para la solicitud de tres \u00f3rdenes de detenci\u00f3n y entradas y registros judiciales, las cuales fueron ejecutadas el d\u00eda viernes\u201d.<\/p>\n<p style=\"text-align: justify;\">\u201cEl operativo permiti\u00f3 la detenci\u00f3n de dos funcionarios municipales que desempe\u00f1aban funciones en esa secci\u00f3n\u201d, puntualiz\u00f3 el subcomisario Espina, a\u00f1adiendo que \u201cen el transcurso de la investigaci\u00f3n, si bien es cierto la denuncia daba cuenta de hechos irregulares al interior de la Municipalidad, a trav\u00e9s de distintas diligencias que se fueron realizando, se pudo detectar a un tercer sujeto que formaba parte de esta asociaci\u00f3n criminal, cuyas diligencias que se fueron realizando nos permitieron perfilarlo como el l\u00edder de la asociaci\u00f3n, quien realizaba la captaci\u00f3n de terceras personas, la comercializaci\u00f3n y quien interven\u00eda con los funcionarios municipales\u201d.<\/p>\n<p style=\"text-align: justify;\">MODUS OPERANDI<\/p>\n<p style=\"text-align: justify;\">Respecto de la forma en c\u00f3mo operaban, el Fiscal Contreras coment\u00f3 que \u201cel modus operandi de las personas formalizadas dice relaci\u00f3n con la existencia de un tercero que no pertenece a la Municipalidad, que oficiaba las veces de captador y que desde el punto de vista jur\u00eddico es quien mantiene el dominio del hecho. Es decir, esta persona es quien recibe el dinero, es quien reparte el dinero o las especies, el que contacta a los funcionarios municipales y posteriormente realiza todas las gestiones con el \u201ccliente\u201d para que esta persona acceda finalmente a la licencia de conducir\u201d.<\/p>\n<p style=\"text-align: justify;\">Consultado sobre el origen de la investigaci\u00f3n, el jefe subrogante de la BRILAC Coyhaique detall\u00f3 que \u201cel origen de la investigaci\u00f3n tiene relaci\u00f3n con una denuncia an\u00f3nima a trav\u00e9s de la plataforma Denuncia Seguro, gener\u00e1ndose una orden de investigar que fue recepcionada por esta brigada. Conforme a los antecedentes que se fueron recopilando, posteriormente, se obtienen los relatos por parte del alcalde de la municipalidad y la cooperaci\u00f3n en el proceso investigativo\u201d.<\/p>\n<p style=\"text-align: justify;\">ACREDITADO<\/p>\n<p style=\"text-align: justify;\">Sobre lo que se ha logrado acreditar, el Fiscal Contreras coment\u00f3 que \u201cprimero hay que considerar que esta es una investigaci\u00f3n compleja. Para estos casos la ley establece diligencias especiales. Todas estas diligencias especiales se desarrollaron durante el curso de la investigaci\u00f3n, por lo tanto, ello nos permite precisar a ciencia cierta el modus operandi desde el momento de la captaci\u00f3n entre el tercero y los clientes, la conversaci\u00f3n o inducci\u00f3n a los funcionarios municipales, las gestiones que estos realizaban, ya sea para la agilizaci\u00f3n de la licencia o la omisi\u00f3n de -ya sea- los ex\u00e1menes te\u00f3ricos y pr\u00e1cticos o conocimientos t\u00e9cnicos y finalmente la obtenci\u00f3n de la licencia de conducir\u201d.<\/p>\n<p style=\"text-align: justify;\">El fiscal asever\u00f3 que \u201cello se encuentra refrendado por grabaciones tanto en video, fotograf\u00edas y otros elementos de prueba que fueron referidos en la audiencia para acreditar a ciencia cierta la participaci\u00f3n de estas personas.<\/p>\n<p style=\"text-align: justify;\">EVIDENCIA<\/p>\n<p style=\"text-align: justify;\">Durante el despliegue operativo en la ciudad de Coyhaique se intervinieron siete domicilios, \u201clogrando incautar alrededor de 8 millones de pesos, sumando todas las incautaciones. Adem\u00e1s, se incautaron computadores de los funcionarios municipales, dos veh\u00edculos que tienen que ver con la adquisici\u00f3n de bienes producto de estos il\u00edcitos y archivos que dan cuenta del proceso de la obtenci\u00f3n de licencias de conducir de forma il\u00edcita\u201d, agreg\u00f3 el subcomisario Alex Espina.<\/p>\n<p style=\"text-align: justify;\">Desde la PDI precisaron que la gran mayor\u00eda del dinero incautado se encontraba oculto en el domicilio de un familiar del l\u00edder de la asociaci\u00f3n. Adem\u00e1s, antecedentes de la investigaci\u00f3n dan cuenta que uno de los veh\u00edculos incautados fue comprado en la Regi\u00f3n de Los Lagos con dinero en efectivo.<\/p>\n<p style=\"text-align: justify;\">CONDUCTORES<\/p>\n<p style=\"text-align: justify;\">Por su parte el fiscal Luis Contreras explic\u00f3, en relaci\u00f3n a las personas que pudieron obtener licencias de conducir bajo este modus operandi, que \u201clo que corresponde decir por ahora, porque la investigaci\u00f3n va a continuar, es que finalmente vamos a llegar a ellos porque tenemos los antecedentes necesarios para acreditar qui\u00e9nes en definitiva obtuvieron estas licencias\u201d.<\/p>\n<p style=\"text-align: justify;\">A\u00f1adi\u00f3 que \u201cla persona que obtiene una licencia de manera fraudulenta pagando una cantidad de dinero para ello, comete un delito. Ese delito se llama cohecho y tambi\u00e9n est\u00e1 sancionado en la ley de tr\u00e1nsito, la obtenci\u00f3n fraudulenta de licencia de conducir. Por lo tanto, si me permite hacer la referencia, estas personas tambi\u00e9n tienen en este instante la puerta abierta, sea de la Polic\u00eda de Investigaciones o de la Fiscal\u00eda para auto denunciarse, toda vez que en alg\u00fan instante igualmente vamos a llegar a ellos.<\/p>\n<p style=\"text-align: justify;\">PLAZOS<\/p>\n<p style=\"text-align: justify;\">En relaci\u00f3n al tiempo de investigaci\u00f3n, inform\u00f3 que \u201cla investigaci\u00f3n data del mes de junio. Todos los medios de prueba que sean acreditados dan pie a sostener acciones sostenidas de comisi\u00f3n de delitos de la naturaleza ya referida durante ese tiempo, pero estos antecedentes recabados, m\u00e1s las declaraciones de testigos y asimismo todos los elementos y evidencias que se han recopilado durante la investigaci\u00f3n, dan pie a sostener que esto se estaba realizando desde antes, uno o dos a\u00f1os antes a la fecha\u201d.<\/p>\n<p style=\"text-align: justify;\">Consultado sobre la cantidad de posibles personas que obtuvieron la licencia de esta forma, dijo que \u201cpor ahora no es posible estimar un total, si de acuerdo a los antecedentes que nosotros tenemos reunidos, el n\u00famero de licencias que se otorgaban de manera fraudulenta pueden alcanzar las cuatro o cinco al mes.<\/p>\n<p style=\"text-align: justify;\">En torno al captador que iniciaba este proceso, \u201cla persona que fue considerada como captador, que para nosotros es quien ten\u00eda el dominio del hecho delictivo, en definitiva es una persona que si bien es funcionario p\u00fablico, no es un funcionario municipal. Esta persona durante gran parte del d\u00eda no estaba en sus funciones como funcionario p\u00fablico, sino que se dedicaba a estar en la esquina de calle Bilbao con Prat realizando acciones delictivas.<\/p>\n<p style=\"text-align: justify;\">MEDIDAS CAUTELARES<\/p>\n<p style=\"text-align: justify;\">\u201cRespecto a medidas cautelares, quien consideramos como l\u00edder de la organizaci\u00f3n, en este caso, qued\u00f3 con medida cautelar de prisi\u00f3n preventiva. Las otras dos personas quedaron con cautelar de arresto domiciliario total y haciendo presente que estas se encuentran colaborando con la investigaci\u00f3n. Esta es una investigaci\u00f3n que va a durar un tiempo m\u00e1s o menos prolongado, en atenci\u00f3n a que hay diversas diligencias que se est\u00e1n desarrollando y que pueden dar a otras aristas diferentes\u201d, coment\u00f3 el fiscal Contreras.<\/p>\n<p style=\"text-align: justify;\">Sobre la captaci\u00f3n de clientes, se \u201crealizaba de diferentes maneras, pero b\u00e1sicamente a trav\u00e9s de contactos personales\u201d.<\/p>\n<p style=\"text-align: justify;\">CORRUPCI\u00d3N<\/p>\n<p style=\"text-align: justify;\">\u201cHay que decir con toda seriedad y con toda propiedad que el delito de cohecho es un delito de corrupci\u00f3n. La corrupci\u00f3n es un fen\u00f3meno criminal que socava las bases mismas del Estado como bien jur\u00eddico tutelado, dentro de ese delito est\u00e1 tambi\u00e9n el principio de probidad\u201d, dijo a los medios de comunicaci\u00f3n el Fiscal Luis Contreras.<\/p>\n<p style=\"text-align: justify;\">\u201cTodo funcionario p\u00fablico debe cumplir el principio de probidad. No puede privilegiar su inter\u00e9s personal frente al inter\u00e9s general de la colectividad. Por lo tanto, una afirmaci\u00f3n de este tipo \u201cser buena gente\u201d, hacerlo porque me cae bien u otra afirmaci\u00f3n de la misma naturaleza, no corresponde analizar dentro de este tipo penal\u201d, declar\u00f3.<\/p>\n<p style=\"text-align: justify;\">\u201cRecordemos que conforme a las \u00faltimas modificaciones legales que se ha experimentado desde el a\u00f1o 99 a la fecha incluso, indica que se configura el delito ya con la simple aceptaci\u00f3n de una d\u00e1diva, de una promesa, de una contraprestaci\u00f3n. Por lo tanto, no es necesario ni siquiera recibir directamente la coima para que el delito se encuentre configurado, basta la simple aceptaci\u00f3n\u201d, argument\u00f3 el fiscal jefe de Coyhaique.<\/p>\n<p style=\"text-align: justify;\">PARTICIPACI\u00d3N DE M\u00c1S PERSONAS<\/p>\n<p style=\"text-align: justify;\">Sobre si est\u00e1 descartada la participaci\u00f3n de m\u00e1s personas, el fiscal fue tajante: \u201cNo, en absoluto, no se descarta la participaci\u00f3n de otras personas. Por eso, ya he referido anteriormente, que esta investigaci\u00f3n va a continuar. Lo que dijimos y se acredit\u00f3 judicialmente es la existencia de una organizaci\u00f3n delictiva\u201d.<\/p>\n<p style=\"text-align: justify;\">En torno a las pruebas recabadas, el abogado desliz\u00f3 que \u201chay una serie de evidencias que se han recopilado durante la investigaci\u00f3n. Estas evidencias, como usted bien puede apreciar, son algunas de car\u00e1cter material. Me refiero a dinero en efectivo y otras que son de car\u00e1cter inmaterial. Espec\u00edficamente me refiero a captaci\u00f3n de conversaciones, declaraci\u00f3n de testigos, elementos que se pudieron recopilar como pruebas documentales y otros que nos permiten aseverar la existencia de estos delitos formalizados\u201d.<\/p>\n<\/div><\/section><\/div><div  style='height:50px' class='hr hr-invisible   avia-builder-el-6  el_after_av_one_full  el_before_av_social_share '><span class='hr-inner ' ><span class='hr-inner-style'><\/span><\/span><\/div><\/p>\n<div  class='av-social-sharing-box  avia-builder-el-7  el_after_av_hr  el_before_av_hr  '><div class='av-share-box'><h5 class='av-share-link-description av-no-toc '>Compartir esta noticia<\/h5><ul class='av-share-box-list noLightbox'><li class='av-share-link av-social-link-facebook' ><a target=\"_blank\" aria-label=\"Compartir en Facebook\" href='https:\/\/www.facebook.com\/sharer.php?u=https:\/\/radiorevelacionfm.cl\/?p=62469&#038;t=No%20se%20descarta%20la%20participaci%C3%B3n%20de%20m%C3%A1s%20personas%3A%20PDI%20y%20Fiscal%C3%ADa%20desbaratan%20organizaci%C3%B3n%20delictiva%20que%20gestionaba%20licencias%20de%20conducir%20obtenidas%20il%C3%ADcitamente' aria-hidden='false' data-av_icon='\ue8f3' data-av_iconfont='entypo-fontello' title='' data-avia-related-tooltip='Compartir en Facebook' rel=\"noopener\"><span class='avia_hidden_link_text'>Compartir en Facebook<\/span><\/a><\/li><li class='av-share-link av-social-link-twitter' ><a target=\"_blank\" aria-label=\"Compartir en Twitter\" href='https:\/\/twitter.com\/share?text=No%20se%20descarta%20la%20participaci%C3%B3n%20de%20m%C3%A1s%20personas%3A%20PDI%20y%20Fiscal%C3%ADa%20desbaratan%20organizaci%C3%B3n%20delictiva%20que%20gestionaba%20licencias%20de%20conducir%20obtenidas%20il%C3%ADcitamente&#038;url=https:\/\/radiorevelacionfm.cl\/?p=62469' aria-hidden='false' data-av_icon='\ue8f1' data-av_iconfont='entypo-fontello' title='' data-avia-related-tooltip='Compartir en Twitter' rel=\"noopener\"><span class='avia_hidden_link_text'>Compartir en Twitter<\/span><\/a><\/li><li class='av-share-link av-social-link-whatsapp' ><a target=\"_blank\" aria-label=\"Compartir en Whatsapp\" href='https:\/\/api.whatsapp.com\/send?text=https:\/\/radiorevelacionfm.cl\/?p=62469' aria-hidden='false' data-av_icon='\uf232' data-av_iconfont='entypo-fontello' title='' data-avia-related-tooltip='Compartir en Whatsapp' rel=\"noopener\"><span class='avia_hidden_link_text'>Compartir en Whatsapp<\/span><\/a><\/li><li class='av-share-link av-social-link-linkedin' ><a target=\"_blank\" aria-label=\"Compartir en LinkedIn\" href='https:\/\/linkedin.com\/shareArticle?mini=true&#038;title=No%20se%20descarta%20la%20participaci%C3%B3n%20de%20m%C3%A1s%20personas%3A%20PDI%20y%20Fiscal%C3%ADa%20desbaratan%20organizaci%C3%B3n%20delictiva%20que%20gestionaba%20licencias%20de%20conducir%20obtenidas%20il%C3%ADcitamente&#038;url=https:\/\/radiorevelacionfm.cl\/?p=62469' aria-hidden='false' data-av_icon='\ue8fc' data-av_iconfont='entypo-fontello' title='' data-avia-related-tooltip='Compartir en LinkedIn' rel=\"noopener\"><span class='avia_hidden_link_text'>Compartir en LinkedIn<\/span><\/a><\/li><li class='av-share-link av-social-link-mail' ><a  aria-label=\"Compartir por correo\" href='mailto:?subject=No%20se%20descarta%20la%20participaci%C3%B3n%20de%20m%C3%A1s%20personas%3A%20PDI%20y%20Fiscal%C3%ADa%20desbaratan%20organizaci%C3%B3n%20delictiva%20que%20gestionaba%20licencias%20de%20conducir%20obtenidas%20il%C3%ADcitamente&#038;body=https:\/\/radiorevelacionfm.cl\/?p=62469' aria-hidden='false' data-av_icon='\ue805' data-av_iconfont='entypo-fontello' title='' data-avia-related-tooltip='Compartir por correo'><span class='avia_hidden_link_text'>Compartir por correo<\/span><\/a><\/li><\/ul><\/div><\/div>\n<div  style='height:50px' class='hr hr-invisible   avia-builder-el-8  el_after_av_social_share  el_before_av_comments_list '><span class='hr-inner ' ><span class='hr-inner-style'><\/span><\/span><\/div>\n<div  class='av-buildercomment  av-blog-meta-html-info-disabled av-blog-meta-tag-disabled  '><\/div>\n","protected":false},"excerpt":{"rendered":"","protected":false},"author":1,"featured_media":62470,"comment_status":"closed","ping_status":"closed","sticky":false,"template":"","format":"standard","meta":{"footnotes":""},"categories":[36],"tags":[],"class_list":["post-62469","post","type-post","status-publish","format-standard","has-post-thumbnail","hentry","category-policial"],"jetpack_featured_media_url":"https:\/\/radiorevelacionfm.cl\/wp-content\/uploads\/2025\/12\/img_8651-1_optimized-1.jpg","_links":{"self":[{"href":"https:\/\/radiorevelacionfm.cl\/index.php?rest_route=\/wp\/v2\/posts\/62469","targetHints":{"allow":["GET"]}}],"collection":[{"href":"https:\/\/radiorevelacionfm.cl\/index.php?rest_route=\/wp\/v2\/posts"}],"about":[{"href":"https:\/\/radiorevelacionfm.cl\/index.php?rest_route=\/wp\/v2\/types\/post"}],"author":[{"embeddable":true,"href":"https:\/\/radiorevelacionfm.cl\/index.php?rest_route=\/wp\/v2\/users\/1"}],"replies":[{"embeddable":true,"href":"https:\/\/radiorevelacionfm.cl\/index.php?rest_route=%2Fwp%2Fv2%2Fcomments&post=62469"}],"version-history":[{"count":2,"href":"https:\/\/radiorevelacionfm.cl\/index.php?rest_route=\/wp\/v2\/posts\/62469\/revisions"}],"predecessor-version":[{"id":62472,"href":"https:\/\/radiorevelacionfm.cl\/index.php?rest_route=\/wp\/v2\/posts\/62469\/revisions\/62472"}],"wp:featuredmedia":[{"embeddable":true,"href":"https:\/\/radiorevelacionfm.cl\/index.php?rest_route=\/wp\/v2\/media\/62470"}],"wp:attachment":[{"href":"https:\/\/radiorevelacionfm.cl\/index.php?rest_route=%2Fwp%2Fv2%2Fmedia&parent=62469"}],"wp:term":[{"taxonomy":"category","embeddable":true,"href":"https:\/\/radiorevelacionfm.cl\/index.php?rest_route=%2Fwp%2Fv2%2Fcategories&post=62469"},{"taxonomy":"post_tag","embeddable":true,"href":"https:\/\/radiorevelacionfm.cl\/index.php?rest_route=%2Fwp%2Fv2%2Ftags&post=62469"}],"curies":[{"name":"wp","href":"https:\/\/api.w.org\/{rel}","templated":true}]}}