{"id":62465,"date":"2025-12-13T18:19:37","date_gmt":"2025-12-13T21:19:37","guid":{"rendered":"https:\/\/radiorevelacionfm.cl\/?p=62465"},"modified":"2025-12-13T18:19:37","modified_gmt":"2025-12-13T21:19:37","slug":"dejan-en-prision-preventiva-a-funcionario-publico-por-cohecho-y-lavado-de-activos","status":"publish","type":"post","link":"https:\/\/radiorevelacionfm.cl\/?p=62465","title":{"rendered":"Dejan en prisi\u00f3n preventiva a funcionario p\u00fablico por cohecho y lavado de activos"},"content":{"rendered":"<div class=\"flex_column av_one_full  flex_column_div av-zero-column-padding first  avia-builder-el-0  el_before_av_one_full  avia-builder-el-first  \" style='border-radius:0px; '><div  class='avia-image-container  av-styling-    avia-builder-el-1  avia-builder-el-no-sibling  avia-align-center '  itemprop=\"image\" itemscope=\"itemscope\" itemtype=\"https:\/\/schema.org\/ImageObject\"  ><div class='avia-image-container-inner'><div class='avia-image-overlay-wrap'><img decoding=\"async\" class='wp-image-62466 avia-img-lazy-loading-not-62466 avia_image' src=\"https:\/\/radiorevelacionfm.cl\/wp-content\/uploads\/2025\/12\/foto-audiencia-1-1_optimized-1.jpeg\" alt='' title='foto-audiencia-(1)-(1)_optimized (1)' height=\"600\" width=\"1063\"  itemprop=\"thumbnailUrl\" srcset=\"https:\/\/radiorevelacionfm.cl\/wp-content\/uploads\/2025\/12\/foto-audiencia-1-1_optimized-1.jpeg 1063w, https:\/\/radiorevelacionfm.cl\/wp-content\/uploads\/2025\/12\/foto-audiencia-1-1_optimized-1-300x169.jpeg 300w, https:\/\/radiorevelacionfm.cl\/wp-content\/uploads\/2025\/12\/foto-audiencia-1-1_optimized-1-1030x581.jpeg 1030w, https:\/\/radiorevelacionfm.cl\/wp-content\/uploads\/2025\/12\/foto-audiencia-1-1_optimized-1-768x433.jpeg 768w, https:\/\/radiorevelacionfm.cl\/wp-content\/uploads\/2025\/12\/foto-audiencia-1-1_optimized-1-705x398.jpeg 705w, https:\/\/radiorevelacionfm.cl\/wp-content\/uploads\/2025\/12\/foto-audiencia-1-1_optimized-1-450x254.jpeg 450w, https:\/\/radiorevelacionfm.cl\/wp-content\/uploads\/2025\/12\/foto-audiencia-1-1_optimized-1-600x339.jpeg 600w\" sizes=\"(max-width: 1063px) 100vw, 1063px\" \/><\/div><\/div><\/div><\/div><div class=\"flex_column av_one_full  flex_column_div av-zero-column-padding first  avia-builder-el-2  el_after_av_one_full  el_before_av_one_full  column-top-margin\" style='border-radius:0px; '><section class=\"av_textblock_section \"  itemscope=\"itemscope\" itemtype=\"https:\/\/schema.org\/BlogPosting\" itemprop=\"blogPost\" ><div class='avia_textblock  '   itemprop=\"text\" ><p style=\"text-align: center;\"><strong><span style=\"font-size: 18pt;\">Dejan en prisi\u00f3n preventiva a funcionario p\u00fablico por cohecho y lavado de activos<\/span><\/strong><\/p>\n<div id=\"gtx-trans\" style=\"position: absolute; left: -50px; top: 4.31534px;\">\n<div class=\"gtx-trans-icon\"><\/div>\n<\/div>\n<\/div><\/section><\/div><div class=\"flex_column av_one_full  flex_column_div av-zero-column-padding first  avia-builder-el-4  el_after_av_one_full  el_before_av_hr  column-top-margin\" style='border-radius:0px; '><section class=\"av_textblock_section \"  itemscope=\"itemscope\" itemtype=\"https:\/\/schema.org\/BlogPosting\" itemprop=\"blogPost\" ><div class='avia_textblock  '   itemprop=\"text\" ><p style=\"font-weight: 400; text-align: justify;\">El Juzgado de Garant\u00eda de Coyhaique dej\u00f3 hoy \u2013s\u00e1bado 13 de diciembre\u2013 sujeto a la medida cautelar de prisi\u00f3n preventiva a E.G.S.S., funcionario p\u00fablico, imputado por el Ministerio P\u00fablico como autor de delitos reiterados de cohecho y lavado de activos.<\/p>\n<p style=\"font-weight: 400; text-align: justify;\">En la audiencia de formalizaci\u00f3n (causa rol 1696-2025), la magistrada Fabiola Mu\u00f1oz Fierro orden\u00f3 el ingreso de E.G.S.S. al Centro de Cumplimiento Penitenciario de Coyhaique, al considerar que la libertad del imputado constituye un peligro para la seguridad de la sociedad. Adem\u00e1s, fij\u00f3 en 120 d\u00edas el plazo de investigaci\u00f3n,<\/p>\n<p style=\"font-weight: 400; text-align: justify;\">En tanto, a petici\u00f3n de la fiscal\u00eda, los funcionarios del Departamento de Tr\u00e1nsito de la Municipalidad de Coyhaique, a L.R.M.A. y J.C.V.S., imputados por delitos reiterados de cohecho, quedaron con arresto domiciliario total.<\/p>\n<p style=\"font-weight: 400; text-align: justify;\">Seg\u00fan el ente persecutor, en junio pasado se inici\u00f3 una investigaci\u00f3n por la posible entrega de licencias de conducir de manera irregular en la Municipalidad de Coyhaique. Indagatoria que permiti\u00f3 identificar al funcionario del Servicio de Salud E.G.S.S., quien coordinaba y contactaba a interesados en la obtenci\u00f3n expedita de licencias de conducir a cambio de pagos que fluctuaban entre $250.000 y $350.000, sin cumplir con los ex\u00e1menes te\u00f3ricos y pr\u00e1cticos exigidos por la normativa vigente.<\/p>\n<p style=\"font-weight: 400; text-align: justify;\">Luego, E.G.S.S. contactaba a los coimputados a J.C.V.S. y L.R.M.A. quienes, como funcionarios del Departamento de Tr\u00e1nsito, proced\u00edan a facilitar u omitir evaluaciones obligatorias, asegurando la entrega de licencias en plazos inferiores a los establecidos legalmente. Gestiones irregulares que beneficiaron a m\u00faltiples \u201cpostulantes\u201d, incluyendo la obtenci\u00f3n de licencias profesionales en solo un d\u00eda.<\/p>\n<p style=\"font-weight: 400; text-align: justify;\">Con el beneficio obtenido, E.G.S.S. adquiri\u00f3, a trav\u00e9s de terceros, una parcela y una camioneta y fueron incautados alrededor de $7.000.000 en dinero en efectivo.<\/p>\n<\/div><\/section><\/div><div  style='height:50px' class='hr hr-invisible   avia-builder-el-6  el_after_av_one_full  el_before_av_social_share '><span class='hr-inner ' ><span class='hr-inner-style'><\/span><\/span><\/div><\/p>\n<div  class='av-social-sharing-box  avia-builder-el-7  el_after_av_hr  el_before_av_hr  '><div class='av-share-box'><h5 class='av-share-link-description av-no-toc '>Compartir esta noticia<\/h5><ul class='av-share-box-list noLightbox'><li class='av-share-link av-social-link-facebook' ><a target=\"_blank\" aria-label=\"Compartir en Facebook\" href='https:\/\/www.facebook.com\/sharer.php?u=https:\/\/radiorevelacionfm.cl\/?p=62465&#038;t=Dejan%20en%20prisi%C3%B3n%20preventiva%20a%20funcionario%20p%C3%BAblico%20por%20cohecho%20y%20lavado%20de%20activos' aria-hidden='false' data-av_icon='\ue8f3' data-av_iconfont='entypo-fontello' title='' data-avia-related-tooltip='Compartir en Facebook' rel=\"noopener\"><span class='avia_hidden_link_text'>Compartir en Facebook<\/span><\/a><\/li><li class='av-share-link av-social-link-twitter' ><a target=\"_blank\" aria-label=\"Compartir en Twitter\" href='https:\/\/twitter.com\/share?text=Dejan%20en%20prisi%C3%B3n%20preventiva%20a%20funcionario%20p%C3%BAblico%20por%20cohecho%20y%20lavado%20de%20activos&#038;url=https:\/\/radiorevelacionfm.cl\/?p=62465' aria-hidden='false' data-av_icon='\ue8f1' data-av_iconfont='entypo-fontello' title='' data-avia-related-tooltip='Compartir en Twitter' rel=\"noopener\"><span class='avia_hidden_link_text'>Compartir en Twitter<\/span><\/a><\/li><li class='av-share-link av-social-link-whatsapp' ><a target=\"_blank\" aria-label=\"Compartir en Whatsapp\" href='https:\/\/api.whatsapp.com\/send?text=https:\/\/radiorevelacionfm.cl\/?p=62465' aria-hidden='false' data-av_icon='\uf232' data-av_iconfont='entypo-fontello' title='' data-avia-related-tooltip='Compartir en Whatsapp' rel=\"noopener\"><span class='avia_hidden_link_text'>Compartir en Whatsapp<\/span><\/a><\/li><li class='av-share-link av-social-link-linkedin' ><a target=\"_blank\" aria-label=\"Compartir en LinkedIn\" href='https:\/\/linkedin.com\/shareArticle?mini=true&#038;title=Dejan%20en%20prisi%C3%B3n%20preventiva%20a%20funcionario%20p%C3%BAblico%20por%20cohecho%20y%20lavado%20de%20activos&#038;url=https:\/\/radiorevelacionfm.cl\/?p=62465' aria-hidden='false' data-av_icon='\ue8fc' data-av_iconfont='entypo-fontello' title='' data-avia-related-tooltip='Compartir en LinkedIn' rel=\"noopener\"><span class='avia_hidden_link_text'>Compartir en LinkedIn<\/span><\/a><\/li><li class='av-share-link av-social-link-mail' ><a  aria-label=\"Compartir por correo\" href='mailto:?subject=Dejan%20en%20prisi%C3%B3n%20preventiva%20a%20funcionario%20p%C3%BAblico%20por%20cohecho%20y%20lavado%20de%20activos&#038;body=https:\/\/radiorevelacionfm.cl\/?p=62465' aria-hidden='false' data-av_icon='\ue805' data-av_iconfont='entypo-fontello' title='' data-avia-related-tooltip='Compartir por correo'><span class='avia_hidden_link_text'>Compartir por correo<\/span><\/a><\/li><\/ul><\/div><\/div>\n<div  style='height:50px' class='hr hr-invisible   avia-builder-el-8  el_after_av_social_share  el_before_av_comments_list '><span class='hr-inner ' ><span class='hr-inner-style'><\/span><\/span><\/div>\n<div  class='av-buildercomment  av-blog-meta-html-info-disabled av-blog-meta-tag-disabled  '><\/div>\n","protected":false},"excerpt":{"rendered":"","protected":false},"author":1,"featured_media":62466,"comment_status":"closed","ping_status":"closed","sticky":false,"template":"","format":"standard","meta":{"footnotes":""},"categories":[55],"tags":[],"class_list":["post-62465","post","type-post","status-publish","format-standard","has-post-thumbnail","hentry","category-justicia"],"jetpack_featured_media_url":"https:\/\/radiorevelacionfm.cl\/wp-content\/uploads\/2025\/12\/foto-audiencia-1-1_optimized-1.jpeg","_links":{"self":[{"href":"https:\/\/radiorevelacionfm.cl\/index.php?rest_route=\/wp\/v2\/posts\/62465","targetHints":{"allow":["GET"]}}],"collection":[{"href":"https:\/\/radiorevelacionfm.cl\/index.php?rest_route=\/wp\/v2\/posts"}],"about":[{"href":"https:\/\/radiorevelacionfm.cl\/index.php?rest_route=\/wp\/v2\/types\/post"}],"author":[{"embeddable":true,"href":"https:\/\/radiorevelacionfm.cl\/index.php?rest_route=\/wp\/v2\/users\/1"}],"replies":[{"embeddable":true,"href":"https:\/\/radiorevelacionfm.cl\/index.php?rest_route=%2Fwp%2Fv2%2Fcomments&post=62465"}],"version-history":[{"count":2,"href":"https:\/\/radiorevelacionfm.cl\/index.php?rest_route=\/wp\/v2\/posts\/62465\/revisions"}],"predecessor-version":[{"id":62468,"href":"https:\/\/radiorevelacionfm.cl\/index.php?rest_route=\/wp\/v2\/posts\/62465\/revisions\/62468"}],"wp:featuredmedia":[{"embeddable":true,"href":"https:\/\/radiorevelacionfm.cl\/index.php?rest_route=\/wp\/v2\/media\/62466"}],"wp:attachment":[{"href":"https:\/\/radiorevelacionfm.cl\/index.php?rest_route=%2Fwp%2Fv2%2Fmedia&parent=62465"}],"wp:term":[{"taxonomy":"category","embeddable":true,"href":"https:\/\/radiorevelacionfm.cl\/index.php?rest_route=%2Fwp%2Fv2%2Fcategories&post=62465"},{"taxonomy":"post_tag","embeddable":true,"href":"https:\/\/radiorevelacionfm.cl\/index.php?rest_route=%2Fwp%2Fv2%2Ftags&post=62465"}],"curies":[{"name":"wp","href":"https:\/\/api.w.org\/{rel}","templated":true}]}}