{"id":62460,"date":"2025-12-13T16:26:47","date_gmt":"2025-12-13T19:26:47","guid":{"rendered":"https:\/\/radiorevelacionfm.cl\/?p=62460"},"modified":"2025-12-13T16:26:47","modified_gmt":"2025-12-13T19:26:47","slug":"sandoval-destaca-historico-avance-de-proyecto-de-ley-sobre-envejecimiento-positivo-tras-definicion-de-la-comision-mixta","status":"publish","type":"post","link":"https:\/\/radiorevelacionfm.cl\/?p=62460","title":{"rendered":"Sandoval destaca hist\u00f3rico avance de proyecto de ley sobre Envejecimiento Positivo tras definici\u00f3n de la Comisi\u00f3n Mixta"},"content":{"rendered":"<div class=\"flex_column av_one_full  flex_column_div av-zero-column-padding first  avia-builder-el-0  el_before_av_one_full  avia-builder-el-first  \" style='border-radius:0px; '><div  class='avia-image-container  av-styling-    avia-builder-el-1  avia-builder-el-no-sibling  avia-align-center '  itemprop=\"image\" itemscope=\"itemscope\" itemtype=\"https:\/\/schema.org\/ImageObject\"  ><div class='avia-image-container-inner'><div class='avia-image-overlay-wrap'><img decoding=\"async\" class='wp-image-56153 avia-img-lazy-loading-not-56153 avia_image' src=\"https:\/\/radiorevelacionfm.cl\/wp-content\/uploads\/2025\/07\/senador-sandoval-04.07.2025-1-1.jpg\" alt='' title='senador sandoval 04.07.2025 (1) (1)' height=\"630\" width=\"806\"  itemprop=\"thumbnailUrl\" srcset=\"https:\/\/radiorevelacionfm.cl\/wp-content\/uploads\/2025\/07\/senador-sandoval-04.07.2025-1-1.jpg 806w, https:\/\/radiorevelacionfm.cl\/wp-content\/uploads\/2025\/07\/senador-sandoval-04.07.2025-1-1-300x234.jpg 300w, https:\/\/radiorevelacionfm.cl\/wp-content\/uploads\/2025\/07\/senador-sandoval-04.07.2025-1-1-768x600.jpg 768w, https:\/\/radiorevelacionfm.cl\/wp-content\/uploads\/2025\/07\/senador-sandoval-04.07.2025-1-1-705x551.jpg 705w, https:\/\/radiorevelacionfm.cl\/wp-content\/uploads\/2025\/07\/senador-sandoval-04.07.2025-1-1-450x352.jpg 450w, https:\/\/radiorevelacionfm.cl\/wp-content\/uploads\/2025\/07\/senador-sandoval-04.07.2025-1-1-600x469.jpg 600w\" sizes=\"(max-width: 806px) 100vw, 806px\" \/><\/div><\/div><\/div><\/div><div class=\"flex_column av_one_full  flex_column_div av-zero-column-padding first  avia-builder-el-2  el_after_av_one_full  el_before_av_one_full  column-top-margin\" style='border-radius:0px; '><section class=\"av_textblock_section \"  itemscope=\"itemscope\" itemtype=\"https:\/\/schema.org\/BlogPosting\" itemprop=\"blogPost\" ><div class='avia_textblock  '   itemprop=\"text\" ><p style=\"text-align: center;\"><strong><span style=\"font-size: 18pt;\">Sandoval destaca hist\u00f3rico avance de proyecto de ley sobre Envejecimiento Positivo tras definici\u00f3n de la Comisi\u00f3n Mixta<\/span><\/strong><\/p>\n<div id=\"gtx-trans\" style=\"position: absolute; left: -50px; top: 4.31534px;\">\n<div class=\"gtx-trans-icon\"><\/div>\n<\/div>\n<\/div><\/section><\/div><div class=\"flex_column av_one_full  flex_column_div av-zero-column-padding first  avia-builder-el-4  el_after_av_one_full  el_before_av_hr  column-top-margin\" style='border-radius:0px; '><section class=\"av_textblock_section \"  itemscope=\"itemscope\" itemtype=\"https:\/\/schema.org\/BlogPosting\" itemprop=\"blogPost\" ><div class='avia_textblock  '   itemprop=\"text\" ><p style=\"text-align: justify;\"><em>Iniciativa ahora deber\u00e1 ser votar en las salas de ambas c\u00e1maras del Congreso, siendo el \u00faltimo paso antes de convertirse en ley.<\/em><\/p>\n<p style=\"text-align: justify;\">El senador David Sandoval valor\u00f3 el importante paso dado esta semana por la Comisi\u00f3n Mixta sobre Envejecimiento Positivo, instancia que finaliz\u00f3 la tramitaci\u00f3n de los dos \u00faltimos puntos pendientes del proyecto de ley, despachando la iniciativa a ambas c\u00e1maras para su votaci\u00f3n.<\/p>\n<p style=\"text-align: justify;\">\u201cEste avance representa una potente respuesta para las personas mayores de nuestro pa\u00eds\u201d, se\u00f1al\u00f3 el parlamentario, destacando que la iniciativa permitir\u00e1 contar con una nueva institucionalidad, que define con claridad deberes del Estado y derechos para las personas mayores, consagra una Pol\u00edtica Nacional de Envejecimiento y transforma profundamente el rol que actualmente cumple el Senama.<\/p>\n<p style=\"text-align: justify;\">Sandoval record\u00f3 que Chile est\u00e1 viviendo un proceso acelerado de envejecimiento de su poblaci\u00f3n lo que hace a\u00fan m\u00e1s necesario avanzar en normas de este tipo: \u201cEs una realidad de la que debemos hacernos cargo. Esta ley, que ha tomado pr\u00e1cticamente siete a\u00f1os de tramitaci\u00f3n, nos pone a la vanguardia en el reconocimiento de derechos y en la definici\u00f3n de una pol\u00edtica integral que no dependa de la voluntad de un gobierno de turno, sino que se establezca como una obligaci\u00f3n del Estado\u201d, se\u00f1al\u00f3.<\/p>\n<p style=\"text-align: justify;\">Adem\u00e1s destac\u00f3 que la definici\u00f3n de la comisi\u00f3n mixta permiti\u00f3 resolver de forma categ\u00f3rica los temas que estaban pendientes, lo que deja al proyecto listo para su pr\u00f3ximo paso: su votaci\u00f3n en las salas de la C\u00e1mara de Diputados y del Senado. \u201cEntiendo que el Gobierno pondr\u00e1 urgencia para que la iniciativa se transforme en ley a la brevedad posible, lo que permitir\u00e1 entregar una respuesta concreta al pa\u00eds\u201d, a\u00f1adi\u00f3.<\/p>\n<p style=\"text-align: justify;\">Finalmente, Sandoval expres\u00f3 su agradecimiento a las numerosas instituciones \u2014de diversa naturaleza y presentes en todo Chile y por cierto en la regi\u00f3n de Ays\u00e9n \u2014 que participaron activamente en el largo proceso de construcci\u00f3n de esta normativa. \u201cGracias a las cientos de organizaciones que hicieron posible llegar a este punto. No me cabe duda de que esta ley ser\u00e1 una realidad muy pronto\u201d, concluy\u00f3.<\/p>\n<\/div><\/section><\/div><div  style='height:50px' class='hr hr-invisible   avia-builder-el-6  el_after_av_one_full  el_before_av_social_share '><span class='hr-inner ' ><span class='hr-inner-style'><\/span><\/span><\/div><\/p>\n<div  class='av-social-sharing-box  avia-builder-el-7  el_after_av_hr  el_before_av_hr  '><div class='av-share-box'><h5 class='av-share-link-description av-no-toc '>Compartir esta noticia<\/h5><ul class='av-share-box-list noLightbox'><li class='av-share-link av-social-link-facebook' ><a target=\"_blank\" aria-label=\"Compartir en Facebook\" href='https:\/\/www.facebook.com\/sharer.php?u=https:\/\/radiorevelacionfm.cl\/?p=62460&#038;t=Sandoval%20destaca%20hist%C3%B3rico%20avance%20de%20proyecto%20de%20ley%20sobre%20Envejecimiento%20Positivo%20tras%20definici%C3%B3n%20de%20la%20Comisi%C3%B3n%20Mixta' aria-hidden='false' data-av_icon='\ue8f3' data-av_iconfont='entypo-fontello' title='' data-avia-related-tooltip='Compartir en Facebook' rel=\"noopener\"><span class='avia_hidden_link_text'>Compartir en Facebook<\/span><\/a><\/li><li class='av-share-link av-social-link-twitter' ><a target=\"_blank\" aria-label=\"Compartir en Twitter\" href='https:\/\/twitter.com\/share?text=Sandoval%20destaca%20hist%C3%B3rico%20avance%20de%20proyecto%20de%20ley%20sobre%20Envejecimiento%20Positivo%20tras%20definici%C3%B3n%20de%20la%20Comisi%C3%B3n%20Mixta&#038;url=https:\/\/radiorevelacionfm.cl\/?p=62460' aria-hidden='false' data-av_icon='\ue8f1' data-av_iconfont='entypo-fontello' title='' data-avia-related-tooltip='Compartir en Twitter' rel=\"noopener\"><span class='avia_hidden_link_text'>Compartir en Twitter<\/span><\/a><\/li><li class='av-share-link av-social-link-whatsapp' ><a target=\"_blank\" aria-label=\"Compartir en Whatsapp\" href='https:\/\/api.whatsapp.com\/send?text=https:\/\/radiorevelacionfm.cl\/?p=62460' aria-hidden='false' data-av_icon='\uf232' data-av_iconfont='entypo-fontello' title='' data-avia-related-tooltip='Compartir en Whatsapp' rel=\"noopener\"><span class='avia_hidden_link_text'>Compartir en Whatsapp<\/span><\/a><\/li><li class='av-share-link av-social-link-linkedin' ><a target=\"_blank\" aria-label=\"Compartir en LinkedIn\" href='https:\/\/linkedin.com\/shareArticle?mini=true&#038;title=Sandoval%20destaca%20hist%C3%B3rico%20avance%20de%20proyecto%20de%20ley%20sobre%20Envejecimiento%20Positivo%20tras%20definici%C3%B3n%20de%20la%20Comisi%C3%B3n%20Mixta&#038;url=https:\/\/radiorevelacionfm.cl\/?p=62460' aria-hidden='false' data-av_icon='\ue8fc' data-av_iconfont='entypo-fontello' title='' data-avia-related-tooltip='Compartir en LinkedIn' rel=\"noopener\"><span class='avia_hidden_link_text'>Compartir en LinkedIn<\/span><\/a><\/li><li class='av-share-link av-social-link-mail' ><a  aria-label=\"Compartir por correo\" href='mailto:?subject=Sandoval%20destaca%20hist%C3%B3rico%20avance%20de%20proyecto%20de%20ley%20sobre%20Envejecimiento%20Positivo%20tras%20definici%C3%B3n%20de%20la%20Comisi%C3%B3n%20Mixta&#038;body=https:\/\/radiorevelacionfm.cl\/?p=62460' aria-hidden='false' data-av_icon='\ue805' data-av_iconfont='entypo-fontello' title='' data-avia-related-tooltip='Compartir por correo'><span class='avia_hidden_link_text'>Compartir por correo<\/span><\/a><\/li><\/ul><\/div><\/div>\n<div  style='height:50px' class='hr hr-invisible   avia-builder-el-8  el_after_av_social_share  el_before_av_comments_list '><span class='hr-inner ' ><span class='hr-inner-style'><\/span><\/span><\/div>\n<div  class='av-buildercomment  av-blog-meta-html-info-disabled av-blog-meta-tag-disabled  '><\/div>\n","protected":false},"excerpt":{"rendered":"","protected":false},"author":1,"featured_media":56153,"comment_status":"closed","ping_status":"closed","sticky":false,"template":"","format":"standard","meta":{"footnotes":""},"categories":[35],"tags":[],"class_list":["post-62460","post","type-post","status-publish","format-standard","has-post-thumbnail","hentry","category-politica"],"jetpack_featured_media_url":"https:\/\/radiorevelacionfm.cl\/wp-content\/uploads\/2025\/07\/senador-sandoval-04.07.2025-1-1.jpg","_links":{"self":[{"href":"https:\/\/radiorevelacionfm.cl\/index.php?rest_route=\/wp\/v2\/posts\/62460","targetHints":{"allow":["GET"]}}],"collection":[{"href":"https:\/\/radiorevelacionfm.cl\/index.php?rest_route=\/wp\/v2\/posts"}],"about":[{"href":"https:\/\/radiorevelacionfm.cl\/index.php?rest_route=\/wp\/v2\/types\/post"}],"author":[{"embeddable":true,"href":"https:\/\/radiorevelacionfm.cl\/index.php?rest_route=\/wp\/v2\/users\/1"}],"replies":[{"embeddable":true,"href":"https:\/\/radiorevelacionfm.cl\/index.php?rest_route=%2Fwp%2Fv2%2Fcomments&post=62460"}],"version-history":[{"count":2,"href":"https:\/\/radiorevelacionfm.cl\/index.php?rest_route=\/wp\/v2\/posts\/62460\/revisions"}],"predecessor-version":[{"id":62464,"href":"https:\/\/radiorevelacionfm.cl\/index.php?rest_route=\/wp\/v2\/posts\/62460\/revisions\/62464"}],"wp:featuredmedia":[{"embeddable":true,"href":"https:\/\/radiorevelacionfm.cl\/index.php?rest_route=\/wp\/v2\/media\/56153"}],"wp:attachment":[{"href":"https:\/\/radiorevelacionfm.cl\/index.php?rest_route=%2Fwp%2Fv2%2Fmedia&parent=62460"}],"wp:term":[{"taxonomy":"category","embeddable":true,"href":"https:\/\/radiorevelacionfm.cl\/index.php?rest_route=%2Fwp%2Fv2%2Fcategories&post=62460"},{"taxonomy":"post_tag","embeddable":true,"href":"https:\/\/radiorevelacionfm.cl\/index.php?rest_route=%2Fwp%2Fv2%2Ftags&post=62460"}],"curies":[{"name":"wp","href":"https:\/\/api.w.org\/{rel}","templated":true}]}}