{"id":6246,"date":"2021-07-14T11:03:22","date_gmt":"2021-07-14T14:03:22","guid":{"rendered":"https:\/\/radiorevelacionfm.cl\/?p=6246"},"modified":"2021-07-14T11:03:22","modified_gmt":"2021-07-14T14:03:22","slug":"alcalde-uribe-recibe-saludo-protocolar-de-senadora-ordenes-para-proyectar-trabajo-colaborativo-por-la-comuna-de-aysen","status":"publish","type":"post","link":"https:\/\/radiorevelacionfm.cl\/?p=6246","title":{"rendered":"Alcalde Uribe recibe saludo protocolar de senadora \u00d3rdenes para proyectar trabajo colaborativo por la comuna de Ays\u00e9n"},"content":{"rendered":"<div class=\"flex_column av_one_full  flex_column_div av-zero-column-padding first  avia-builder-el-0  el_before_av_one_full  avia-builder-el-first  \" style='border-radius:0px; '><div  class='avia-image-container  av-styling-    avia-builder-el-1  avia-builder-el-no-sibling  avia-align-center '  itemprop=\"image\" itemscope=\"itemscope\" itemtype=\"https:\/\/schema.org\/ImageObject\"  ><div class='avia-image-container-inner'><div class='avia-image-overlay-wrap'><img decoding=\"async\" class='wp-image-6247 avia-img-lazy-loading-not-6247 avia_image' src=\"https:\/\/radiorevelacionfm.cl\/wp-content\/uploads\/2021\/07\/IMG-SenadoraMuniAysen3-1-1.jpg\" alt='' title='IMG-SenadoraMuniAysen3 (1) (1)' height=\"600\" width=\"900\"  itemprop=\"thumbnailUrl\" srcset=\"https:\/\/radiorevelacionfm.cl\/wp-content\/uploads\/2021\/07\/IMG-SenadoraMuniAysen3-1-1.jpg 900w, https:\/\/radiorevelacionfm.cl\/wp-content\/uploads\/2021\/07\/IMG-SenadoraMuniAysen3-1-1-300x200.jpg 300w, https:\/\/radiorevelacionfm.cl\/wp-content\/uploads\/2021\/07\/IMG-SenadoraMuniAysen3-1-1-768x512.jpg 768w, https:\/\/radiorevelacionfm.cl\/wp-content\/uploads\/2021\/07\/IMG-SenadoraMuniAysen3-1-1-705x470.jpg 705w, https:\/\/radiorevelacionfm.cl\/wp-content\/uploads\/2021\/07\/IMG-SenadoraMuniAysen3-1-1-600x400.jpg 600w\" sizes=\"(max-width: 900px) 100vw, 900px\" \/><\/div><\/div><\/div><\/div><div class=\"flex_column av_one_full  flex_column_div av-zero-column-padding first  avia-builder-el-2  el_after_av_one_full  el_before_av_one_full  column-top-margin\" style='border-radius:0px; '><section class=\"av_textblock_section \"  itemscope=\"itemscope\" itemtype=\"https:\/\/schema.org\/BlogPosting\" itemprop=\"blogPost\" ><div class='avia_textblock  '   itemprop=\"text\" ><p style=\"text-align: center;\"><strong><span style=\"font-size: 18pt;\">Alcalde Uribe recibe saludo protocolar de senadora \u00d3rdenes para proyectar trabajo colaborativo por la comuna de Ays\u00e9n<\/span><\/strong><\/p>\n<div id=\"gtx-trans\" style=\"position: absolute; left: -50px; top: 4.31534px;\">\n<div class=\"gtx-trans-icon\"><\/div>\n<\/div>\n<\/div><\/section><\/div><div class=\"flex_column av_one_full  flex_column_div av-zero-column-padding first  avia-builder-el-4  el_after_av_one_full  el_before_av_hr  column-top-margin\" style='border-radius:0px; '><section class=\"av_textblock_section \"  itemscope=\"itemscope\" itemtype=\"https:\/\/schema.org\/BlogPosting\" itemprop=\"blogPost\" ><div class='avia_textblock  '   itemprop=\"text\" ><p style=\"text-align: justify;\">Hasta la Casa Edilicia de Ays\u00e9n lleg\u00f3 la senadora por la circunscripci\u00f3n 14, Ximena \u00d3rdenes Neira para saludar al recientemente asumido alcalde de la comuna porte\u00f1a, Julio Uribe Alvarado. En la instancia, la parlamentaria abord\u00f3 con el nuevo Edil las diversas materias legislativas en las que se encuentra trabajando y entre ambas autoridades adem\u00e1s, comentaron las distintas situaciones que afectan a los vecinos y vecinas en todas las localidades.<\/p>\n<p style=\"text-align: justify;\">En este sentido, la primera autoridad comunal de Ays\u00e9n destac\u00f3 que con la senadora llevan un trabajo de varios a\u00f1os, esto considerando los cargos de representaci\u00f3n p\u00fablica que ha tenido en la regi\u00f3n. Con ello, adem\u00e1s, relev\u00f3 alcances para la soluci\u00f3n de problemas que en diversas oportunidades no pueden ser atendidos en los organismos descentralizados de los ministerios, pero que s\u00ed pueden tener una alternativa a nivel central a trav\u00e9s de su intermediaci\u00f3n, por lo que, esto representa a su juicio \u201cun gran apoyo\u201d, esperando que pueda traer beneficios para el municipio y por consiguiente para la comuna.<\/p>\n<p style=\"text-align: justify;\">\u201cElla como siempre ha sido muy cordial, visit\u00f3 los diferentes departamentos del Edificio Consistorial. Se fue bien asombrada de los diferentes equipos de trabajo que existen y yo tuve la deferencia de poder acompa\u00f1arla a que ella salude a cada funcionario y pueda entregarle sus diferentes manifestaciones de apoyo en el trabajo que realizan, as\u00ed que contento y esperar de que mantengamos la relaci\u00f3n a futuro\u201d puntualiz\u00f3 Uribe Alvarado.<\/p>\n<p style=\"text-align: justify;\">Al respecto, la senadora por la regi\u00f3n de Ays\u00e9n, Ximena \u00d3rdenes, junto con mencionar su saludo al nuevo lider comunal expres\u00f3 que \u201cesperar que sea una gesti\u00f3n como \u00e9l ha dicho, muy cercana a la ciudadan\u00eda y sacando los proyectos que son emblem\u00e1ticos tambi\u00e9n para la comunidad que son diversos. Ac\u00e1 hablamos desde Viviendas hasta proyectos de Agua Potable Rural, nosotros hemos conversado bastante sobre los temas de conectividad digital junto al alcalde Uribe, que los servicios de Internet y el acceso a Telefon\u00eda M\u00f3vil en particular son servicios esenciales\u201d.<\/p>\n<p style=\"text-align: justify;\">Finalmente, la congresista enfatiz\u00f3 en que se debe avanzar en la construcci\u00f3n de una agenda en materia de conectividad en todos sus \u00e1mbitos y dimensiones. Junto con ello, tambi\u00e9n los desaf\u00edos que se plantean en materia educativa en base a la Nueva Educaci\u00f3n P\u00fablica (Ley 21.040) por lo que \u201cla idea es trabajar en conjunto con el alcalde, tener una perspectiva de desarrollo comunal pensando tambi\u00e9n en el litoral, as\u00ed que todo el espacio para colaborar, para trabajar juntos y sacar adelante los proyectos que son importantes para los aiseninos y aiseninas\u201d sentenci\u00f3 la senadora \u00d3rdenes.<\/p>\n<\/div><\/section><\/div><div  style='height:50px' class='hr hr-invisible   avia-builder-el-6  el_after_av_one_full  el_before_av_social_share '><span class='hr-inner ' ><span class='hr-inner-style'><\/span><\/span><\/div><\/p>\n<div  class='av-social-sharing-box  avia-builder-el-7  el_after_av_hr  el_before_av_hr  '><div class='av-share-box'><h5 class='av-share-link-description av-no-toc '>Compartir esta noticia<\/h5><ul class='av-share-box-list noLightbox'><li class='av-share-link av-social-link-facebook' ><a target=\"_blank\" aria-label=\"Compartir en Facebook\" href='https:\/\/www.facebook.com\/sharer.php?u=https:\/\/radiorevelacionfm.cl\/?p=6246&#038;t=Alcalde%20Uribe%20recibe%20saludo%20protocolar%20de%20senadora%20%C3%93rdenes%20para%20proyectar%20trabajo%20colaborativo%20por%20la%20comuna%20de%20Ays%C3%A9n' aria-hidden='false' data-av_icon='\ue8f3' data-av_iconfont='entypo-fontello' title='' data-avia-related-tooltip='Compartir en Facebook' rel=\"noopener\"><span class='avia_hidden_link_text'>Compartir en Facebook<\/span><\/a><\/li><li class='av-share-link av-social-link-twitter' ><a target=\"_blank\" aria-label=\"Compartir en Twitter\" href='https:\/\/twitter.com\/share?text=Alcalde%20Uribe%20recibe%20saludo%20protocolar%20de%20senadora%20%C3%93rdenes%20para%20proyectar%20trabajo%20colaborativo%20por%20la%20comuna%20de%20Ays%C3%A9n&#038;url=https:\/\/radiorevelacionfm.cl\/?p=6246' aria-hidden='false' data-av_icon='\ue8f1' data-av_iconfont='entypo-fontello' title='' data-avia-related-tooltip='Compartir en Twitter' rel=\"noopener\"><span class='avia_hidden_link_text'>Compartir en Twitter<\/span><\/a><\/li><li class='av-share-link av-social-link-whatsapp' ><a target=\"_blank\" aria-label=\"Compartir en Whatsapp\" href='https:\/\/api.whatsapp.com\/send?text=https:\/\/radiorevelacionfm.cl\/?p=6246' aria-hidden='false' data-av_icon='\uf232' data-av_iconfont='entypo-fontello' title='' data-avia-related-tooltip='Compartir en Whatsapp' rel=\"noopener\"><span class='avia_hidden_link_text'>Compartir en Whatsapp<\/span><\/a><\/li><li class='av-share-link av-social-link-linkedin' ><a target=\"_blank\" aria-label=\"Compartir en LinkedIn\" href='https:\/\/linkedin.com\/shareArticle?mini=true&#038;title=Alcalde%20Uribe%20recibe%20saludo%20protocolar%20de%20senadora%20%C3%93rdenes%20para%20proyectar%20trabajo%20colaborativo%20por%20la%20comuna%20de%20Ays%C3%A9n&#038;url=https:\/\/radiorevelacionfm.cl\/?p=6246' aria-hidden='false' data-av_icon='\ue8fc' data-av_iconfont='entypo-fontello' title='' data-avia-related-tooltip='Compartir en LinkedIn' rel=\"noopener\"><span class='avia_hidden_link_text'>Compartir en LinkedIn<\/span><\/a><\/li><li class='av-share-link av-social-link-mail' ><a  aria-label=\"Compartir por correo\" href='mailto:?subject=Alcalde%20Uribe%20recibe%20saludo%20protocolar%20de%20senadora%20%C3%93rdenes%20para%20proyectar%20trabajo%20colaborativo%20por%20la%20comuna%20de%20Ays%C3%A9n&#038;body=https:\/\/radiorevelacionfm.cl\/?p=6246' aria-hidden='false' data-av_icon='\ue805' data-av_iconfont='entypo-fontello' title='' data-avia-related-tooltip='Compartir por correo'><span class='avia_hidden_link_text'>Compartir por correo<\/span><\/a><\/li><\/ul><\/div><\/div>\n<div  style='height:50px' class='hr hr-invisible   avia-builder-el-8  el_after_av_social_share  el_before_av_comments_list '><span class='hr-inner ' ><span class='hr-inner-style'><\/span><\/span><\/div>\n<div  class='av-buildercomment  av-blog-meta-html-info-disabled av-blog-meta-tag-disabled  '><\/div>\n","protected":false},"excerpt":{"rendered":"","protected":false},"author":1,"featured_media":6247,"comment_status":"open","ping_status":"open","sticky":false,"template":"","format":"standard","meta":{"footnotes":""},"categories":[38],"tags":[],"class_list":["post-6246","post","type-post","status-publish","format-standard","has-post-thumbnail","hentry","category-regional"],"jetpack_featured_media_url":"https:\/\/radiorevelacionfm.cl\/wp-content\/uploads\/2021\/07\/IMG-SenadoraMuniAysen3-1-1.jpg","_links":{"self":[{"href":"https:\/\/radiorevelacionfm.cl\/index.php?rest_route=\/wp\/v2\/posts\/6246","targetHints":{"allow":["GET"]}}],"collection":[{"href":"https:\/\/radiorevelacionfm.cl\/index.php?rest_route=\/wp\/v2\/posts"}],"about":[{"href":"https:\/\/radiorevelacionfm.cl\/index.php?rest_route=\/wp\/v2\/types\/post"}],"author":[{"embeddable":true,"href":"https:\/\/radiorevelacionfm.cl\/index.php?rest_route=\/wp\/v2\/users\/1"}],"replies":[{"embeddable":true,"href":"https:\/\/radiorevelacionfm.cl\/index.php?rest_route=%2Fwp%2Fv2%2Fcomments&post=6246"}],"version-history":[{"count":1,"href":"https:\/\/radiorevelacionfm.cl\/index.php?rest_route=\/wp\/v2\/posts\/6246\/revisions"}],"predecessor-version":[{"id":6248,"href":"https:\/\/radiorevelacionfm.cl\/index.php?rest_route=\/wp\/v2\/posts\/6246\/revisions\/6248"}],"wp:featuredmedia":[{"embeddable":true,"href":"https:\/\/radiorevelacionfm.cl\/index.php?rest_route=\/wp\/v2\/media\/6247"}],"wp:attachment":[{"href":"https:\/\/radiorevelacionfm.cl\/index.php?rest_route=%2Fwp%2Fv2%2Fmedia&parent=6246"}],"wp:term":[{"taxonomy":"category","embeddable":true,"href":"https:\/\/radiorevelacionfm.cl\/index.php?rest_route=%2Fwp%2Fv2%2Fcategories&post=6246"},{"taxonomy":"post_tag","embeddable":true,"href":"https:\/\/radiorevelacionfm.cl\/index.php?rest_route=%2Fwp%2Fv2%2Ftags&post=6246"}],"curies":[{"name":"wp","href":"https:\/\/api.w.org\/{rel}","templated":true}]}}