{"id":62455,"date":"2025-12-13T12:34:57","date_gmt":"2025-12-13T15:34:57","guid":{"rendered":"https:\/\/radiorevelacionfm.cl\/?p=62455"},"modified":"2025-12-13T12:34:57","modified_gmt":"2025-12-13T15:34:57","slug":"en-chile-chico-realizan-charla-sobre-reforma-de-pensiones-y-el-rol-del-ips-en-el-sistema-chile-cuida","status":"publish","type":"post","link":"https:\/\/radiorevelacionfm.cl\/?p=62455","title":{"rendered":"En Chile Chico realizan charla sobre Reforma de Pensiones y el rol del IPS en el Sistema Chile Cuida"},"content":{"rendered":"<div class=\"flex_column av_one_full  flex_column_div av-zero-column-padding first  avia-builder-el-0  el_before_av_one_full  avia-builder-el-first  \" style='border-radius:0px; '><div  class='avia-image-container  av-styling-    avia-builder-el-1  avia-builder-el-no-sibling  avia-align-center '  itemprop=\"image\" itemscope=\"itemscope\" itemtype=\"https:\/\/schema.org\/ImageObject\"  ><div class='avia-image-container-inner'><div class='avia-image-overlay-wrap'><img decoding=\"async\" class='wp-image-62458 avia-img-lazy-loading-not-62458 avia_image' src=\"https:\/\/radiorevelacionfm.cl\/wp-content\/uploads\/2025\/12\/Charla-Pensiones-y-Chile-Cuida-ChileChico-3-1-1.jpeg\" alt='' title='Charla Pensiones y Chile Cuida ChileChico (3) (1) (1)' height=\"600\" width=\"800\"  itemprop=\"thumbnailUrl\" srcset=\"https:\/\/radiorevelacionfm.cl\/wp-content\/uploads\/2025\/12\/Charla-Pensiones-y-Chile-Cuida-ChileChico-3-1-1.jpeg 800w, https:\/\/radiorevelacionfm.cl\/wp-content\/uploads\/2025\/12\/Charla-Pensiones-y-Chile-Cuida-ChileChico-3-1-1-300x225.jpeg 300w, https:\/\/radiorevelacionfm.cl\/wp-content\/uploads\/2025\/12\/Charla-Pensiones-y-Chile-Cuida-ChileChico-3-1-1-768x576.jpeg 768w, https:\/\/radiorevelacionfm.cl\/wp-content\/uploads\/2025\/12\/Charla-Pensiones-y-Chile-Cuida-ChileChico-3-1-1-705x529.jpeg 705w, https:\/\/radiorevelacionfm.cl\/wp-content\/uploads\/2025\/12\/Charla-Pensiones-y-Chile-Cuida-ChileChico-3-1-1-450x338.jpeg 450w, https:\/\/radiorevelacionfm.cl\/wp-content\/uploads\/2025\/12\/Charla-Pensiones-y-Chile-Cuida-ChileChico-3-1-1-600x450.jpeg 600w\" sizes=\"(max-width: 800px) 100vw, 800px\" \/><\/div><\/div><\/div><\/div><div class=\"flex_column av_one_full  flex_column_div av-zero-column-padding first  avia-builder-el-2  el_after_av_one_full  el_before_av_one_full  column-top-margin\" style='border-radius:0px; '><section class=\"av_textblock_section \"  itemscope=\"itemscope\" itemtype=\"https:\/\/schema.org\/BlogPosting\" itemprop=\"blogPost\" ><div class='avia_textblock  '   itemprop=\"text\" ><p style=\"font-weight: 400; text-align: center;\"><span style=\"font-size: 18pt;\"><strong>En Chile Chico realizan charla sobre Reforma de Pensiones y el rol del IPS en el Sistema Chile Cuida<\/strong><\/span><\/p>\n<div id=\"gtx-trans\" style=\"position: absolute; left: -50px; top: 4.31534px;\">\n<div class=\"gtx-trans-icon\"><\/div>\n<\/div>\n<\/div><\/section><\/div><div class=\"flex_column av_one_full  flex_column_div av-zero-column-padding first  avia-builder-el-4  el_after_av_one_full  el_before_av_hr  column-top-margin\" style='border-radius:0px; '><section class=\"av_textblock_section \"  itemscope=\"itemscope\" itemtype=\"https:\/\/schema.org\/BlogPosting\" itemprop=\"blogPost\" ><div class='avia_textblock  '   itemprop=\"text\" ><p style=\"font-weight: 400; text-align: justify;\"><em>La iniciativa tuvo por objetivo aclarar dudas sobre las nuevas normas y su impacto en la ciudadan\u00eda.<\/em><\/p>\n<p style=\"font-weight: 400; text-align: justify;\">En la Sede de Pensionados Humberto Orellana Mella de Chile Chico se desarroll\u00f3 una charla sobre la implementaci\u00f3n de la Reforma de Pensiones y el rol del Instituto de Previsi\u00f3n Social, IPS ChileAtiende tanto en la nueva normativa previsional como en el Sistema Chile Cuida, organizada por la Delegaci\u00f3n Presidencial Provincial de General Carrera, la Seremi de Trabajo y Previsi\u00f3n Social y el IPS.<\/p>\n<p style=\"font-weight: 400; text-align: justify;\">La charla tuvo una gran participaci\u00f3n, tanto de adultos mayores como de la comunidad en general, donde el Seremi(s) Rodrigo D\u00edaz junto a Elvira Vargas, funcionaria de IPS ChileAtiende de la provincia pudieron aclarar dudas y presentar ejemplos concretos, tanto de la reforma previsional como de la obtenci\u00f3n de la tarjeta de cuidadores\/as.<\/p>\n<p style=\"font-weight: 400; text-align: justify;\">El Seremi(s) de Trabajo y Previsi\u00f3n Social, Rodrigo D\u00edaz, coment\u00f3 sobre la actividad, \u201chablamos de los cuidados, el rol tambi\u00e9n del IPS en lo que es la credencial y tambi\u00e9n de la reforma de pensiones. Agradecer el despliegue de todo el equipo de la delegaci\u00f3n porque tuvo una gran asistencia, muchas preguntas de los adultos mayores, y lo importante es que les explicamos en simple lo que corresponde en este caso a la Reforma de Pensiones, as\u00ed que muy contentos por esta actividad y esperamos seguir haciendo actividades de este tipo en conjunto con la delegaci\u00f3n\u201d.<\/p>\n<p style=\"font-weight: 400; text-align: justify;\">En tanto, una de las activas participantes fue Ester S\u00e1nchez, quien afirm\u00f3, \u00a0\u201cbuena, porque hay cosas que muchas veces uno no se informa y no sabe c\u00f3mo poder, por ejemplo, ir a una oficina y hablar con la persona que trabaja para que nos puedan ayudar en cuanto a que nos digan de cu\u00e1nto es, porqu\u00e9 hoy en d\u00eda las pensiones son tan bajas, yo gano doscientos cincuenta mil pesos, si no fuera por la PGU estar\u00eda ganando setenta mil pesos por la AFP. Me gustaron mucho los temas\u201d.<\/p>\n<p style=\"font-weight: 400; text-align: justify;\"><strong><u>Simulador \u201cMi Mejor Pensi\u00f3n\u201d<\/u><\/strong><\/p>\n<p style=\"font-weight: 400; text-align: justify;\">Hace unos d\u00edas y como parte de la implementaci\u00f3n de la Reforma de Pensiones, se dio a conocer el nuevo simulador digital \u201cMi Mejor Pensi\u00f3n\u201d, herramienta que permitir\u00e1 a las personas jubiladas calcular de manera estimativa el aumento de sus pensiones producto de la implementaci\u00f3n del Seguro Social de Pensiones y la Pensi\u00f3n Garantizada Universal (PGU). El aplicativo est\u00e1 alojado en\u00a0<a href=\"http:\/\/www.lareformadepensiones.cl\/\" data-saferedirecturl=\"https:\/\/www.google.com\/url?q=http:\/\/www.lareformadepensiones.cl&amp;source=gmail&amp;ust=1765677639816000&amp;usg=AOvVaw1HdHdNug-8isB2KE-AiKSp\">www.lareformadepensiones.cl<\/a>\u00a0y permite, ingresando RUT y Clave\u00danica, acceder a informaci\u00f3n comparativa entre la pensi\u00f3n actual y la estimada con los beneficios de la reforma.<\/p>\n<p style=\"font-weight: 400; text-align: justify;\">El simulador muestra datos como los a\u00f1os cotizados, proyecci\u00f3n del aporte del Seguro Social, aumento por expectativas de vida en mujeres, el incremento de la PGU hasta los $250.000 y el monto final aproximado de la nueva pensi\u00f3n. Si las personas encuentran alguna diferencia en sus a\u00f1os cotizados, se debe contactar con la Superintendencia de Pensiones para revisar su cotizaci\u00f3n, ya que podr\u00eda haber una situaci\u00f3n de deuda previsional de alg\u00fan empleador.<\/p>\n<p style=\"font-weight: 400; text-align: justify;\">Cabe recordar que en el mes de enero comenzar\u00e1n los pagos de beneficios del Seguro Social, a los cuales los pensionados y pensionadas podr\u00e1n acceder de manera autom\u00e1tica, sin realizar tr\u00e1mites.<\/p>\n<\/div><\/section><\/div><div  style='height:50px' class='hr hr-invisible   avia-builder-el-6  el_after_av_one_full  el_before_av_social_share '><span class='hr-inner ' ><span class='hr-inner-style'><\/span><\/span><\/div><\/p>\n<div  class='av-social-sharing-box  avia-builder-el-7  el_after_av_hr  el_before_av_hr  '><div class='av-share-box'><h5 class='av-share-link-description av-no-toc '>Compartir esta noticia<\/h5><ul class='av-share-box-list noLightbox'><li class='av-share-link av-social-link-facebook' ><a target=\"_blank\" aria-label=\"Compartir en Facebook\" href='https:\/\/www.facebook.com\/sharer.php?u=https:\/\/radiorevelacionfm.cl\/?p=62455&#038;t=En%20Chile%20Chico%20realizan%20charla%20sobre%20Reforma%20de%20Pensiones%20y%20el%20rol%20del%20IPS%20en%20el%20Sistema%20Chile%20Cuida' aria-hidden='false' data-av_icon='\ue8f3' data-av_iconfont='entypo-fontello' title='' data-avia-related-tooltip='Compartir en Facebook' rel=\"noopener\"><span class='avia_hidden_link_text'>Compartir en Facebook<\/span><\/a><\/li><li class='av-share-link av-social-link-twitter' ><a target=\"_blank\" aria-label=\"Compartir en Twitter\" href='https:\/\/twitter.com\/share?text=En%20Chile%20Chico%20realizan%20charla%20sobre%20Reforma%20de%20Pensiones%20y%20el%20rol%20del%20IPS%20en%20el%20Sistema%20Chile%20Cuida&#038;url=https:\/\/radiorevelacionfm.cl\/?p=62455' aria-hidden='false' data-av_icon='\ue8f1' data-av_iconfont='entypo-fontello' title='' data-avia-related-tooltip='Compartir en Twitter' rel=\"noopener\"><span class='avia_hidden_link_text'>Compartir en Twitter<\/span><\/a><\/li><li class='av-share-link av-social-link-whatsapp' ><a target=\"_blank\" aria-label=\"Compartir en Whatsapp\" href='https:\/\/api.whatsapp.com\/send?text=https:\/\/radiorevelacionfm.cl\/?p=62455' aria-hidden='false' data-av_icon='\uf232' data-av_iconfont='entypo-fontello' title='' data-avia-related-tooltip='Compartir en Whatsapp' rel=\"noopener\"><span class='avia_hidden_link_text'>Compartir en Whatsapp<\/span><\/a><\/li><li class='av-share-link av-social-link-linkedin' ><a target=\"_blank\" aria-label=\"Compartir en LinkedIn\" href='https:\/\/linkedin.com\/shareArticle?mini=true&#038;title=En%20Chile%20Chico%20realizan%20charla%20sobre%20Reforma%20de%20Pensiones%20y%20el%20rol%20del%20IPS%20en%20el%20Sistema%20Chile%20Cuida&#038;url=https:\/\/radiorevelacionfm.cl\/?p=62455' aria-hidden='false' data-av_icon='\ue8fc' data-av_iconfont='entypo-fontello' title='' data-avia-related-tooltip='Compartir en LinkedIn' rel=\"noopener\"><span class='avia_hidden_link_text'>Compartir en LinkedIn<\/span><\/a><\/li><li class='av-share-link av-social-link-mail' ><a  aria-label=\"Compartir por correo\" href='mailto:?subject=En%20Chile%20Chico%20realizan%20charla%20sobre%20Reforma%20de%20Pensiones%20y%20el%20rol%20del%20IPS%20en%20el%20Sistema%20Chile%20Cuida&#038;body=https:\/\/radiorevelacionfm.cl\/?p=62455' aria-hidden='false' data-av_icon='\ue805' data-av_iconfont='entypo-fontello' title='' data-avia-related-tooltip='Compartir por correo'><span class='avia_hidden_link_text'>Compartir por correo<\/span><\/a><\/li><\/ul><\/div><\/div>\n<div  style='height:50px' class='hr hr-invisible   avia-builder-el-8  el_after_av_social_share  el_before_av_comments_list '><span class='hr-inner ' ><span class='hr-inner-style'><\/span><\/span><\/div>\n<div  class='av-buildercomment  av-blog-meta-html-info-disabled av-blog-meta-tag-disabled  '><\/div>\n","protected":false},"excerpt":{"rendered":"","protected":false},"author":1,"featured_media":62458,"comment_status":"closed","ping_status":"closed","sticky":false,"template":"","format":"standard","meta":{"footnotes":""},"categories":[56],"tags":[],"class_list":["post-62455","post","type-post","status-publish","format-standard","has-post-thumbnail","hentry","category-trabajo"],"jetpack_featured_media_url":"https:\/\/radiorevelacionfm.cl\/wp-content\/uploads\/2025\/12\/Charla-Pensiones-y-Chile-Cuida-ChileChico-3-1-1.jpeg","_links":{"self":[{"href":"https:\/\/radiorevelacionfm.cl\/index.php?rest_route=\/wp\/v2\/posts\/62455","targetHints":{"allow":["GET"]}}],"collection":[{"href":"https:\/\/radiorevelacionfm.cl\/index.php?rest_route=\/wp\/v2\/posts"}],"about":[{"href":"https:\/\/radiorevelacionfm.cl\/index.php?rest_route=\/wp\/v2\/types\/post"}],"author":[{"embeddable":true,"href":"https:\/\/radiorevelacionfm.cl\/index.php?rest_route=\/wp\/v2\/users\/1"}],"replies":[{"embeddable":true,"href":"https:\/\/radiorevelacionfm.cl\/index.php?rest_route=%2Fwp%2Fv2%2Fcomments&post=62455"}],"version-history":[{"count":2,"href":"https:\/\/radiorevelacionfm.cl\/index.php?rest_route=\/wp\/v2\/posts\/62455\/revisions"}],"predecessor-version":[{"id":62462,"href":"https:\/\/radiorevelacionfm.cl\/index.php?rest_route=\/wp\/v2\/posts\/62455\/revisions\/62462"}],"wp:featuredmedia":[{"embeddable":true,"href":"https:\/\/radiorevelacionfm.cl\/index.php?rest_route=\/wp\/v2\/media\/62458"}],"wp:attachment":[{"href":"https:\/\/radiorevelacionfm.cl\/index.php?rest_route=%2Fwp%2Fv2%2Fmedia&parent=62455"}],"wp:term":[{"taxonomy":"category","embeddable":true,"href":"https:\/\/radiorevelacionfm.cl\/index.php?rest_route=%2Fwp%2Fv2%2Fcategories&post=62455"},{"taxonomy":"post_tag","embeddable":true,"href":"https:\/\/radiorevelacionfm.cl\/index.php?rest_route=%2Fwp%2Fv2%2Ftags&post=62455"}],"curies":[{"name":"wp","href":"https:\/\/api.w.org\/{rel}","templated":true}]}}