{"id":62450,"date":"2025-12-12T22:51:54","date_gmt":"2025-12-13T01:51:54","guid":{"rendered":"https:\/\/radiorevelacionfm.cl\/?p=62450"},"modified":"2025-12-12T22:56:13","modified_gmt":"2025-12-13T01:56:13","slug":"nuevo-punto-de-posada-inaugurado-en-villa-manihuales-traera-conectividad-y-seguridad-a-comunidad-frente-a-incendios-forestales-evacuaciones-aeromedicas-y-condiciones-climaticas-adversas","status":"publish","type":"post","link":"https:\/\/radiorevelacionfm.cl\/?p=62450","title":{"rendered":"Nuevo punto de posada inaugurado en Villa \u00d1irehuao traer\u00e1 conectividad y seguridad a comunidad frente a incendios forestales, evacuaciones aerom\u00e9dicas y condiciones clim\u00e1ticas adversas"},"content":{"rendered":"<div class=\"flex_column av_one_full  flex_column_div av-zero-column-padding first  avia-builder-el-0  el_before_av_one_full  avia-builder-el-first  \" style='border-radius:0px; '><div  class='avia-image-container  av-styling-    avia-builder-el-1  avia-builder-el-no-sibling  avia-align-center '  itemprop=\"image\" itemscope=\"itemscope\" itemtype=\"https:\/\/schema.org\/ImageObject\"  ><div class='avia-image-container-inner'><div class='avia-image-overlay-wrap'><img decoding=\"async\" class='wp-image-62451 avia-img-lazy-loading-not-62451 avia_image' src=\"https:\/\/radiorevelacionfm.cl\/wp-content\/uploads\/2025\/12\/foto-00-1_optimized.jpg\" alt='' title='foto-00-(1)_optimized' height=\"600\" width=\"1067\"  itemprop=\"thumbnailUrl\" srcset=\"https:\/\/radiorevelacionfm.cl\/wp-content\/uploads\/2025\/12\/foto-00-1_optimized.jpg 1067w, https:\/\/radiorevelacionfm.cl\/wp-content\/uploads\/2025\/12\/foto-00-1_optimized-300x169.jpg 300w, https:\/\/radiorevelacionfm.cl\/wp-content\/uploads\/2025\/12\/foto-00-1_optimized-1030x579.jpg 1030w, https:\/\/radiorevelacionfm.cl\/wp-content\/uploads\/2025\/12\/foto-00-1_optimized-768x432.jpg 768w, https:\/\/radiorevelacionfm.cl\/wp-content\/uploads\/2025\/12\/foto-00-1_optimized-705x396.jpg 705w, https:\/\/radiorevelacionfm.cl\/wp-content\/uploads\/2025\/12\/foto-00-1_optimized-450x253.jpg 450w, https:\/\/radiorevelacionfm.cl\/wp-content\/uploads\/2025\/12\/foto-00-1_optimized-600x337.jpg 600w\" sizes=\"(max-width: 1067px) 100vw, 1067px\" \/><\/div><\/div><\/div><\/div>\n<div class=\"flex_column av_one_full  flex_column_div av-zero-column-padding first  avia-builder-el-2  el_after_av_one_full  el_before_av_one_full  column-top-margin\" style='border-radius:0px; '><section class=\"av_textblock_section \"  itemscope=\"itemscope\" itemtype=\"https:\/\/schema.org\/BlogPosting\" itemprop=\"blogPost\" ><div class='avia_textblock  '   itemprop=\"text\" ><p style=\"text-align: center;\"><strong><span style=\"font-size: 18pt;\">Nuevo punto de posada inaugurado en Villa \u00d1irehuao traer\u00e1 conectividad y seguridad a comunidad frente a incendios forestales, evacuaciones aerom\u00e9dicas y condiciones clim\u00e1ticas adversas <\/span><\/strong><\/p>\n<div id=\"gtx-trans\" style=\"position: absolute; left: -50px; top: 4.31534px;\">\n<div class=\"gtx-trans-icon\"><\/div>\n<\/div>\n<\/div><\/section><\/div><div class=\"flex_column av_one_full  flex_column_div av-zero-column-padding first  avia-builder-el-4  el_after_av_one_full  el_before_av_hr  column-top-margin\" style='border-radius:0px; '><section class=\"av_textblock_section \"  itemscope=\"itemscope\" itemtype=\"https:\/\/schema.org\/BlogPosting\" itemprop=\"blogPost\" ><div class='avia_textblock  '   itemprop=\"text\" ><ul>\n<li style=\"text-align: justify;\"><em>Nuevo Punto de Posada (PPH) se encuentra incluido en el Plan Nacional de Infraestructura de Soporte A\u00e9reo para emergencias anunciado por la ministra de Obras P\u00fablicas Jessica L\u00f3pez y se suma a otros tres PPH en la Regi\u00f3n de Ays\u00e9n actualmente operativos, tres con obras en ejecuci\u00f3n y dos en proceso de licitaci\u00f3n.<\/em><\/li>\n<\/ul>\n<p style=\"text-align: justify;\">La Secretaria Regional Ministerial de Obras P\u00fablicas, Paloma Jara Vald\u00e9s junto al Jefe de la XI Zona Ays\u00e9n General\u00a0 Eduardo Palma Fuentes, la directora de Aeropuertos del MOP en la Regi\u00f3n de Ays\u00e9n Anita \u00c1lvarez Lemus y la presidenta de la Junta de Vecinos de Villa \u00d1irehuao Gloria Guzm\u00e1n y directiva inauguraron el Punto de Posada de Helic\u00f3pteros de Villa Ma\u00f1ihuales, en la comuna de Coyhaique.<\/p>\n<p style=\"text-align: justify;\">En esta localidad que se encuentra conectada a la capital regional v\u00eda terrestre, se requer\u00eda prevenir y generar una alternativa de conectividad \u00a0a\u00e9rea, frente a eventos clim\u00e1ticos extremos que pudieran producir la interrupci\u00f3n de la conectividad. Este nuevo Punto de Posada se encuentra incluido en el Plan Nacional de Infraestructura de Soporte A\u00e9reo para emergencias anunciado por la ministra de Obras P\u00fablicas Jessica L\u00f3pez.<\/p>\n<p style=\"text-align: justify;\">En esta l\u00ednea, la Seremi del MOP destac\u00f3 el apoyo que se le entrega a esta zona rural con la construcci\u00f3n de este nuevo Punto de Posada el que posibilitar\u00e1 responder a las emergencias y servir como alternativa de conectividad.<\/p>\n<p style=\"text-align: justify;\">\u201cNos trasladamos hasta la localidad \u00d1irehuao para la inauguraci\u00f3n de su nuevo Punto de Posada. Estos puntos de pasada del helic\u00f3ptero permiten mejorar la respuesta ante emergencia. Est\u00e1 pensado en carabineros, en emergencias de salud y por supuesto tambi\u00e9n en las emergencias forestales de cara a una nueva temporada de incendios. Qu\u00e9 importante es que las localidades m\u00e1s peque\u00f1as de nuestra regi\u00f3n tambi\u00e9n tengan acceso a infraestructura que les permita desarrollarse. Para \u00d1irehuao estamos trabajando en distintos frentes. Tambi\u00e9n pudimos ver en nuestro camino el avance que tiene el mirador de \u00d1irehuao, obras que el Ministerio de Obras P\u00fablicas est\u00e1 desarrollando en la localidad y que buscan de esta forma situarla en la misma posici\u00f3n que cualquier localidad dentro de nuestra regi\u00f3n de Ays\u00e9n\u201d.<\/p>\n<p style=\"text-align: justify;\">En la ceremonia, el funcionario de la Direcci\u00f3n de Aeropuertos Claudio Peralta y Fernanda Valenzuela conjuntamente con guitarra y acorde\u00f3n destacaron las tradiciones y m\u00fasica campesina, acompa\u00f1ados en el baile con el grupo folcl\u00f3rico del colegio Valle de la Luna de \u00d1irehuao, quienes con su danza al alero del nuevo Punto de Posada de Helic\u00f3pteros, destacaron la nueva estructura la que tiene una plataforma de hormig\u00f3n de 45 x 45 metros, indicador de viento y sistema de iluminaci\u00f3n.<\/p>\n<p style=\"text-align: justify;\">Entre los asistentes a la ceremonia estaba Guadalupe Mella, secretaria de la Junta de Vecinos de Villa \u00d1irehuao, quien agradeci\u00f3 las obras. \u201cBueno es bueno, porque esto no lo ten\u00edamos y no lo esperamos. Es muy bueno que se haya realizado esta obra de aterrizaje de helic\u00f3pteros, porque igual estamos alejados un poquito de Coyhaique y por emergencias igual, porque ya contamos con un helic\u00f3ptero y todo, lo que no hab\u00eda en la comunidad. Por el invierno sobre todo, accidentes que puede haber, igual no sabemos. Muchas gracias nom\u00e1s por lo que se logr\u00f3 y ojal\u00e1 que sigan saliendo cosas buenas para nuestro pueblito de \u00d1irehuao\u201d.<\/p>\n<p style=\"text-align: justify;\">La Direcci\u00f3n Regional de Aeropuertos conjuntamente con Carabineros de Chile aunaron voluntades y esfuerzos para construir este nuevo Punto de Posada (PPH) para la localidad de \u00d1irehuao. A \u00e9l se suman los Puntos de Posada ya terminados en Chile Chico, Cochrane y Teniente Vidal en Coyhaique; se encuentra en ejecuci\u00f3n la construcci\u00f3n de otros Puntos de Posada en La Junta, Tortel y Teniente Vidal sector Ej\u00e9rcito. Para el a\u00f1o 2026 en proceso de licitaci\u00f3n se encuentra la construcci\u00f3n de un PPH en Coyhaique Alto sector Carabineros y publicaremos la licitaci\u00f3n este mes de la construcci\u00f3n del PPH en el Parque Nacional Patagonia-Jeinimeni sector Conaf. De igual forma, estamos proyectando estudiar en el futuro incorporar PPH en los sectores de Candelario Mansilla, Paso Triana, Puerto Gaviota, Valle Chacabuco y Lago Verde, los que se estima poder ejecutar al a\u00f1o 2030.<\/p>\n<p style=\"text-align: justify;\">Por su parte, el Jefe de la zona de Carabineros de Ays\u00e9n General Eduardo Palma Fuentes relev\u00f3 la nueva infraestructura \u00a0como una obra que beneficiar\u00e1 directamente a la comunidad.<\/p>\n<p style=\"text-align: justify;\">\u201cBueno, hoy d\u00eda, como es sabido, junto a la comunidad se ha inaugurado este tremendo Punto de Posada, y digo tremendo porque es un beneficio que va directamente a toda la comunidad de este sector, hermoso sector de \u00d1irehuao, que va a poder contar con un punto de Posada de emergencia, tanto para Rescates aerom\u00e9dicos como tambi\u00e9n para Carabineros. Son muchas autoridades que pueden hacer uso, o instituciones de emergencia que pueden hacer uso de este punto posada que qued\u00f3 realmente acorde a lo que se necesita en este sector para cortar distancia. Esto tambi\u00e9n va en pleno beneficio de la seguridad de la comunidad que acerca, acorta los tiempos. Todos sabemos que una vida bastan solamente minutos para poder salvar una vida que est\u00e1 en peligro. As\u00ed que de verdad agradecer al Ministerio de Obras P\u00fablicas a trav\u00e9s de su direcci\u00f3n de Aeropuerto, por estos tremendos proyectos que se est\u00e1n llevando a cabo ac\u00e1 en la Regi\u00f3n de Ays\u00e9n\u201d.<\/p>\n<\/div><\/section><\/div><\/p>\n<div  style='height:50px' class='hr hr-invisible   avia-builder-el-6  el_after_av_one_full  el_before_av_social_share '><span class='hr-inner ' ><span class='hr-inner-style'><\/span><\/span><\/div>\n<div  class='av-social-sharing-box  avia-builder-el-7  el_after_av_hr  el_before_av_hr  '><div class='av-share-box'><h5 class='av-share-link-description av-no-toc '>Compartir esta noticia<\/h5><ul class='av-share-box-list noLightbox'><li class='av-share-link av-social-link-facebook' ><a target=\"_blank\" aria-label=\"Compartir en Facebook\" href='https:\/\/www.facebook.com\/sharer.php?u=https:\/\/radiorevelacionfm.cl\/?p=62450&#038;t=Nuevo%20punto%20de%20posada%20inaugurado%20en%20Villa%20%C3%91irehuao%20traer%C3%A1%20conectividad%20y%20seguridad%20a%20comunidad%20frente%20a%20incendios%20forestales%2C%20evacuaciones%20aerom%C3%A9dicas%20y%20condiciones%20clim%C3%A1ticas%20adversas' aria-hidden='false' data-av_icon='\ue8f3' data-av_iconfont='entypo-fontello' title='' data-avia-related-tooltip='Compartir en Facebook' rel=\"noopener\"><span class='avia_hidden_link_text'>Compartir en Facebook<\/span><\/a><\/li><li class='av-share-link av-social-link-twitter' ><a target=\"_blank\" aria-label=\"Compartir en Twitter\" href='https:\/\/twitter.com\/share?text=Nuevo%20punto%20de%20posada%20inaugurado%20en%20Villa%20%C3%91irehuao%20traer%C3%A1%20conectividad%20y%20seguridad%20a%20comunidad%20frente%20a%20incendios%20forestales%2C%20evacuaciones%20aerom%C3%A9dicas%20y%20condiciones%20clim%C3%A1ticas%20adversas&#038;url=https:\/\/radiorevelacionfm.cl\/?p=62450' aria-hidden='false' data-av_icon='\ue8f1' data-av_iconfont='entypo-fontello' title='' data-avia-related-tooltip='Compartir en Twitter' rel=\"noopener\"><span class='avia_hidden_link_text'>Compartir en Twitter<\/span><\/a><\/li><li class='av-share-link av-social-link-whatsapp' ><a target=\"_blank\" aria-label=\"Compartir en Whatsapp\" href='https:\/\/api.whatsapp.com\/send?text=https:\/\/radiorevelacionfm.cl\/?p=62450' aria-hidden='false' data-av_icon='\uf232' data-av_iconfont='entypo-fontello' title='' data-avia-related-tooltip='Compartir en Whatsapp' rel=\"noopener\"><span class='avia_hidden_link_text'>Compartir en Whatsapp<\/span><\/a><\/li><li class='av-share-link av-social-link-linkedin' ><a target=\"_blank\" aria-label=\"Compartir en LinkedIn\" href='https:\/\/linkedin.com\/shareArticle?mini=true&#038;title=Nuevo%20punto%20de%20posada%20inaugurado%20en%20Villa%20%C3%91irehuao%20traer%C3%A1%20conectividad%20y%20seguridad%20a%20comunidad%20frente%20a%20incendios%20forestales%2C%20evacuaciones%20aerom%C3%A9dicas%20y%20condiciones%20clim%C3%A1ticas%20adversas&#038;url=https:\/\/radiorevelacionfm.cl\/?p=62450' aria-hidden='false' data-av_icon='\ue8fc' data-av_iconfont='entypo-fontello' title='' data-avia-related-tooltip='Compartir en LinkedIn' rel=\"noopener\"><span class='avia_hidden_link_text'>Compartir en LinkedIn<\/span><\/a><\/li><li class='av-share-link av-social-link-mail' ><a  aria-label=\"Compartir por correo\" href='mailto:?subject=Nuevo%20punto%20de%20posada%20inaugurado%20en%20Villa%20%C3%91irehuao%20traer%C3%A1%20conectividad%20y%20seguridad%20a%20comunidad%20frente%20a%20incendios%20forestales%2C%20evacuaciones%20aerom%C3%A9dicas%20y%20condiciones%20clim%C3%A1ticas%20adversas&#038;body=https:\/\/radiorevelacionfm.cl\/?p=62450' aria-hidden='false' data-av_icon='\ue805' data-av_iconfont='entypo-fontello' title='' data-avia-related-tooltip='Compartir por correo'><span class='avia_hidden_link_text'>Compartir por correo<\/span><\/a><\/li><\/ul><\/div><\/div>\n<div  style='height:50px' class='hr hr-invisible   avia-builder-el-8  el_after_av_social_share  el_before_av_comments_list '><span class='hr-inner ' ><span class='hr-inner-style'><\/span><\/span><\/div>\n<div  class='av-buildercomment  av-blog-meta-html-info-disabled av-blog-meta-tag-disabled  '><\/div>\n","protected":false},"excerpt":{"rendered":"","protected":false},"author":1,"featured_media":62451,"comment_status":"closed","ping_status":"closed","sticky":false,"template":"","format":"standard","meta":{"footnotes":""},"categories":[38],"tags":[],"class_list":["post-62450","post","type-post","status-publish","format-standard","has-post-thumbnail","hentry","category-regional"],"jetpack_featured_media_url":"https:\/\/radiorevelacionfm.cl\/wp-content\/uploads\/2025\/12\/foto-00-1_optimized.jpg","_links":{"self":[{"href":"https:\/\/radiorevelacionfm.cl\/index.php?rest_route=\/wp\/v2\/posts\/62450","targetHints":{"allow":["GET"]}}],"collection":[{"href":"https:\/\/radiorevelacionfm.cl\/index.php?rest_route=\/wp\/v2\/posts"}],"about":[{"href":"https:\/\/radiorevelacionfm.cl\/index.php?rest_route=\/wp\/v2\/types\/post"}],"author":[{"embeddable":true,"href":"https:\/\/radiorevelacionfm.cl\/index.php?rest_route=\/wp\/v2\/users\/1"}],"replies":[{"embeddable":true,"href":"https:\/\/radiorevelacionfm.cl\/index.php?rest_route=%2Fwp%2Fv2%2Fcomments&post=62450"}],"version-history":[{"count":3,"href":"https:\/\/radiorevelacionfm.cl\/index.php?rest_route=\/wp\/v2\/posts\/62450\/revisions"}],"predecessor-version":[{"id":62453,"href":"https:\/\/radiorevelacionfm.cl\/index.php?rest_route=\/wp\/v2\/posts\/62450\/revisions\/62453"}],"wp:featuredmedia":[{"embeddable":true,"href":"https:\/\/radiorevelacionfm.cl\/index.php?rest_route=\/wp\/v2\/media\/62451"}],"wp:attachment":[{"href":"https:\/\/radiorevelacionfm.cl\/index.php?rest_route=%2Fwp%2Fv2%2Fmedia&parent=62450"}],"wp:term":[{"taxonomy":"category","embeddable":true,"href":"https:\/\/radiorevelacionfm.cl\/index.php?rest_route=%2Fwp%2Fv2%2Fcategories&post=62450"},{"taxonomy":"post_tag","embeddable":true,"href":"https:\/\/radiorevelacionfm.cl\/index.php?rest_route=%2Fwp%2Fv2%2Ftags&post=62450"}],"curies":[{"name":"wp","href":"https:\/\/api.w.org\/{rel}","templated":true}]}}