{"id":62446,"date":"2025-12-12T22:41:01","date_gmt":"2025-12-13T01:41:01","guid":{"rendered":"https:\/\/radiorevelacionfm.cl\/?p=62446"},"modified":"2025-12-12T22:41:01","modified_gmt":"2025-12-13T01:41:01","slug":"universidad-de-aysen-rechaza-el-uso-de-la-institucion-en-campanas-de-caracter-politico","status":"publish","type":"post","link":"https:\/\/radiorevelacionfm.cl\/?p=62446","title":{"rendered":"Universidad de Ays\u00e9n rechaza el uso de la instituci\u00f3n en campa\u00f1as de car\u00e1cter pol\u00edtico"},"content":{"rendered":"<div class=\"flex_column av_one_full  flex_column_div av-zero-column-padding first  avia-builder-el-0  el_before_av_one_full  avia-builder-el-first  \" style='border-radius:0px; '><div  class='avia-image-container  av-styling-    avia-builder-el-1  avia-builder-el-no-sibling  avia-align-center '  itemprop=\"image\" itemscope=\"itemscope\" itemtype=\"https:\/\/schema.org\/ImageObject\"  ><div class='avia-image-container-inner'><div class='avia-image-overlay-wrap'><img decoding=\"async\" class='wp-image-62447 avia-img-lazy-loading-not-62447 avia_image' src=\"https:\/\/radiorevelacionfm.cl\/wp-content\/uploads\/2025\/12\/campus-lillo-1_optimized-1.jpeg\" alt='' title='campus-lillo-(1)_optimized (1)' height=\"600\" width=\"898\"  itemprop=\"thumbnailUrl\" srcset=\"https:\/\/radiorevelacionfm.cl\/wp-content\/uploads\/2025\/12\/campus-lillo-1_optimized-1.jpeg 898w, https:\/\/radiorevelacionfm.cl\/wp-content\/uploads\/2025\/12\/campus-lillo-1_optimized-1-300x200.jpeg 300w, https:\/\/radiorevelacionfm.cl\/wp-content\/uploads\/2025\/12\/campus-lillo-1_optimized-1-768x513.jpeg 768w, https:\/\/radiorevelacionfm.cl\/wp-content\/uploads\/2025\/12\/campus-lillo-1_optimized-1-705x471.jpeg 705w, https:\/\/radiorevelacionfm.cl\/wp-content\/uploads\/2025\/12\/campus-lillo-1_optimized-1-450x301.jpeg 450w, https:\/\/radiorevelacionfm.cl\/wp-content\/uploads\/2025\/12\/campus-lillo-1_optimized-1-600x401.jpeg 600w\" sizes=\"(max-width: 898px) 100vw, 898px\" \/><\/div><\/div><\/div><\/div><div class=\"flex_column av_one_full  flex_column_div av-zero-column-padding first  avia-builder-el-2  el_after_av_one_full  el_before_av_one_full  column-top-margin\" style='border-radius:0px; '><section class=\"av_textblock_section \"  itemscope=\"itemscope\" itemtype=\"https:\/\/schema.org\/BlogPosting\" itemprop=\"blogPost\" ><div class='avia_textblock  '   itemprop=\"text\" ><p style=\"text-align: center;\"><strong><span style=\"font-size: 18pt;\">Universidad de Ays\u00e9n rechaza el uso de la instituci\u00f3n en campa\u00f1as de car\u00e1cter pol\u00edtico<\/span><\/strong><\/p>\n<div id=\"gtx-trans\" style=\"position: absolute; left: -50px; top: 4.31534px;\">\n<div class=\"gtx-trans-icon\"><\/div>\n<\/div>\n<\/div><\/section><\/div><div class=\"flex_column av_one_full  flex_column_div av-zero-column-padding first  avia-builder-el-4  el_after_av_one_full  el_before_av_hr  column-top-margin\" style='border-radius:0px; '><section class=\"av_textblock_section \"  itemscope=\"itemscope\" itemtype=\"https:\/\/schema.org\/BlogPosting\" itemprop=\"blogPost\" ><div class='avia_textblock  '   itemprop=\"text\" ><p dir=\"ltr\" style=\"text-align: justify;\">Ante la circulaci\u00f3n de publicaciones de car\u00e1cter pol\u00edtico, difundidas recientemente a trav\u00e9s de distintos soportes en el contexto del actual proceso eleccionario nacional, la Universidad de Ays\u00e9n deja de manifiesto su rechazo al uso de su nombre, imagen o instalaciones con fines pol\u00edticos o proselitistas.<\/p>\n<p dir=\"ltr\" style=\"text-align: justify;\">En este contexto, es importante aclarar que\u00a0 la instituci\u00f3n no ha autorizado la utilizaci\u00f3n de sus espacios f\u00edsicos, s\u00edmbolos, nombre ni imagen institucional en mensajes, piezas comunicacionales o contenidos de dicha naturaleza.<\/p>\n<p dir=\"ltr\" style=\"text-align: justify;\">La Universidad de Ays\u00e9n es una instituci\u00f3n de educaci\u00f3n superior, estatal y aut\u00f3noma, cuya misi\u00f3n es contribuir al desarrollo nacional, con especial \u00e9nfasis en la Patagonia-Ays\u00e9n, a trav\u00e9s de la formaci\u00f3n integral de profesionales, la investigaci\u00f3n, la creaci\u00f3n e innovaci\u00f3n y la vinculaci\u00f3n con el medio. En coherencia con este mandato p\u00fablico, la instituci\u00f3n se rige por los principios de pluralismo, respeto a la diversidad de ideas, neutralidad pol\u00edtica y autonom\u00eda universitaria.<\/p>\n<p dir=\"ltr\" style=\"text-align: justify;\">En este sentido, la universidad aclara que las publicaciones o mensajes de car\u00e1cter pol\u00edtico en los que se hace referencia directa o indirecta a la Universidad de Ays\u00e9n o que utilizan im\u00e1genes de sus dependencias, no representan en ning\u00fan caso una postura institucional, ni cuentan con el respaldo o autorizaci\u00f3n de esta casa de estudios.<\/p>\n<p dir=\"ltr\" style=\"text-align: justify;\">La Universidad de Ays\u00e9n reafirma su compromiso con el pensamiento cr\u00edtico, el debate democr\u00e1tico. la libertad de c\u00e1tedra y la libre expresi\u00f3n de ideas en el marco acad\u00e9mico, resguardando siempre que estos principios se ejerzan sin comprometer la neutralidad institucional ni el uso indebido de sus espacios o imagen.<\/p>\n<p dir=\"ltr\" style=\"text-align: justify;\">Finalmente, la instituci\u00f3n hace un llamado a respetar el car\u00e1cter p\u00fablico, aut\u00f3nomo y plural de la Universidad de Ays\u00e9n, evitando la utilizaci\u00f3n de su nombre, imagen o dependencias en contextos ajenos a su misi\u00f3n acad\u00e9mica y formativa.<\/p>\n<\/div><\/section><\/div><div  style='height:50px' class='hr hr-invisible   avia-builder-el-6  el_after_av_one_full  el_before_av_social_share '><span class='hr-inner ' ><span class='hr-inner-style'><\/span><\/span><\/div><\/p>\n<div  class='av-social-sharing-box  avia-builder-el-7  el_after_av_hr  el_before_av_hr  '><div class='av-share-box'><h5 class='av-share-link-description av-no-toc '>Compartir esta noticia<\/h5><ul class='av-share-box-list noLightbox'><li class='av-share-link av-social-link-facebook' ><a target=\"_blank\" aria-label=\"Compartir en Facebook\" href='https:\/\/www.facebook.com\/sharer.php?u=https:\/\/radiorevelacionfm.cl\/?p=62446&#038;t=Universidad%20de%20Ays%C3%A9n%20rechaza%20el%20uso%20de%20la%20instituci%C3%B3n%20en%20campa%C3%B1as%20de%20car%C3%A1cter%20pol%C3%ADtico' aria-hidden='false' data-av_icon='\ue8f3' data-av_iconfont='entypo-fontello' title='' data-avia-related-tooltip='Compartir en Facebook' rel=\"noopener\"><span class='avia_hidden_link_text'>Compartir en Facebook<\/span><\/a><\/li><li class='av-share-link av-social-link-twitter' ><a target=\"_blank\" aria-label=\"Compartir en Twitter\" href='https:\/\/twitter.com\/share?text=Universidad%20de%20Ays%C3%A9n%20rechaza%20el%20uso%20de%20la%20instituci%C3%B3n%20en%20campa%C3%B1as%20de%20car%C3%A1cter%20pol%C3%ADtico&#038;url=https:\/\/radiorevelacionfm.cl\/?p=62446' aria-hidden='false' data-av_icon='\ue8f1' data-av_iconfont='entypo-fontello' title='' data-avia-related-tooltip='Compartir en Twitter' rel=\"noopener\"><span class='avia_hidden_link_text'>Compartir en Twitter<\/span><\/a><\/li><li class='av-share-link av-social-link-whatsapp' ><a target=\"_blank\" aria-label=\"Compartir en Whatsapp\" href='https:\/\/api.whatsapp.com\/send?text=https:\/\/radiorevelacionfm.cl\/?p=62446' aria-hidden='false' data-av_icon='\uf232' data-av_iconfont='entypo-fontello' title='' data-avia-related-tooltip='Compartir en Whatsapp' rel=\"noopener\"><span class='avia_hidden_link_text'>Compartir en Whatsapp<\/span><\/a><\/li><li class='av-share-link av-social-link-linkedin' ><a target=\"_blank\" aria-label=\"Compartir en LinkedIn\" href='https:\/\/linkedin.com\/shareArticle?mini=true&#038;title=Universidad%20de%20Ays%C3%A9n%20rechaza%20el%20uso%20de%20la%20instituci%C3%B3n%20en%20campa%C3%B1as%20de%20car%C3%A1cter%20pol%C3%ADtico&#038;url=https:\/\/radiorevelacionfm.cl\/?p=62446' aria-hidden='false' data-av_icon='\ue8fc' data-av_iconfont='entypo-fontello' title='' data-avia-related-tooltip='Compartir en LinkedIn' rel=\"noopener\"><span class='avia_hidden_link_text'>Compartir en LinkedIn<\/span><\/a><\/li><li class='av-share-link av-social-link-mail' ><a  aria-label=\"Compartir por correo\" href='mailto:?subject=Universidad%20de%20Ays%C3%A9n%20rechaza%20el%20uso%20de%20la%20instituci%C3%B3n%20en%20campa%C3%B1as%20de%20car%C3%A1cter%20pol%C3%ADtico&#038;body=https:\/\/radiorevelacionfm.cl\/?p=62446' aria-hidden='false' data-av_icon='\ue805' data-av_iconfont='entypo-fontello' title='' data-avia-related-tooltip='Compartir por correo'><span class='avia_hidden_link_text'>Compartir por correo<\/span><\/a><\/li><\/ul><\/div><\/div>\n<div  style='height:50px' class='hr hr-invisible   avia-builder-el-8  el_after_av_social_share  el_before_av_comments_list '><span class='hr-inner ' ><span class='hr-inner-style'><\/span><\/span><\/div>\n<div  class='av-buildercomment  av-blog-meta-html-info-disabled av-blog-meta-tag-disabled  '><\/div>\n","protected":false},"excerpt":{"rendered":"","protected":false},"author":1,"featured_media":62447,"comment_status":"closed","ping_status":"closed","sticky":false,"template":"","format":"standard","meta":{"footnotes":""},"categories":[49],"tags":[],"class_list":["post-62446","post","type-post","status-publish","format-standard","has-post-thumbnail","hentry","category-educacion"],"jetpack_featured_media_url":"https:\/\/radiorevelacionfm.cl\/wp-content\/uploads\/2025\/12\/campus-lillo-1_optimized-1.jpeg","_links":{"self":[{"href":"https:\/\/radiorevelacionfm.cl\/index.php?rest_route=\/wp\/v2\/posts\/62446","targetHints":{"allow":["GET"]}}],"collection":[{"href":"https:\/\/radiorevelacionfm.cl\/index.php?rest_route=\/wp\/v2\/posts"}],"about":[{"href":"https:\/\/radiorevelacionfm.cl\/index.php?rest_route=\/wp\/v2\/types\/post"}],"author":[{"embeddable":true,"href":"https:\/\/radiorevelacionfm.cl\/index.php?rest_route=\/wp\/v2\/users\/1"}],"replies":[{"embeddable":true,"href":"https:\/\/radiorevelacionfm.cl\/index.php?rest_route=%2Fwp%2Fv2%2Fcomments&post=62446"}],"version-history":[{"count":2,"href":"https:\/\/radiorevelacionfm.cl\/index.php?rest_route=\/wp\/v2\/posts\/62446\/revisions"}],"predecessor-version":[{"id":62449,"href":"https:\/\/radiorevelacionfm.cl\/index.php?rest_route=\/wp\/v2\/posts\/62446\/revisions\/62449"}],"wp:featuredmedia":[{"embeddable":true,"href":"https:\/\/radiorevelacionfm.cl\/index.php?rest_route=\/wp\/v2\/media\/62447"}],"wp:attachment":[{"href":"https:\/\/radiorevelacionfm.cl\/index.php?rest_route=%2Fwp%2Fv2%2Fmedia&parent=62446"}],"wp:term":[{"taxonomy":"category","embeddable":true,"href":"https:\/\/radiorevelacionfm.cl\/index.php?rest_route=%2Fwp%2Fv2%2Fcategories&post=62446"},{"taxonomy":"post_tag","embeddable":true,"href":"https:\/\/radiorevelacionfm.cl\/index.php?rest_route=%2Fwp%2Fv2%2Ftags&post=62446"}],"curies":[{"name":"wp","href":"https:\/\/api.w.org\/{rel}","templated":true}]}}