{"id":62439,"date":"2025-12-12T15:04:50","date_gmt":"2025-12-12T18:04:50","guid":{"rendered":"https:\/\/radiorevelacionfm.cl\/?p=62439"},"modified":"2025-12-12T15:10:31","modified_gmt":"2025-12-12T18:10:31","slug":"la-orquesta-sinfonica-juvenil-regional-aysen-busca-nuevos-talentos-postula-a-la-convocatoria-foji-2026","status":"publish","type":"post","link":"https:\/\/radiorevelacionfm.cl\/?p=62439","title":{"rendered":"La Orquesta Sinf\u00f3nica Juvenil Regional de Ays\u00e9n busca nuevos talentos: postula a la convocatoria FOJI 2026"},"content":{"rendered":"<div class=\"flex_column av_one_full  flex_column_div av-zero-column-padding first  avia-builder-el-0  el_before_av_one_full  avia-builder-el-first  \" style='border-radius:0px; '><div  class='avia-image-container  av-styling-    avia-builder-el-1  avia-builder-el-no-sibling  avia-align-center '  itemprop=\"image\" itemscope=\"itemscope\" itemtype=\"https:\/\/schema.org\/ImageObject\"  ><div class='avia-image-container-inner'><div class='avia-image-overlay-wrap'><img decoding=\"async\" class='wp-image-62440 avia-img-lazy-loading-not-62440 avia_image' src=\"https:\/\/radiorevelacionfm.cl\/wp-content\/uploads\/2025\/12\/A-FOJI-83-1-1.jpg\" alt='' title='A FOJI 83 (1) (1)' height=\"600\" width=\"900\"  itemprop=\"thumbnailUrl\" srcset=\"https:\/\/radiorevelacionfm.cl\/wp-content\/uploads\/2025\/12\/A-FOJI-83-1-1.jpg 900w, https:\/\/radiorevelacionfm.cl\/wp-content\/uploads\/2025\/12\/A-FOJI-83-1-1-300x200.jpg 300w, https:\/\/radiorevelacionfm.cl\/wp-content\/uploads\/2025\/12\/A-FOJI-83-1-1-768x512.jpg 768w, https:\/\/radiorevelacionfm.cl\/wp-content\/uploads\/2025\/12\/A-FOJI-83-1-1-705x470.jpg 705w, https:\/\/radiorevelacionfm.cl\/wp-content\/uploads\/2025\/12\/A-FOJI-83-1-1-450x300.jpg 450w, https:\/\/radiorevelacionfm.cl\/wp-content\/uploads\/2025\/12\/A-FOJI-83-1-1-600x400.jpg 600w\" sizes=\"(max-width: 900px) 100vw, 900px\" \/><\/div><\/div><\/div><\/div>\n<div class=\"flex_column av_one_full  flex_column_div av-zero-column-padding first  avia-builder-el-2  el_after_av_one_full  el_before_av_one_full  column-top-margin\" style='border-radius:0px; '><section class=\"av_textblock_section \"  itemscope=\"itemscope\" itemtype=\"https:\/\/schema.org\/BlogPosting\" itemprop=\"blogPost\" ><div class='avia_textblock  '   itemprop=\"text\" ><p style=\"text-align: center;\"><strong><span style=\"font-size: 18pt;\">La Orquesta Sinf\u00f3nica Juvenil Regional de Ays\u00e9n busca nuevos talentos: postula a la convocatoria FOJI 2026<\/span><\/strong><\/p>\n<div id=\"gtx-trans\" style=\"position: absolute; left: -50px; top: 4.31534px;\">\n<div class=\"gtx-trans-icon\"><\/div>\n<\/div>\n<\/div><\/section><\/div><div class=\"flex_column av_one_full  flex_column_div av-zero-column-padding first  avia-builder-el-4  el_after_av_one_full  el_before_av_hr  column-top-margin\" style='border-radius:0px; '><section class=\"av_textblock_section \"  itemscope=\"itemscope\" itemtype=\"https:\/\/schema.org\/BlogPosting\" itemprop=\"blogPost\" ><div class='avia_textblock  '   itemprop=\"text\" ><p style=\"text-align: justify;\"><em>Puedes postular desde el 20 de noviembre hasta el 15 de diciembre para ser parte de la temporada 2026 del conjunto orquestal. Los becados y becadas tendr\u00e1n acceso a formaci\u00f3n presencial, acompa\u00f1amiento psicosocial y econ\u00f3mico, adem\u00e1s de presentarse en importantes escenarios de la regi\u00f3n.<\/em><\/p>\n<p style=\"text-align: justify;\">La Fundaci\u00f3n de Orquestas Juveniles e Infantiles (FOJI) invita a los j\u00f3venes de la Regi\u00f3n de Ays\u00e9n a participar en la pr\u00e1ctica orquestal formativa de la Orquesta Sinf\u00f3nica Juvenil Regional Ays\u00e9n (OSJR). La convocatoria 2026 ya se encuentra disponible, ofreciendo 59 cupos para int\u00e9rpretes de entre 10 y 20 a\u00f1os que deseen perfeccionarse con instructores destacados a nivel nacional.<\/p>\n<p style=\"text-align: justify;\">La OSJR Ays\u00e9n cuenta con m\u00e1s de dos d\u00e9cadas de trayectoria y forma parte de las quince orquestas sinf\u00f3nicas creadas para representar a cada regi\u00f3n del pa\u00eds. A lo largo de su historia, esta reconocida agrupaci\u00f3n se ha presentado en diversos escenarios relevantes del territorio regional, como la Catedral de Coyhaique, Casa de la Cultura y Cine Municipal de Puerto Ays\u00e9n, Centro Cultural de Coyhaique, Museo Regional de Ays\u00e9n, Escuela Aonikenk de Puerto Ib\u00e1\u00f1ez, Colegio Diego Portales y Liceo Josefina Aguirre Montenegro de Coyhaique, entre otros.<\/p>\n<p style=\"text-align: justify;\">Adem\u00e1s del trabajo musical y la participaci\u00f3n en conciertos, los becados y becadas de FOJI podr\u00e1n acceder a acompa\u00f1amiento psicosocial, de acuerdo con las necesidades de cada beneficiario. Tambi\u00e9n recibir\u00e1n una subvenci\u00f3n mensual de $60.000 durante ocho meses, destinada a apoyar parcialmente los gastos asociados a su participaci\u00f3n en la orquesta.<\/p>\n<p style=\"text-align: justify;\">La modalidad de estudio ser\u00e1 presencial en el Liceo Josefina Aguirre Montenegro, ubicado en Jos\u00e9 Miguel Carrera 485, Coyhaique. La beca tendr\u00e1 una duraci\u00f3n de diez meses, iniciando el 1 de abril de 2026 y finalizando el 31 de enero de 2027. Es importante considerar que tanto el lugar de clases como el calendario podr\u00edan experimentar modificaciones.<\/p>\n<p style=\"text-align: justify;\"><strong>\u00bfQui\u00e9nes pueden postular?<\/strong><\/p>\n<p style=\"text-align: justify;\">La convocatoria est\u00e1 dirigida a ni\u00f1os, ni\u00f1as, adolescentes y j\u00f3venes nacidos entre el 1 de enero de 2006 y el 31 de diciembre de 2016. Tanto los postulantes como sus cuidadores legales deben contar con C\u00e9dula Nacional de Identidad o C\u00e9dula para Extranjeros vigente al momento del cierre del proceso. Adem\u00e1s, deben residir en la Regi\u00f3n de Ays\u00e9n. Todos los seleccionados deber\u00e1n estar cursando estudios en educaci\u00f3n b\u00e1sica, media o superior en establecimientos reconocidos por el Estado y ubicados en la misma regi\u00f3n.<\/p>\n<p style=\"text-align: justify;\">Asimismo, los participantes deber\u00e1n acreditar conocimientos en el instrumento al que postulan y en lectura musical. Por ello se solicita que se encuentren estudiando en una orquesta, ensamble, agrupaci\u00f3n musical, instituci\u00f3n formativa o con un profesor particular.<\/p>\n<p style=\"text-align: justify;\"><strong>\u00bfC\u00f3mo postular?<\/strong><\/p>\n<p style=\"text-align: justify;\">El proceso comenz\u00f3 el 21 de noviembre de 2025 y finalizar\u00e1 el 15 de diciembre a las 23:59 horas. En esta fase se debe completar el <a href=\"https:\/\/www.formpl.us\/form\/5050208419381248\">Formulario de Inscripci\u00f3n<\/a> en l\u00ednea y adjuntar toda la documentaci\u00f3n indicada en las bases.<\/p>\n<p style=\"text-align: justify;\">Tras enviar la postulaci\u00f3n y verificar los antecedentes, se realizar\u00e1n audiciones presenciales el 21 de diciembre en el Liceo Josefina Aguirre Montenegro, ubicado en Jos\u00e9 Miguel Carrera 485, Coyhaique. Los horarios espec\u00edficos de cada fila instrumental ser\u00e1n comunicados directamente a los postulantes. La tenida obligatoria de audici\u00f3n es semi formal.<\/p>\n<p style=\"text-align: justify;\">Los resultados se publicar\u00e1n en el sitio oficial de la Fundaci\u00f3n (<a href=\"http:\/\/www.foji.cl\">www.foji.cl<\/a>). \u00c9stos ser\u00e1n inapelables, excepto ante eventuales errores formales de transcripci\u00f3n. No existe ninguna instancia adicional de revisi\u00f3n.<\/p>\n<p style=\"text-align: justify;\"><strong>Cupos disponibles<\/strong><\/p>\n<ul style=\"text-align: justify;\">\n<li>14 Violines<\/li>\n<li>05 Violas<\/li>\n<li>04 Violoncellos<\/li>\n<li>02 Contrabajos<\/li>\n<li>02 Flautas Traversas<\/li>\n<li>02 Oboes<\/li>\n<li>02 Clarinetes<\/li>\n<li>02 Fagotes<\/li>\n<li>02 Cornos franc\u00e9s<\/li>\n<li>02 Trompetas<\/li>\n<li>01 Tromb\u00f3n<\/li>\n<li>01 Tuba<\/li>\n<li>04 Percusiones<\/li>\n<li>01 Piano<\/li>\n<\/ul>\n<p style=\"text-align: justify;\">Se podr\u00e1n enviar dudas y consultas entre el 21 de noviembre y el 15 de diciembre al siguiente correo electr\u00f3nico: <a href=\"mailto:osjr.ohiggins@foji.cl\">osjr.aysen@foji.cl<\/a>.<\/p>\n<p style=\"text-align: justify;\"><strong>Sobre FOJI<\/strong><\/p>\n<p style=\"text-align: justify;\">La Fundaci\u00f3n Nacional de Orquestas Juveniles e Infantiles de Chile (FOJI) se dedica a promover el desarrollo social, cultural y educacional del pa\u00eds, brindando oportunidades para que los ni\u00f1os, ni\u00f1as y j\u00f3venes de todo Chile accedan a una mejor calidad de vida a trav\u00e9s de la pr\u00e1ctica musical de sus elencos; acercando la m\u00fasica de concierto a todas las personas, sin distinci\u00f3n.<\/p>\n<p style=\"text-align: justify;\">Desde su modelo formativo, FOJI busca contribuir al desarrollo integral de los becados\/as mediante el fomento de la pr\u00e1ctica musical de sus elencos y ense\u00f1anza dentro de un marco de respeto y compromiso social, entregando una experiencia formativa caracterizada por ser activa y colaborativa, con acceso social y territorial, que procura las condiciones \u00f3ptimas para el logro de los objetivos formativos.<\/p>\n<p style=\"text-align: justify;\">M\u00e1s informaci\u00f3n en <a href=\"http:\/\/www.foji.cl\">www.foji.cl<\/a><\/p>\n<p style=\"text-align: justify;\"><em>FOJI cuenta con financiamiento del Ministerio de las Culturas, las Artes y el Patrimonio.<\/em><\/p>\n<\/div><\/section><\/div><\/p>\n<div  style='height:50px' class='hr hr-invisible   avia-builder-el-6  el_after_av_one_full  el_before_av_social_share '><span class='hr-inner ' ><span class='hr-inner-style'><\/span><\/span><\/div>\n<div  class='av-social-sharing-box  avia-builder-el-7  el_after_av_hr  el_before_av_hr  '><div class='av-share-box'><h5 class='av-share-link-description av-no-toc '>Compartir esta noticia<\/h5><ul class='av-share-box-list noLightbox'><li class='av-share-link av-social-link-facebook' ><a target=\"_blank\" aria-label=\"Compartir en Facebook\" href='https:\/\/www.facebook.com\/sharer.php?u=https:\/\/radiorevelacionfm.cl\/?p=62439&#038;t=La%20Orquesta%20Sinf%C3%B3nica%20Juvenil%20Regional%20de%20Ays%C3%A9n%20busca%20nuevos%20talentos%3A%20postula%20a%20la%20convocatoria%20FOJI%202026' aria-hidden='false' data-av_icon='\ue8f3' data-av_iconfont='entypo-fontello' title='' data-avia-related-tooltip='Compartir en Facebook' rel=\"noopener\"><span class='avia_hidden_link_text'>Compartir en Facebook<\/span><\/a><\/li><li class='av-share-link av-social-link-twitter' ><a target=\"_blank\" aria-label=\"Compartir en Twitter\" href='https:\/\/twitter.com\/share?text=La%20Orquesta%20Sinf%C3%B3nica%20Juvenil%20Regional%20de%20Ays%C3%A9n%20busca%20nuevos%20talentos%3A%20postula%20a%20la%20convocatoria%20FOJI%202026&#038;url=https:\/\/radiorevelacionfm.cl\/?p=62439' aria-hidden='false' data-av_icon='\ue8f1' data-av_iconfont='entypo-fontello' title='' data-avia-related-tooltip='Compartir en Twitter' rel=\"noopener\"><span class='avia_hidden_link_text'>Compartir en Twitter<\/span><\/a><\/li><li class='av-share-link av-social-link-whatsapp' ><a target=\"_blank\" aria-label=\"Compartir en Whatsapp\" href='https:\/\/api.whatsapp.com\/send?text=https:\/\/radiorevelacionfm.cl\/?p=62439' aria-hidden='false' data-av_icon='\uf232' data-av_iconfont='entypo-fontello' title='' data-avia-related-tooltip='Compartir en Whatsapp' rel=\"noopener\"><span class='avia_hidden_link_text'>Compartir en Whatsapp<\/span><\/a><\/li><li class='av-share-link av-social-link-linkedin' ><a target=\"_blank\" aria-label=\"Compartir en LinkedIn\" href='https:\/\/linkedin.com\/shareArticle?mini=true&#038;title=La%20Orquesta%20Sinf%C3%B3nica%20Juvenil%20Regional%20de%20Ays%C3%A9n%20busca%20nuevos%20talentos%3A%20postula%20a%20la%20convocatoria%20FOJI%202026&#038;url=https:\/\/radiorevelacionfm.cl\/?p=62439' aria-hidden='false' data-av_icon='\ue8fc' data-av_iconfont='entypo-fontello' title='' data-avia-related-tooltip='Compartir en LinkedIn' rel=\"noopener\"><span class='avia_hidden_link_text'>Compartir en LinkedIn<\/span><\/a><\/li><li class='av-share-link av-social-link-mail' ><a  aria-label=\"Compartir por correo\" href='mailto:?subject=La%20Orquesta%20Sinf%C3%B3nica%20Juvenil%20Regional%20de%20Ays%C3%A9n%20busca%20nuevos%20talentos%3A%20postula%20a%20la%20convocatoria%20FOJI%202026&#038;body=https:\/\/radiorevelacionfm.cl\/?p=62439' aria-hidden='false' data-av_icon='\ue805' data-av_iconfont='entypo-fontello' title='' data-avia-related-tooltip='Compartir por correo'><span class='avia_hidden_link_text'>Compartir por correo<\/span><\/a><\/li><\/ul><\/div><\/div>\n<div  style='height:50px' class='hr hr-invisible   avia-builder-el-8  el_after_av_social_share  el_before_av_comments_list '><span class='hr-inner ' ><span class='hr-inner-style'><\/span><\/span><\/div>\n<div  class='av-buildercomment  av-blog-meta-html-info-disabled av-blog-meta-tag-disabled  '><\/div>\n","protected":false},"excerpt":{"rendered":"","protected":false},"author":1,"featured_media":62440,"comment_status":"closed","ping_status":"closed","sticky":false,"template":"","format":"standard","meta":{"footnotes":""},"categories":[52],"tags":[],"class_list":["post-62439","post","type-post","status-publish","format-standard","has-post-thumbnail","hentry","category-cultura"],"jetpack_featured_media_url":"https:\/\/radiorevelacionfm.cl\/wp-content\/uploads\/2025\/12\/A-FOJI-83-1-1.jpg","_links":{"self":[{"href":"https:\/\/radiorevelacionfm.cl\/index.php?rest_route=\/wp\/v2\/posts\/62439","targetHints":{"allow":["GET"]}}],"collection":[{"href":"https:\/\/radiorevelacionfm.cl\/index.php?rest_route=\/wp\/v2\/posts"}],"about":[{"href":"https:\/\/radiorevelacionfm.cl\/index.php?rest_route=\/wp\/v2\/types\/post"}],"author":[{"embeddable":true,"href":"https:\/\/radiorevelacionfm.cl\/index.php?rest_route=\/wp\/v2\/users\/1"}],"replies":[{"embeddable":true,"href":"https:\/\/radiorevelacionfm.cl\/index.php?rest_route=%2Fwp%2Fv2%2Fcomments&post=62439"}],"version-history":[{"count":3,"href":"https:\/\/radiorevelacionfm.cl\/index.php?rest_route=\/wp\/v2\/posts\/62439\/revisions"}],"predecessor-version":[{"id":62442,"href":"https:\/\/radiorevelacionfm.cl\/index.php?rest_route=\/wp\/v2\/posts\/62439\/revisions\/62442"}],"wp:featuredmedia":[{"embeddable":true,"href":"https:\/\/radiorevelacionfm.cl\/index.php?rest_route=\/wp\/v2\/media\/62440"}],"wp:attachment":[{"href":"https:\/\/radiorevelacionfm.cl\/index.php?rest_route=%2Fwp%2Fv2%2Fmedia&parent=62439"}],"wp:term":[{"taxonomy":"category","embeddable":true,"href":"https:\/\/radiorevelacionfm.cl\/index.php?rest_route=%2Fwp%2Fv2%2Fcategories&post=62439"},{"taxonomy":"post_tag","embeddable":true,"href":"https:\/\/radiorevelacionfm.cl\/index.php?rest_route=%2Fwp%2Fv2%2Ftags&post=62439"}],"curies":[{"name":"wp","href":"https:\/\/api.w.org\/{rel}","templated":true}]}}