{"id":62436,"date":"2025-12-13T12:59:24","date_gmt":"2025-12-13T15:59:24","guid":{"rendered":"https:\/\/radiorevelacionfm.cl\/?p=62436"},"modified":"2025-12-13T12:59:24","modified_gmt":"2025-12-13T15:59:24","slug":"11a-encuesta-nacional-de-juventudes-crece-valoracion-de-la-democracia-entre-los-jovenes-un-55-cree-que-es-la-mejor-forma-de-gobierno-10-mas-que-en-2015","status":"publish","type":"post","link":"https:\/\/radiorevelacionfm.cl\/?p=62436","title":{"rendered":"11\u00aa Encuesta Nacional de Juventudes: Crece valoraci\u00f3n de la democracia entre los j\u00f3venes: un 55% cree que es la mejor forma de gobierno, 10% m\u00e1s que en 2015"},"content":{"rendered":"<div class=\"flex_column av_one_full  flex_column_div av-zero-column-padding first  avia-builder-el-0  el_before_av_one_full  avia-builder-el-first  \" style='border-radius:0px; '><div  class='avia-image-container  av-styling-    avia-builder-el-1  avia-builder-el-no-sibling  avia-align-center '  itemprop=\"image\" itemscope=\"itemscope\" itemtype=\"https:\/\/schema.org\/ImageObject\"  ><div class='avia-image-container-inner'><div class='avia-image-overlay-wrap'><img decoding=\"async\" class='wp-image-62437 avia-img-lazy-loading-not-62437 avia_image' src=\"https:\/\/radiorevelacionfm.cl\/wp-content\/uploads\/2025\/12\/FOTO-1-2025-12-12T123027.761-1-1.jpg\" alt='' title='FOTO 1 - 2025-12-12T123027.761 (1) (1)' height=\"605\" width=\"803\"  itemprop=\"thumbnailUrl\" srcset=\"https:\/\/radiorevelacionfm.cl\/wp-content\/uploads\/2025\/12\/FOTO-1-2025-12-12T123027.761-1-1.jpg 803w, https:\/\/radiorevelacionfm.cl\/wp-content\/uploads\/2025\/12\/FOTO-1-2025-12-12T123027.761-1-1-300x226.jpg 300w, https:\/\/radiorevelacionfm.cl\/wp-content\/uploads\/2025\/12\/FOTO-1-2025-12-12T123027.761-1-1-768x579.jpg 768w, https:\/\/radiorevelacionfm.cl\/wp-content\/uploads\/2025\/12\/FOTO-1-2025-12-12T123027.761-1-1-705x531.jpg 705w, https:\/\/radiorevelacionfm.cl\/wp-content\/uploads\/2025\/12\/FOTO-1-2025-12-12T123027.761-1-1-450x339.jpg 450w, https:\/\/radiorevelacionfm.cl\/wp-content\/uploads\/2025\/12\/FOTO-1-2025-12-12T123027.761-1-1-600x452.jpg 600w\" sizes=\"(max-width: 803px) 100vw, 803px\" \/><\/div><\/div><\/div><\/div><div class=\"flex_column av_one_full  flex_column_div av-zero-column-padding first  avia-builder-el-2  el_after_av_one_full  el_before_av_one_full  column-top-margin\" style='border-radius:0px; '><section class=\"av_textblock_section \"  itemscope=\"itemscope\" itemtype=\"https:\/\/schema.org\/BlogPosting\" itemprop=\"blogPost\" ><div class='avia_textblock  '   itemprop=\"text\" ><p style=\"text-align: center;\"><strong><span style=\"font-size: 18pt;\">11\u00aa Encuesta Nacional de Juventudes: Crece valoraci\u00f3n de la democracia entre los j\u00f3venes: un 55% cree que es la mejor forma de gobierno, 10% m\u00e1s que en 2015<\/span><\/strong><\/p>\n<div id=\"gtx-trans\" style=\"position: absolute; left: -50px; top: 4.31534px;\">\n<div class=\"gtx-trans-icon\"><\/div>\n<\/div>\n<\/div><\/section><\/div><div class=\"flex_column av_one_full  flex_column_div av-zero-column-padding first  avia-builder-el-4  el_after_av_one_full  el_before_av_hr  column-top-margin\" style='border-radius:0px; '><section class=\"av_textblock_section \"  itemscope=\"itemscope\" itemtype=\"https:\/\/schema.org\/BlogPosting\" itemprop=\"blogPost\" ><div class='avia_textblock  '   itemprop=\"text\" ><ul>\n<li style=\"text-align: justify;\"><em>La medici\u00f3n muestra que un 70% ha participado en alguna organizaci\u00f3n social durante el \u00faltimo a\u00f1o y el aument\u00f3 en 10 puntos el deseo de tener hijos, llegando a 75%.<\/em><\/li>\n<\/ul>\n<p style=\"text-align: justify;\">El Instituto Nacional de la Juventud (INJUV), del Ministerio de Desarrollo Social y Familia, present\u00f3 los principales resultados de la 11\u00aa Encuesta Nacional de Juventudes (ENJ), una medici\u00f3n que se ha consolidado como la principal fuente de informaci\u00f3n sobre las realidades, percepciones y aspiraciones de las juventudes que residen en Chile. El evento de lanzamiento se realiz\u00f3 en el Centro Cultural Gabriela Mistral (GAM), donde se destac\u00f3 la relevancia de este instrumento para el dise\u00f1o de pol\u00edticas p\u00fablicas en materia de juventudes.<\/p>\n<p style=\"text-align: justify;\">Dentro de los principales resultados, la encuesta muestra una fuerte preferencia por formas de empleo con caracter\u00edsticas tradicionales: m\u00e1s del 70% de las personas j\u00f3venes prefiere el trabajo presencial frente al teletrabajo y, a su vez, se inclina por horarios fijos en desmedro de los flexibles.<\/p>\n<p style=\"text-align: justify;\">El 70% declara haber participado en alguna organizaci\u00f3n social durante el \u00faltimo a\u00f1o, una cifra hist\u00f3rica que da cuenta de la necesidad de involucramiento y participaci\u00f3n que tienen las juventudes. En cuanto al inter\u00e9s por la pol\u00edtica, la encuesta muestra que m\u00e1s de la mitad (55%) prefiere la democracia como forma de gobierno; lo que representa un aumento de 10 puntos respecto al 2015.<\/p>\n<p style=\"text-align: justify;\">Por otro lado, las juventudes son cada vez m\u00e1s responsables en su vida sexual: 92% declar\u00f3 haber usado un m\u00e9todo anticonceptivo en su primera relaci\u00f3n sexual y 87% en la \u00faltima. Adem\u00e1s, aunque solo el 18% es padre o madre, el deseo de tener hijos o hijas entre aquellas juventudes que a\u00fan no los tienen aument\u00f3 en comparaci\u00f3n con 2018, pasando de un 65% a un 75%.<\/p>\n<p style=\"text-align: justify;\">La ministra de Desarrollo Social y Familia, Javiera Toro, destac\u00f3 que esta encuesta muestra \u201cel alto inter\u00e9s y participaci\u00f3n de las juventudes en distintos tipos de organizaciones. Durante mucho tiempo se habl\u00f3 de que las juventudes solo ten\u00edan preocupaciones individuales, y lo que vemos hoy es una alta y mayoritaria participaci\u00f3n en diversas formas de organizaci\u00f3n, lo que habla de un deseo de encontrarse, de contribuir a la sociedad. Eso tambi\u00e9n se refleja en datos alentadores, como una mayor valoraci\u00f3n de la democracia. Por supuesto, preocupan las cifras que muestran que a\u00fan hay j\u00f3venes que creen que, bajo ciertas circunstancias, podr\u00eda justificarse un gobierno autoritario. Pero es importante valorar lo que se ha avanzado y cuidar lo que tenemos. Y eso es lo que ha hecho el Gobierno del Presidente Boric: impulsar pol\u00edticas p\u00fablicas que no buscan decirle a nadie \u2014y menos a las y los j\u00f3venes\u2014 c\u00f3mo vivir, sino entregar condiciones para que puedan desarrollar sus propios proyectos de vida, de manera individual y tambi\u00e9n colectiva\u201d.<\/p>\n<p style=\"text-align: justify;\">El director regional de INJUV Ays\u00e9n, Camilo Trivi\u00f1o Urtubia, destac\u00f3 que esta encuesta \u201ces una herramienta fundamental para entender c\u00f3mo est\u00e1n viviendo, pensando y so\u00f1ando las juventudes en Chile. Nos permite aportar en el dise\u00f1o de pol\u00edticas p\u00fablicas m\u00e1s pertinentes, que respondan a sus necesidades reales y reconozcan la diversidad de experiencias juveniles que existen en el pa\u00eds.<\/p>\n<p style=\"text-align: justify;\">\u201cEn Ays\u00e9n, estos resultados son especialmente relevantes porque permiten comprender las particularidades de un territorio extenso y rural, marcado por brechas en conectividad, oportunidades y servicios. Contar con datos espec\u00edficos fortalece la pertinencia territorial de nuestras acciones y orienta pol\u00edticas acordes a la realidad regional. Este ejercicio reafirma nuestro compromiso con un Estado que escucha y pone a las juventudes en el centro de las decisiones.\u201d<\/p>\n<p style=\"text-align: justify;\"><strong>Otros resultados de la Encuesta<\/strong><\/p>\n<p style=\"text-align: justify;\">Otro hallazgo relevante es que el 16% de las juventudes ejerce labores de cuidado, y que 2 de cada 3 de ellas son mujeres (64%), lo que evidencia una distribuci\u00f3n desigual de las responsabilidades familiares. En materia de convivencia, m\u00e1s de la mitad (53%) de las personas entre 25 y 29 a\u00f1os a\u00fan vive con su madre y\/o padre, una cifra que refleja las dificultades para lograr la autonom\u00eda residencial.<\/p>\n<p style=\"text-align: justify;\">El panorama educativo tambi\u00e9n muestra avances: 36% de las juventudes cuenta con educaci\u00f3n superior completa o incompleta; el nivel m\u00e1s alto en la historia de la medici\u00f3n. Sin embargo, el 26% de estos indica que \u201cda lo mismo lo que se estudie, porque despu\u00e9s hay que trabajar en lo que sea\u201d. Sumado a lo anterior, se mantiene una baja evaluaci\u00f3n de oportunidades para conseguir un buen empleo, con una nota promedio de 4,2.<\/p>\n<p style=\"text-align: justify;\">En relaci\u00f3n con la salud mental, persisten desaf\u00edos importantes, ya que el 10% posee sintomatolog\u00eda depresiva y\/o ansiosa grave. Asimismo, un 18% de las juventudes recibi\u00f3 un diagn\u00f3stico en salud mental, siendo ansiedad (34%) y depresi\u00f3n (27%) los principales.<\/p>\n<p style=\"text-align: justify;\">Esta edici\u00f3n incorpora nuevas tem\u00e1ticas que reflejan las preocupaciones contempor\u00e1neas de las juventudes: medioambiente, inteligencia artificial, violencia ginecobst\u00e9trica, educaci\u00f3n sexual, violencia sexual y juventudes rurales, junto con preguntas in\u00e9ditas sobre labores de cuidado y motivaciones para no tener hijos. Estos nuevos ejes buscan capturar la complejidad de las realidades actuales de las juventudes del pa\u00eds, con el fin de ofrecer informaci\u00f3n relevante para el debate p\u00fablico y la acci\u00f3n estatal. Adem\u00e1s, y como viene siendo la t\u00f3nica desde 2015, tambi\u00e9n la encuesta se aplica a una muestra de personas entre 30-59 a\u00f1os, lo que permite realizar comparaciones en indicadores claves entre j\u00f3venes y personas adultas.<\/p>\n<p style=\"text-align: justify;\">Realizada desde 1994, la Encuesta Nacional de Juventudes se aplica en todas las regiones del pa\u00eds, abarcando tanto zonas urbanas como rurales. Su continuidad y amplitud la posicionan como un referente a nivel iberoamericano, permitiendo observar c\u00f3mo cambian las generaciones j\u00f3venes en Chile y c\u00f3mo esas transformaciones pueden guiar la construcci\u00f3n de un futuro m\u00e1s justo e inclusivo.<\/p>\n<p style=\"text-align: justify;\">Encuentra todos los datos en <a href=\"https:\/\/www.injuv.gob.cl\/encuestanacionaldejuventud\">injuv.gob.cl\/encuestanacionaldejuventud<\/a><\/p>\n<\/div><\/section><\/div><div  style='height:50px' class='hr hr-invisible   avia-builder-el-6  el_after_av_one_full  el_before_av_social_share '><span class='hr-inner ' ><span class='hr-inner-style'><\/span><\/span><\/div><\/p>\n<div  class='av-social-sharing-box  avia-builder-el-7  el_after_av_hr  el_before_av_hr  '><div class='av-share-box'><h5 class='av-share-link-description av-no-toc '>Compartir esta noticia<\/h5><ul class='av-share-box-list noLightbox'><li class='av-share-link av-social-link-facebook' ><a target=\"_blank\" aria-label=\"Compartir en Facebook\" href='https:\/\/www.facebook.com\/sharer.php?u=https:\/\/radiorevelacionfm.cl\/?p=62436&#038;t=11%C2%AA%20Encuesta%20Nacional%20de%20Juventudes%3A%20Crece%20valoraci%C3%B3n%20de%20la%20democracia%20entre%20los%20j%C3%B3venes%3A%20un%2055%25%20cree%20que%20es%20la%20mejor%20forma%20de%20gobierno%2C%2010%25%20m%C3%A1s%20que%20en%202015' aria-hidden='false' data-av_icon='\ue8f3' data-av_iconfont='entypo-fontello' title='' data-avia-related-tooltip='Compartir en Facebook' rel=\"noopener\"><span class='avia_hidden_link_text'>Compartir en Facebook<\/span><\/a><\/li><li class='av-share-link av-social-link-twitter' ><a target=\"_blank\" aria-label=\"Compartir en Twitter\" href='https:\/\/twitter.com\/share?text=11%C2%AA%20Encuesta%20Nacional%20de%20Juventudes%3A%20Crece%20valoraci%C3%B3n%20de%20la%20democracia%20entre%20los%20j%C3%B3venes%3A%20un%2055%25%20cree%20que%20es%20la%20mejor%20forma%20de%20gobierno%2C%2010%25%20m%C3%A1s%20que%20en%202015&#038;url=https:\/\/radiorevelacionfm.cl\/?p=62436' aria-hidden='false' data-av_icon='\ue8f1' data-av_iconfont='entypo-fontello' title='' data-avia-related-tooltip='Compartir en Twitter' rel=\"noopener\"><span class='avia_hidden_link_text'>Compartir en Twitter<\/span><\/a><\/li><li class='av-share-link av-social-link-whatsapp' ><a target=\"_blank\" aria-label=\"Compartir en Whatsapp\" href='https:\/\/api.whatsapp.com\/send?text=https:\/\/radiorevelacionfm.cl\/?p=62436' aria-hidden='false' data-av_icon='\uf232' data-av_iconfont='entypo-fontello' title='' data-avia-related-tooltip='Compartir en Whatsapp' rel=\"noopener\"><span class='avia_hidden_link_text'>Compartir en Whatsapp<\/span><\/a><\/li><li class='av-share-link av-social-link-linkedin' ><a target=\"_blank\" aria-label=\"Compartir en LinkedIn\" href='https:\/\/linkedin.com\/shareArticle?mini=true&#038;title=11%C2%AA%20Encuesta%20Nacional%20de%20Juventudes%3A%20Crece%20valoraci%C3%B3n%20de%20la%20democracia%20entre%20los%20j%C3%B3venes%3A%20un%2055%25%20cree%20que%20es%20la%20mejor%20forma%20de%20gobierno%2C%2010%25%20m%C3%A1s%20que%20en%202015&#038;url=https:\/\/radiorevelacionfm.cl\/?p=62436' aria-hidden='false' data-av_icon='\ue8fc' data-av_iconfont='entypo-fontello' title='' data-avia-related-tooltip='Compartir en LinkedIn' rel=\"noopener\"><span class='avia_hidden_link_text'>Compartir en LinkedIn<\/span><\/a><\/li><li class='av-share-link av-social-link-mail' ><a  aria-label=\"Compartir por correo\" href='mailto:?subject=11%C2%AA%20Encuesta%20Nacional%20de%20Juventudes%3A%20Crece%20valoraci%C3%B3n%20de%20la%20democracia%20entre%20los%20j%C3%B3venes%3A%20un%2055%25%20cree%20que%20es%20la%20mejor%20forma%20de%20gobierno%2C%2010%25%20m%C3%A1s%20que%20en%202015&#038;body=https:\/\/radiorevelacionfm.cl\/?p=62436' aria-hidden='false' data-av_icon='\ue805' data-av_iconfont='entypo-fontello' title='' data-avia-related-tooltip='Compartir por correo'><span class='avia_hidden_link_text'>Compartir por correo<\/span><\/a><\/li><\/ul><\/div><\/div>\n<div  style='height:50px' class='hr hr-invisible   avia-builder-el-8  el_after_av_social_share  el_before_av_comments_list '><span class='hr-inner ' ><span class='hr-inner-style'><\/span><\/span><\/div>\n<div  class='av-buildercomment  av-blog-meta-html-info-disabled av-blog-meta-tag-disabled  '><\/div>\n","protected":false},"excerpt":{"rendered":"","protected":false},"author":1,"featured_media":62437,"comment_status":"closed","ping_status":"closed","sticky":false,"template":"","format":"standard","meta":{"footnotes":""},"categories":[61],"tags":[],"class_list":["post-62436","post","type-post","status-publish","format-standard","has-post-thumbnail","hentry","category-nacional"],"jetpack_featured_media_url":"https:\/\/radiorevelacionfm.cl\/wp-content\/uploads\/2025\/12\/FOTO-1-2025-12-12T123027.761-1-1.jpg","_links":{"self":[{"href":"https:\/\/radiorevelacionfm.cl\/index.php?rest_route=\/wp\/v2\/posts\/62436","targetHints":{"allow":["GET"]}}],"collection":[{"href":"https:\/\/radiorevelacionfm.cl\/index.php?rest_route=\/wp\/v2\/posts"}],"about":[{"href":"https:\/\/radiorevelacionfm.cl\/index.php?rest_route=\/wp\/v2\/types\/post"}],"author":[{"embeddable":true,"href":"https:\/\/radiorevelacionfm.cl\/index.php?rest_route=\/wp\/v2\/users\/1"}],"replies":[{"embeddable":true,"href":"https:\/\/radiorevelacionfm.cl\/index.php?rest_route=%2Fwp%2Fv2%2Fcomments&post=62436"}],"version-history":[{"count":2,"href":"https:\/\/radiorevelacionfm.cl\/index.php?rest_route=\/wp\/v2\/posts\/62436\/revisions"}],"predecessor-version":[{"id":62463,"href":"https:\/\/radiorevelacionfm.cl\/index.php?rest_route=\/wp\/v2\/posts\/62436\/revisions\/62463"}],"wp:featuredmedia":[{"embeddable":true,"href":"https:\/\/radiorevelacionfm.cl\/index.php?rest_route=\/wp\/v2\/media\/62437"}],"wp:attachment":[{"href":"https:\/\/radiorevelacionfm.cl\/index.php?rest_route=%2Fwp%2Fv2%2Fmedia&parent=62436"}],"wp:term":[{"taxonomy":"category","embeddable":true,"href":"https:\/\/radiorevelacionfm.cl\/index.php?rest_route=%2Fwp%2Fv2%2Fcategories&post=62436"},{"taxonomy":"post_tag","embeddable":true,"href":"https:\/\/radiorevelacionfm.cl\/index.php?rest_route=%2Fwp%2Fv2%2Ftags&post=62436"}],"curies":[{"name":"wp","href":"https:\/\/api.w.org\/{rel}","templated":true}]}}