{"id":62432,"date":"2025-12-12T12:24:49","date_gmt":"2025-12-12T15:24:49","guid":{"rendered":"https:\/\/radiorevelacionfm.cl\/?p=62432"},"modified":"2025-12-12T12:24:49","modified_gmt":"2025-12-12T15:24:49","slug":"subsidio-de-calefaccion-es-reasignado-a-1342-nuevos-hogares-en-la-region-de-aysen","status":"publish","type":"post","link":"https:\/\/radiorevelacionfm.cl\/?p=62432","title":{"rendered":"Subsidio de calefacci\u00f3n es reasignado a 1342 nuevos hogares en la regi\u00f3n de Ays\u00e9n"},"content":{"rendered":"<div class=\"flex_column av_one_full  flex_column_div av-zero-column-padding first  avia-builder-el-0  el_before_av_one_full  avia-builder-el-first  \" style='border-radius:0px; '><div  class='avia-image-container  av-styling-    avia-builder-el-1  avia-builder-el-no-sibling  avia-align-center '  itemprop=\"image\" itemscope=\"itemscope\" itemtype=\"https:\/\/schema.org\/ImageObject\"  ><div class='avia-image-container-inner'><div class='avia-image-overlay-wrap'><img decoding=\"async\" class='wp-image-62433 avia-img-lazy-loading-not-62433 avia_image' src=\"https:\/\/radiorevelacionfm.cl\/wp-content\/uploads\/2025\/12\/seremi-karina-dic-1_optimized-1.jpeg\" alt='' title='seremi-karina-dic-(1)_optimized (1)' height=\"600\" width=\"800\"  itemprop=\"thumbnailUrl\" srcset=\"https:\/\/radiorevelacionfm.cl\/wp-content\/uploads\/2025\/12\/seremi-karina-dic-1_optimized-1.jpeg 800w, https:\/\/radiorevelacionfm.cl\/wp-content\/uploads\/2025\/12\/seremi-karina-dic-1_optimized-1-300x225.jpeg 300w, https:\/\/radiorevelacionfm.cl\/wp-content\/uploads\/2025\/12\/seremi-karina-dic-1_optimized-1-768x576.jpeg 768w, https:\/\/radiorevelacionfm.cl\/wp-content\/uploads\/2025\/12\/seremi-karina-dic-1_optimized-1-705x529.jpeg 705w, https:\/\/radiorevelacionfm.cl\/wp-content\/uploads\/2025\/12\/seremi-karina-dic-1_optimized-1-450x338.jpeg 450w, https:\/\/radiorevelacionfm.cl\/wp-content\/uploads\/2025\/12\/seremi-karina-dic-1_optimized-1-600x450.jpeg 600w\" sizes=\"(max-width: 800px) 100vw, 800px\" \/><\/div><\/div><\/div><\/div><div class=\"flex_column av_one_full  flex_column_div av-zero-column-padding first  avia-builder-el-2  el_after_av_one_full  el_before_av_one_full  column-top-margin\" style='border-radius:0px; '><section class=\"av_textblock_section \"  itemscope=\"itemscope\" itemtype=\"https:\/\/schema.org\/BlogPosting\" itemprop=\"blogPost\" ><div class='avia_textblock  '   itemprop=\"text\" ><p style=\"text-align: center;\"><strong><span style=\"font-size: 18pt;\">Subsidio de calefacci\u00f3n es reasignado a 1342 nuevos hogares en la regi\u00f3n de Ays\u00e9n<\/span><\/strong><\/p>\n<div id=\"gtx-trans\" style=\"position: absolute; left: -50px; top: 4.31534px;\">\n<div class=\"gtx-trans-icon\"><\/div>\n<\/div>\n<\/div><\/section><\/div><div class=\"flex_column av_one_full  flex_column_div av-zero-column-padding first  avia-builder-el-4  el_after_av_one_full  el_before_av_hr  column-top-margin\" style='border-radius:0px; '><section class=\"av_textblock_section \"  itemscope=\"itemscope\" itemtype=\"https:\/\/schema.org\/BlogPosting\" itemprop=\"blogPost\" ><div class='avia_textblock  '   itemprop=\"text\" ><p style=\"text-align: justify;\"><em>De acuerdo a lo informado por la Seremi de Desarrollo Social y Familia, Karina Acevedo el pago del subsidio se inicia de forma autom\u00e1tica este 12 de diciembre y en la plataforma\u00a0<\/em><em><u><a href=\"https:\/\/subsidiocalefaccion.gob.cl\/\">https:\/\/subsidiocalefaccion.gob.cl\/<\/a><\/u><\/em><em>\u00a0 se puede revisar si es beneficiario.<\/em><\/p>\n<p style=\"text-align: justify;\">Este viernes el Ministerio de Desarrollo Social y Familia en la regi\u00f3n de Ays\u00e9n dio inicio al pago de 1342 Subsidios de Calefacci\u00f3n tras reasignarse el beneficio a nuevos hogares, por no cobro durante los seis meses de plazo m\u00e1ximo que se estipula.<\/p>\n<p style=\"text-align: justify;\">Al respecto, la Seremi de Desarrollo Social y Familia Karina Acevedo Auad detall\u00f3 que este es el segundo a\u00f1o consecutivo que, tras diversas gestiones con el nivel central, se logra reasignar el beneficio sin tener que devolver el presupuesto establecido para la regi\u00f3n de Ays\u00e9n<\/p>\n<p style=\"text-align: justify;\">\u201cTenemos una muy buena noticia para nuestra gente en la regi\u00f3n de Ays\u00e9n. Hemos logrado por segundo a\u00f1o consecutivo que el pago de Subsidio de Calefacci\u00f3n se extienda para los rezagados en este a\u00f1o 2025. Es decir, que los subsidios que no fueron cobrados durante el plazo, ahora sean reasignados a nuevos beneficiarios esto comienza el d\u00eda viernes 12 a trav\u00e9s de transferencia directa de la Cuenta Rut a los nuevos beneficiarios, y si no puede ir directamente al Banco Estado a hacer el cobro presencial. Lo importante es que entre a la p\u00e1gina\u00a0<a href=\"http:\/\/subsidiocalefaccion.gob.cl\/\">subsidiocalefaccion.gob.cl<\/a>\u00a0con su RUT y su fecha de nacimiento, podr\u00e1 darse cuenta si tiene el beneficio y si es cobro presencial o transferencia directa\u201d agregando que \u201cSon 1342 nuevos hogares que van a recibir este beneficio, lo que implica casi 135 millones de pesos que quedan en la regi\u00f3n de Ays\u00e9n. Estamos tremendamente contentos porque este es el segundo a\u00f1o que logramos discutir con el sistema a nivel nacional para que ya se instale como un acto habitual de la pol\u00edtica p\u00fablica del Subsidio de Calefacci\u00f3n\u00a0en la regi\u00f3n de Ays\u00e9n\u201d.<\/p>\n<p style=\"text-align: justify;\">La distribuci\u00f3n del beneficio por comuna es de 343 en Ays\u00e9n, 68 en Chile Chico, 101 en Cisnes, 42 en Cochrane, Coyhaique con 678, 24 en Guaitecas, Lago Verde un total de 21, 7 en Villa O\u00b4Higgins, 45 en R\u00edo Ib\u00e1\u00f1ez\u200245 y 13 en Tortel. Hay que recordar que este 2025 se aument\u00f3 de forma hist\u00f3rica el presupuesto disponible para el Subsidio de Calefacci\u00f3n con tres mil quinientos noventa y nueve millones quinientos dos mil pesos (M$3.599.502) y de acuerdo a lo informado por la seremi Acevedo el monto reasignado fue de $134.200.000.<\/p>\n<p style=\"text-align: justify;\">Del total de la reasignaci\u00f3n, 1147 de los beneficios ser\u00e1n depositados de forma autom\u00e1tica en la Cuenta Rut del Banco Estado, mientras que 195 ser\u00e1n pagos presenciales programados para ser cobrados de forma presencial seg\u00fan el siguiente calendario de pago (primera letra del apellido paterno):<\/p>\n<p style=\"text-align: justify;\">12-12-2025\u00a0\u00a0\u00a0\u00a0\u00a0\u00a0\u00a0\u00a0 A-B-C-D\u00a0 (69 beneficiarios)<\/p>\n<p style=\"text-align: justify;\">15-12-2025\u00a0\u00a0 \u00a0\u00a0\u00a0\u00a0\u00a0 E-F-G-H-I-J-K-L-M-N (60 beneficiarios)<\/p>\n<p style=\"text-align: justify;\">16-12-2025\u00a0\u00a0\u00a0\u00a0\u00a0\u00a0\u00a0\u00a0 O-P-Q-R-S-T-U-V-W-X-Y-Z (66 beneficiarios)<\/p>\n<\/div><\/section><\/div><div  style='height:50px' class='hr hr-invisible   avia-builder-el-6  el_after_av_one_full  el_before_av_social_share '><span class='hr-inner ' ><span class='hr-inner-style'><\/span><\/span><\/div><\/p>\n<div  class='av-social-sharing-box  avia-builder-el-7  el_after_av_hr  el_before_av_hr  '><div class='av-share-box'><h5 class='av-share-link-description av-no-toc '>Compartir esta noticia<\/h5><ul class='av-share-box-list noLightbox'><li class='av-share-link av-social-link-facebook' ><a target=\"_blank\" aria-label=\"Compartir en Facebook\" href='https:\/\/www.facebook.com\/sharer.php?u=https:\/\/radiorevelacionfm.cl\/?p=62432&#038;t=Subsidio%20de%20calefacci%C3%B3n%20es%20reasignado%20a%201342%20nuevos%20hogares%20en%20la%20regi%C3%B3n%20de%20Ays%C3%A9n' aria-hidden='false' data-av_icon='\ue8f3' data-av_iconfont='entypo-fontello' title='' data-avia-related-tooltip='Compartir en Facebook' rel=\"noopener\"><span class='avia_hidden_link_text'>Compartir en Facebook<\/span><\/a><\/li><li class='av-share-link av-social-link-twitter' ><a target=\"_blank\" aria-label=\"Compartir en Twitter\" href='https:\/\/twitter.com\/share?text=Subsidio%20de%20calefacci%C3%B3n%20es%20reasignado%20a%201342%20nuevos%20hogares%20en%20la%20regi%C3%B3n%20de%20Ays%C3%A9n&#038;url=https:\/\/radiorevelacionfm.cl\/?p=62432' aria-hidden='false' data-av_icon='\ue8f1' data-av_iconfont='entypo-fontello' title='' data-avia-related-tooltip='Compartir en Twitter' rel=\"noopener\"><span class='avia_hidden_link_text'>Compartir en Twitter<\/span><\/a><\/li><li class='av-share-link av-social-link-whatsapp' ><a target=\"_blank\" aria-label=\"Compartir en Whatsapp\" href='https:\/\/api.whatsapp.com\/send?text=https:\/\/radiorevelacionfm.cl\/?p=62432' aria-hidden='false' data-av_icon='\uf232' data-av_iconfont='entypo-fontello' title='' data-avia-related-tooltip='Compartir en Whatsapp' rel=\"noopener\"><span class='avia_hidden_link_text'>Compartir en Whatsapp<\/span><\/a><\/li><li class='av-share-link av-social-link-linkedin' ><a target=\"_blank\" aria-label=\"Compartir en LinkedIn\" href='https:\/\/linkedin.com\/shareArticle?mini=true&#038;title=Subsidio%20de%20calefacci%C3%B3n%20es%20reasignado%20a%201342%20nuevos%20hogares%20en%20la%20regi%C3%B3n%20de%20Ays%C3%A9n&#038;url=https:\/\/radiorevelacionfm.cl\/?p=62432' aria-hidden='false' data-av_icon='\ue8fc' data-av_iconfont='entypo-fontello' title='' data-avia-related-tooltip='Compartir en LinkedIn' rel=\"noopener\"><span class='avia_hidden_link_text'>Compartir en LinkedIn<\/span><\/a><\/li><li class='av-share-link av-social-link-mail' ><a  aria-label=\"Compartir por correo\" href='mailto:?subject=Subsidio%20de%20calefacci%C3%B3n%20es%20reasignado%20a%201342%20nuevos%20hogares%20en%20la%20regi%C3%B3n%20de%20Ays%C3%A9n&#038;body=https:\/\/radiorevelacionfm.cl\/?p=62432' aria-hidden='false' data-av_icon='\ue805' data-av_iconfont='entypo-fontello' title='' data-avia-related-tooltip='Compartir por correo'><span class='avia_hidden_link_text'>Compartir por correo<\/span><\/a><\/li><\/ul><\/div><\/div>\n<div  style='height:50px' class='hr hr-invisible   avia-builder-el-8  el_after_av_social_share  el_before_av_comments_list '><span class='hr-inner ' ><span class='hr-inner-style'><\/span><\/span><\/div>\n<div  class='av-buildercomment  av-blog-meta-html-info-disabled av-blog-meta-tag-disabled  '><\/div>\n","protected":false},"excerpt":{"rendered":"","protected":false},"author":1,"featured_media":62433,"comment_status":"closed","ping_status":"closed","sticky":false,"template":"","format":"standard","meta":{"footnotes":""},"categories":[38],"tags":[],"class_list":["post-62432","post","type-post","status-publish","format-standard","has-post-thumbnail","hentry","category-regional"],"jetpack_featured_media_url":"https:\/\/radiorevelacionfm.cl\/wp-content\/uploads\/2025\/12\/seremi-karina-dic-1_optimized-1.jpeg","_links":{"self":[{"href":"https:\/\/radiorevelacionfm.cl\/index.php?rest_route=\/wp\/v2\/posts\/62432","targetHints":{"allow":["GET"]}}],"collection":[{"href":"https:\/\/radiorevelacionfm.cl\/index.php?rest_route=\/wp\/v2\/posts"}],"about":[{"href":"https:\/\/radiorevelacionfm.cl\/index.php?rest_route=\/wp\/v2\/types\/post"}],"author":[{"embeddable":true,"href":"https:\/\/radiorevelacionfm.cl\/index.php?rest_route=\/wp\/v2\/users\/1"}],"replies":[{"embeddable":true,"href":"https:\/\/radiorevelacionfm.cl\/index.php?rest_route=%2Fwp%2Fv2%2Fcomments&post=62432"}],"version-history":[{"count":2,"href":"https:\/\/radiorevelacionfm.cl\/index.php?rest_route=\/wp\/v2\/posts\/62432\/revisions"}],"predecessor-version":[{"id":62435,"href":"https:\/\/radiorevelacionfm.cl\/index.php?rest_route=\/wp\/v2\/posts\/62432\/revisions\/62435"}],"wp:featuredmedia":[{"embeddable":true,"href":"https:\/\/radiorevelacionfm.cl\/index.php?rest_route=\/wp\/v2\/media\/62433"}],"wp:attachment":[{"href":"https:\/\/radiorevelacionfm.cl\/index.php?rest_route=%2Fwp%2Fv2%2Fmedia&parent=62432"}],"wp:term":[{"taxonomy":"category","embeddable":true,"href":"https:\/\/radiorevelacionfm.cl\/index.php?rest_route=%2Fwp%2Fv2%2Fcategories&post=62432"},{"taxonomy":"post_tag","embeddable":true,"href":"https:\/\/radiorevelacionfm.cl\/index.php?rest_route=%2Fwp%2Fv2%2Ftags&post=62432"}],"curies":[{"name":"wp","href":"https:\/\/api.w.org\/{rel}","templated":true}]}}