{"id":6243,"date":"2021-07-13T19:13:13","date_gmt":"2021-07-13T22:13:13","guid":{"rendered":"https:\/\/radiorevelacionfm.cl\/?p=6243"},"modified":"2021-07-14T14:11:12","modified_gmt":"2021-07-14T17:11:12","slug":"detectan-5-embarcaciones-de-otra-region-en-nueva-fiscalizacion-aerea-y-maritima-en-zona-de-pesca-de-aysen","status":"publish","type":"post","link":"https:\/\/radiorevelacionfm.cl\/?p=6243","title":{"rendered":"Detectan 5 embarcaciones de otra regi\u00f3n en nueva fiscalizaci\u00f3n a\u00e9rea y mar\u00edtima en zona de pesca en Ays\u00e9n"},"content":{"rendered":"<div class=\"flex_column av_one_full  flex_column_div av-zero-column-padding first  avia-builder-el-0  el_before_av_one_full  avia-builder-el-first  \" style='border-radius:0px; '><div  class='avia-image-container  av-styling-    avia-builder-el-1  avia-builder-el-no-sibling  avia-align-center '  itemprop=\"image\" itemscope=\"itemscope\" itemtype=\"https:\/\/schema.org\/ImageObject\"  ><div class='avia-image-container-inner'><div class='avia-image-overlay-wrap'><img decoding=\"async\" class='wp-image-6244 avia-img-lazy-loading-not-6244 avia_image' src=\"https:\/\/radiorevelacionfm.cl\/wp-content\/uploads\/2021\/07\/1-50-1.jpg\" alt='' title='1 (50) (1)' height=\"600\" width=\"800\"  itemprop=\"thumbnailUrl\" srcset=\"https:\/\/radiorevelacionfm.cl\/wp-content\/uploads\/2021\/07\/1-50-1.jpg 800w, https:\/\/radiorevelacionfm.cl\/wp-content\/uploads\/2021\/07\/1-50-1-300x225.jpg 300w, https:\/\/radiorevelacionfm.cl\/wp-content\/uploads\/2021\/07\/1-50-1-768x576.jpg 768w, https:\/\/radiorevelacionfm.cl\/wp-content\/uploads\/2021\/07\/1-50-1-705x529.jpg 705w, https:\/\/radiorevelacionfm.cl\/wp-content\/uploads\/2021\/07\/1-50-1-600x450.jpg 600w\" sizes=\"(max-width: 800px) 100vw, 800px\" \/><\/div><\/div><\/div><\/div>\n<div class=\"flex_column av_one_full  flex_column_div av-zero-column-padding first  avia-builder-el-2  el_after_av_one_full  el_before_av_one_full  column-top-margin\" style='border-radius:0px; '><section class=\"av_textblock_section \"  itemscope=\"itemscope\" itemtype=\"https:\/\/schema.org\/BlogPosting\" itemprop=\"blogPost\" ><div class='avia_textblock  '   itemprop=\"text\" ><p style=\"text-align: center;\"><strong><span style=\"font-size: 18pt;\">Detectan 5 embarcaciones de otra regi\u00f3n en nueva fiscalizaci\u00f3n a\u00e9rea y mar\u00edtima en zona de pesca en Ays\u00e9n<\/span><\/strong><\/p>\n<div id=\"gtx-trans\" style=\"position: absolute; left: -50px; top: 4.31534px;\">\n<div class=\"gtx-trans-icon\"><\/div>\n<\/div>\n<\/div><\/section><\/div><div class=\"flex_column av_one_full  flex_column_div av-zero-column-padding first  avia-builder-el-4  el_after_av_one_full  el_before_av_hr  column-top-margin\" style='border-radius:0px; '><section class=\"av_textblock_section \"  itemscope=\"itemscope\" itemtype=\"https:\/\/schema.org\/BlogPosting\" itemprop=\"blogPost\" ><div class='avia_textblock  '   itemprop=\"text\" ><p style=\"font-weight: 400; text-align: justify;\">El lunes 12 se llev\u00f3 a cabo un nuevo operativo de fiscalizaci\u00f3n entre Sernapesca y la Autoridad Mar\u00edtima en zona de pesca. Luego de realizar una minuciosa revisi\u00f3n documental y antecedentes provenientes de diversas denuncias ciudadanas, se activaron procesos de control y fiscalizaci\u00f3n sobre el \u00e1rea mar\u00edtima en la zona norte de la regi\u00f3n de Ays\u00e9n.<\/p>\n<p style=\"font-weight: 400; text-align: justify;\">La inspecci\u00f3n consisti\u00f3 en sobrevuelos en el canal Moraleda y operativos mar\u00edtimos a bordo de patrulleras de la Armada con el objetivo de monitorear la extracci\u00f3n de recursos demersales en conformidad a la normativa pesquera y mar\u00edtima.<\/p>\n<p style=\"font-weight: 400; text-align: justify;\">Como resultado se controlaron 5 embarcaciones artesanales inscritas en el Registro Pesquero Artesanal de la regi\u00f3n de Los Lagos y que se encontraban operando en zona de pesca de la regi\u00f3n de Ays\u00e9n, por tanto, sin autorizaci\u00f3n para realizar actividades extractivas en el lugar.<\/p>\n<p style=\"font-weight: 400; text-align: justify;\">Cada una de las embarcaciones fiscalizadas estaba equipada con artes y aparejos de pesca utilizados com\u00fanmente en las pesquer\u00edas de merluza del sur y congrio dorado. En el momento de la fiscalizaci\u00f3n, dos de las naves se encontraban con recursos pesqueros a bordo de la embarcaci\u00f3n incautando 250 kilos de merluza del sur en poder del infractor a disposici\u00f3n de lo que determine el Magistrado. Adem\u00e1s de incautar en poder de Sernapesca 8 tambores de espineles, con aproximadamente 5.000 anzuelos en total para impedir que contin\u00faen realizando la actividad. Finalmente se cursaron 12 citaciones a patrones y armadores al Juzgado de Letras y Garant\u00eda de Puerto Ays\u00e9n.<\/p>\n<p style=\"font-weight: 400; text-align: justify;\">En lo que va del a\u00f1o 2021 y enmarcado en la Red Sustenta, Sernapesca junto con la Armada han fiscalizado a cerca de 40 embarcaciones, provenientes de otra regi\u00f3n, realizando faenas de pesca sin autorizaci\u00f3n para operar en Ays\u00e9n.<\/p>\n<p style=\"font-weight: 400; text-align: justify;\">\u00abEstos operativos, junto con responder a un arduo proceso de an\u00e1lisis y planificaci\u00f3n por parte del equipo de Sernapesca de Ays\u00e9n en conjunto con Autoridad Mar\u00edtima, responde a las denuncias recibidas de pescadores de localidades que tradicionalmente trabajan en estas pesquer\u00edas y que ven en serio riesgo su actividad por la incursi\u00f3n de flotas totalmente ilegales a capturar estos recursos pesqueros que se encuentran en una cr\u00edtica situaci\u00f3n respecto a su sustentabilidad, sobre todo la merluza del sur que est\u00e1 en estado de sobreexplotaci\u00f3n. Continuaremos con esta vigilancia a\u00e9rea y mar\u00edtima en todas las \u00e1reas de extracci\u00f3n de nuestra regi\u00f3n, con el fin de resguardar el trabajo de los pescadores y pescadoras artesanales\u201d. Finaliz\u00f3 Cristian Hudson, Director Regional de Sernapesca Ays\u00e9n.<\/p>\n<\/div><\/section><\/div><\/p>\n<div  style='height:50px' class='hr hr-invisible   avia-builder-el-6  el_after_av_one_full  el_before_av_social_share '><span class='hr-inner ' ><span class='hr-inner-style'><\/span><\/span><\/div>\n<div  class='av-social-sharing-box  avia-builder-el-7  el_after_av_hr  el_before_av_hr  '><div class='av-share-box'><h5 class='av-share-link-description av-no-toc '>Compartir esta noticia<\/h5><ul class='av-share-box-list noLightbox'><li class='av-share-link av-social-link-facebook' ><a target=\"_blank\" aria-label=\"Compartir en Facebook\" href='https:\/\/www.facebook.com\/sharer.php?u=https:\/\/radiorevelacionfm.cl\/?p=6243&#038;t=Detectan%205%20embarcaciones%20de%20otra%20regi%C3%B3n%20en%20nueva%20fiscalizaci%C3%B3n%20a%C3%A9rea%20y%20mar%C3%ADtima%20en%20zona%20de%20pesca%20en%20Ays%C3%A9n' aria-hidden='false' data-av_icon='\ue8f3' data-av_iconfont='entypo-fontello' title='' data-avia-related-tooltip='Compartir en Facebook' rel=\"noopener\"><span class='avia_hidden_link_text'>Compartir en Facebook<\/span><\/a><\/li><li class='av-share-link av-social-link-twitter' ><a target=\"_blank\" aria-label=\"Compartir en Twitter\" href='https:\/\/twitter.com\/share?text=Detectan%205%20embarcaciones%20de%20otra%20regi%C3%B3n%20en%20nueva%20fiscalizaci%C3%B3n%20a%C3%A9rea%20y%20mar%C3%ADtima%20en%20zona%20de%20pesca%20en%20Ays%C3%A9n&#038;url=https:\/\/radiorevelacionfm.cl\/?p=6243' aria-hidden='false' data-av_icon='\ue8f1' data-av_iconfont='entypo-fontello' title='' data-avia-related-tooltip='Compartir en Twitter' rel=\"noopener\"><span class='avia_hidden_link_text'>Compartir en Twitter<\/span><\/a><\/li><li class='av-share-link av-social-link-whatsapp' ><a target=\"_blank\" aria-label=\"Compartir en Whatsapp\" href='https:\/\/api.whatsapp.com\/send?text=https:\/\/radiorevelacionfm.cl\/?p=6243' aria-hidden='false' data-av_icon='\uf232' data-av_iconfont='entypo-fontello' title='' data-avia-related-tooltip='Compartir en Whatsapp' rel=\"noopener\"><span class='avia_hidden_link_text'>Compartir en Whatsapp<\/span><\/a><\/li><li class='av-share-link av-social-link-linkedin' ><a target=\"_blank\" aria-label=\"Compartir en LinkedIn\" href='https:\/\/linkedin.com\/shareArticle?mini=true&#038;title=Detectan%205%20embarcaciones%20de%20otra%20regi%C3%B3n%20en%20nueva%20fiscalizaci%C3%B3n%20a%C3%A9rea%20y%20mar%C3%ADtima%20en%20zona%20de%20pesca%20en%20Ays%C3%A9n&#038;url=https:\/\/radiorevelacionfm.cl\/?p=6243' aria-hidden='false' data-av_icon='\ue8fc' data-av_iconfont='entypo-fontello' title='' data-avia-related-tooltip='Compartir en LinkedIn' rel=\"noopener\"><span class='avia_hidden_link_text'>Compartir en LinkedIn<\/span><\/a><\/li><li class='av-share-link av-social-link-mail' ><a  aria-label=\"Compartir por correo\" href='mailto:?subject=Detectan%205%20embarcaciones%20de%20otra%20regi%C3%B3n%20en%20nueva%20fiscalizaci%C3%B3n%20a%C3%A9rea%20y%20mar%C3%ADtima%20en%20zona%20de%20pesca%20en%20Ays%C3%A9n&#038;body=https:\/\/radiorevelacionfm.cl\/?p=6243' aria-hidden='false' data-av_icon='\ue805' data-av_iconfont='entypo-fontello' title='' data-avia-related-tooltip='Compartir por correo'><span class='avia_hidden_link_text'>Compartir por correo<\/span><\/a><\/li><\/ul><\/div><\/div>\n<div  style='height:50px' class='hr hr-invisible   avia-builder-el-8  el_after_av_social_share  el_before_av_comments_list '><span class='hr-inner ' ><span class='hr-inner-style'><\/span><\/span><\/div>\n<div  class='av-buildercomment  av-blog-meta-html-info-disabled av-blog-meta-tag-disabled  '><\/div>\n","protected":false},"excerpt":{"rendered":"","protected":false},"author":1,"featured_media":6244,"comment_status":"open","ping_status":"open","sticky":false,"template":"","format":"standard","meta":{"footnotes":""},"categories":[60,38],"tags":[],"class_list":["post-6243","post","type-post","status-publish","format-standard","has-post-thumbnail","hentry","category-pesca","category-regional"],"jetpack_featured_media_url":"https:\/\/radiorevelacionfm.cl\/wp-content\/uploads\/2021\/07\/1-50-1.jpg","_links":{"self":[{"href":"https:\/\/radiorevelacionfm.cl\/index.php?rest_route=\/wp\/v2\/posts\/6243","targetHints":{"allow":["GET"]}}],"collection":[{"href":"https:\/\/radiorevelacionfm.cl\/index.php?rest_route=\/wp\/v2\/posts"}],"about":[{"href":"https:\/\/radiorevelacionfm.cl\/index.php?rest_route=\/wp\/v2\/types\/post"}],"author":[{"embeddable":true,"href":"https:\/\/radiorevelacionfm.cl\/index.php?rest_route=\/wp\/v2\/users\/1"}],"replies":[{"embeddable":true,"href":"https:\/\/radiorevelacionfm.cl\/index.php?rest_route=%2Fwp%2Fv2%2Fcomments&post=6243"}],"version-history":[{"count":2,"href":"https:\/\/radiorevelacionfm.cl\/index.php?rest_route=\/wp\/v2\/posts\/6243\/revisions"}],"predecessor-version":[{"id":6268,"href":"https:\/\/radiorevelacionfm.cl\/index.php?rest_route=\/wp\/v2\/posts\/6243\/revisions\/6268"}],"wp:featuredmedia":[{"embeddable":true,"href":"https:\/\/radiorevelacionfm.cl\/index.php?rest_route=\/wp\/v2\/media\/6244"}],"wp:attachment":[{"href":"https:\/\/radiorevelacionfm.cl\/index.php?rest_route=%2Fwp%2Fv2%2Fmedia&parent=6243"}],"wp:term":[{"taxonomy":"category","embeddable":true,"href":"https:\/\/radiorevelacionfm.cl\/index.php?rest_route=%2Fwp%2Fv2%2Fcategories&post=6243"},{"taxonomy":"post_tag","embeddable":true,"href":"https:\/\/radiorevelacionfm.cl\/index.php?rest_route=%2Fwp%2Fv2%2Ftags&post=6243"}],"curies":[{"name":"wp","href":"https:\/\/api.w.org\/{rel}","templated":true}]}}