{"id":62427,"date":"2025-12-12T10:59:10","date_gmt":"2025-12-12T13:59:10","guid":{"rendered":"https:\/\/radiorevelacionfm.cl\/?p=62427"},"modified":"2025-12-12T10:59:10","modified_gmt":"2025-12-12T13:59:10","slug":"umbrales-exposicion-postuma-del-fotografo-fabian-espana-llega-al-palacio-pereira-de-santiago","status":"publish","type":"post","link":"https:\/\/radiorevelacionfm.cl\/?p=62427","title":{"rendered":"\u00abUmbrales\u201d: exposici\u00f3n p\u00f3stuma del fot\u00f3grafo Fabi\u00e1n Espa\u00f1a llega al Palacio Pereira de Santiago"},"content":{"rendered":"<div class=\"flex_column av_one_full  flex_column_div av-zero-column-padding first  avia-builder-el-0  el_before_av_one_full  avia-builder-el-first  \" style='border-radius:0px; '><div  class='avia-image-container  av-styling-    avia-builder-el-1  avia-builder-el-no-sibling  avia-align-center '  itemprop=\"image\" itemscope=\"itemscope\" itemtype=\"https:\/\/schema.org\/ImageObject\"  ><div class='avia-image-container-inner'><div class='avia-image-overlay-wrap'><img decoding=\"async\" class='wp-image-62428 avia-img-lazy-loading-not-62428 avia_image' src=\"https:\/\/radiorevelacionfm.cl\/wp-content\/uploads\/2025\/12\/umbrales3-1_optimized-1.jpeg\" alt='' title='umbrales3-(1)_optimized (1)' height=\"600\" width=\"800\"  itemprop=\"thumbnailUrl\" srcset=\"https:\/\/radiorevelacionfm.cl\/wp-content\/uploads\/2025\/12\/umbrales3-1_optimized-1.jpeg 800w, https:\/\/radiorevelacionfm.cl\/wp-content\/uploads\/2025\/12\/umbrales3-1_optimized-1-300x225.jpeg 300w, https:\/\/radiorevelacionfm.cl\/wp-content\/uploads\/2025\/12\/umbrales3-1_optimized-1-768x576.jpeg 768w, https:\/\/radiorevelacionfm.cl\/wp-content\/uploads\/2025\/12\/umbrales3-1_optimized-1-705x529.jpeg 705w, https:\/\/radiorevelacionfm.cl\/wp-content\/uploads\/2025\/12\/umbrales3-1_optimized-1-450x338.jpeg 450w, https:\/\/radiorevelacionfm.cl\/wp-content\/uploads\/2025\/12\/umbrales3-1_optimized-1-600x450.jpeg 600w\" sizes=\"(max-width: 800px) 100vw, 800px\" \/><\/div><\/div><\/div><\/div><div class=\"flex_column av_one_full  flex_column_div av-zero-column-padding first  avia-builder-el-2  el_after_av_one_full  el_before_av_one_full  column-top-margin\" style='border-radius:0px; '><section class=\"av_textblock_section \"  itemscope=\"itemscope\" itemtype=\"https:\/\/schema.org\/BlogPosting\" itemprop=\"blogPost\" ><div class='avia_textblock  '   itemprop=\"text\" ><p style=\"text-align: center;\"><strong><span style=\"font-size: 18pt;\">\u00abUmbrales\u201d: exposici\u00f3n p\u00f3stuma del fot\u00f3grafo Fabi\u00e1n Espa\u00f1a llega al Palacio Pereira de Santiago<\/span><\/strong><\/p>\n<div id=\"gtx-trans\" style=\"position: absolute; left: -50px; top: 4.31534px;\">\n<div class=\"gtx-trans-icon\"><\/div>\n<\/div>\n<\/div><\/section><\/div><div class=\"flex_column av_one_full  flex_column_div av-zero-column-padding first  avia-builder-el-4  el_after_av_one_full  el_before_av_hr  column-top-margin\" style='border-radius:0px; '><section class=\"av_textblock_section \"  itemscope=\"itemscope\" itemtype=\"https:\/\/schema.org\/BlogPosting\" itemprop=\"blogPost\" ><div class='avia_textblock  '   itemprop=\"text\" ><ul>\n<li style=\"text-align: justify;\"><em>La muestra, curada por Andrea Aguad Chacur, presenta m\u00e1s de 40 fotograf\u00edas del artista, correspondientes a las series La balada de Jos\u00e9 y Valeria (2009), Desilusiones (2011-2013) y Colonos (2015-2016).<\/em><\/li>\n<\/ul>\n<p style=\"text-align: justify;\">El Ministerio de las Culturas, las Artes y el Patrimonio a trav\u00e9s de su Secretar\u00eda Ejecutiva de Artes de la Visualidad, la Secretar\u00eda Regional Ministerial de la Regi\u00f3n de Ays\u00e9n y el Centro de Extensi\u00f3n Palacio Pereira, presentan <strong><em>Umbrales<\/em><\/strong>, del fot\u00f3grafo chileno Fabi\u00e1n Espa\u00f1a Rivera, comisionada a la curadora e investigadora, Andrea Aguad Chacur. La muestra -que se inaugura este 11 de diciembre a las 18:00 h- surge como un homenaje p\u00f3stumo al artista fallecido en 2024.<\/p>\n<p style=\"text-align: justify;\">Oriundo de Cochrane, Espa\u00f1a (Coyhaique, 1984 \u2013 Cochrane, 2024) se inici\u00f3 en la fotograf\u00eda a los 15 a\u00f1os. Comenz\u00f3 trabajando en diversos medios de comunicaci\u00f3n y servicios p\u00fablicos de la Regi\u00f3n de Ays\u00e9n, mientras adem\u00e1s, paralelamente, trabajaba personalmente en proyectos de fotograf\u00eda documental. En 2010 fue reconocido con el Premio Rodrigo Rojas de Negri, al talento joven en fotograf\u00eda, otorgado por el Ministerio de las Culturas, las Artes y el Patrimonio. Entre otros Premios, recibi\u00f3 tambi\u00e9n menciones de la Uni\u00f3n de Reporteros Gr\u00e1ficos de Chile (Primer Lugar, Reportaje Vida Diaria, 2010 y 2011), PhotoEspa\u00f1a (2009) y el Centro Latinoamericano de Fotograf\u00eda (2012).<\/p>\n<p style=\"text-align: justify;\">Esta exposici\u00f3n propone un recorrido del trabajo de Espa\u00f1a, a trav\u00e9s de las series fotogr\u00e1ficas:<em> La balada de Jos<\/em><em>\u00e9 <\/em><em>y Valeria<\/em> (2009), <em>Desilusiones<\/em> (2011-2013) y <em>Colonos <\/em>(2015-2016), donde se aprecian diversos imaginarios, articulados a trav\u00e9s de reflexiones centradas en la memoria, los v\u00ednculos familiares y el territorio.<\/p>\n<p style=\"text-align: justify;\">\u201cLa obra de Fabi\u00e1n Espa\u00f1a nos invita a pensar la fotograf\u00eda como un medio que no solo documenta, sino que revela mundos ocultos y despliega una po\u00e9tica de la resistencia\u201d, recalca la curadora Andrea Aguad Chacur, quien adem\u00e1s destaca: \u201cEn sus fotograf\u00edas, el paisaje, las personas y los objetos se transforman en zonas de pasaje, en umbrales donde la experiencia \u00edntima y la historia colectiva se cruzan. Su mirada busca esos espacios intermedios en los que la vida resiste, no desde la monumentalidad, sino desde lo cotidiano, lo silencioso y lo profundamente humano\u201d.<\/p>\n<p style=\"text-align: justify;\">Para Felipe Quiroz, seremi de las Culturas Ays\u00e9n, \u00abla inauguraci\u00f3n de la muestra Umbrales de Fabi\u00e1n Espa\u00f1a en el Palacio Pereira representa un hito para nuestra regi\u00f3n y para el pa\u00eds. Su obra, profundamente ligada a los territorios y a las identidades del sur austral, dialoga con este espacio patrimonial para recordarnos la importancia de preservar, valorar y proyectar nuestra memoria visual. Con esta exposici\u00f3n reconocemos no solo el legado de un creador excepcional, sino tambi\u00e9n el compromiso del Estado con el acceso a las artes y con la promoci\u00f3n de las voces que construyen nuestra diversidad cultural.\u201d<\/p>\n<p style=\"text-align: justify;\"><strong><em>Umbrales<\/em><\/strong> se presenta como una retrospectiva de Fabi\u00e1n Espa\u00f1a, dando a conocer una parte relevante de su obra y trabajo, y al mismo tiempo, su profunda conexi\u00f3n con los territorios y las comunidades que retrat\u00f3. La muestra estar\u00e1 abierta hasta el fines de febrero de 2026 en la Galer\u00eda en Cruz del Centro de Extensi\u00f3n Palacio Pereira.<\/p>\n<\/div><\/section><\/div><div  style='height:50px' class='hr hr-invisible   avia-builder-el-6  el_after_av_one_full  el_before_av_social_share '><span class='hr-inner ' ><span class='hr-inner-style'><\/span><\/span><\/div><\/p>\n<div  class='av-social-sharing-box  avia-builder-el-7  el_after_av_hr  el_before_av_hr  '><div class='av-share-box'><h5 class='av-share-link-description av-no-toc '>Compartir esta noticia<\/h5><ul class='av-share-box-list noLightbox'><li class='av-share-link av-social-link-facebook' ><a target=\"_blank\" aria-label=\"Compartir en Facebook\" href='https:\/\/www.facebook.com\/sharer.php?u=https:\/\/radiorevelacionfm.cl\/?p=62427&#038;t=%C2%ABUmbrales%E2%80%9D%3A%20exposici%C3%B3n%20p%C3%B3stuma%20del%20fot%C3%B3grafo%20Fabi%C3%A1n%20Espa%C3%B1a%20llega%20al%20Palacio%20Pereira%20de%20Santiago' aria-hidden='false' data-av_icon='\ue8f3' data-av_iconfont='entypo-fontello' title='' data-avia-related-tooltip='Compartir en Facebook' rel=\"noopener\"><span class='avia_hidden_link_text'>Compartir en Facebook<\/span><\/a><\/li><li class='av-share-link av-social-link-twitter' ><a target=\"_blank\" aria-label=\"Compartir en Twitter\" href='https:\/\/twitter.com\/share?text=%C2%ABUmbrales%E2%80%9D%3A%20exposici%C3%B3n%20p%C3%B3stuma%20del%20fot%C3%B3grafo%20Fabi%C3%A1n%20Espa%C3%B1a%20llega%20al%20Palacio%20Pereira%20de%20Santiago&#038;url=https:\/\/radiorevelacionfm.cl\/?p=62427' aria-hidden='false' data-av_icon='\ue8f1' data-av_iconfont='entypo-fontello' title='' data-avia-related-tooltip='Compartir en Twitter' rel=\"noopener\"><span class='avia_hidden_link_text'>Compartir en Twitter<\/span><\/a><\/li><li class='av-share-link av-social-link-whatsapp' ><a target=\"_blank\" aria-label=\"Compartir en Whatsapp\" href='https:\/\/api.whatsapp.com\/send?text=https:\/\/radiorevelacionfm.cl\/?p=62427' aria-hidden='false' data-av_icon='\uf232' data-av_iconfont='entypo-fontello' title='' data-avia-related-tooltip='Compartir en Whatsapp' rel=\"noopener\"><span class='avia_hidden_link_text'>Compartir en Whatsapp<\/span><\/a><\/li><li class='av-share-link av-social-link-linkedin' ><a target=\"_blank\" aria-label=\"Compartir en LinkedIn\" href='https:\/\/linkedin.com\/shareArticle?mini=true&#038;title=%C2%ABUmbrales%E2%80%9D%3A%20exposici%C3%B3n%20p%C3%B3stuma%20del%20fot%C3%B3grafo%20Fabi%C3%A1n%20Espa%C3%B1a%20llega%20al%20Palacio%20Pereira%20de%20Santiago&#038;url=https:\/\/radiorevelacionfm.cl\/?p=62427' aria-hidden='false' data-av_icon='\ue8fc' data-av_iconfont='entypo-fontello' title='' data-avia-related-tooltip='Compartir en LinkedIn' rel=\"noopener\"><span class='avia_hidden_link_text'>Compartir en LinkedIn<\/span><\/a><\/li><li class='av-share-link av-social-link-mail' ><a  aria-label=\"Compartir por correo\" href='mailto:?subject=%C2%ABUmbrales%E2%80%9D%3A%20exposici%C3%B3n%20p%C3%B3stuma%20del%20fot%C3%B3grafo%20Fabi%C3%A1n%20Espa%C3%B1a%20llega%20al%20Palacio%20Pereira%20de%20Santiago&#038;body=https:\/\/radiorevelacionfm.cl\/?p=62427' aria-hidden='false' data-av_icon='\ue805' data-av_iconfont='entypo-fontello' title='' data-avia-related-tooltip='Compartir por correo'><span class='avia_hidden_link_text'>Compartir por correo<\/span><\/a><\/li><\/ul><\/div><\/div>\n<div  style='height:50px' class='hr hr-invisible   avia-builder-el-8  el_after_av_social_share  el_before_av_comments_list '><span class='hr-inner ' ><span class='hr-inner-style'><\/span><\/span><\/div>\n<div  class='av-buildercomment  av-blog-meta-html-info-disabled av-blog-meta-tag-disabled  '><\/div>\n","protected":false},"excerpt":{"rendered":"","protected":false},"author":1,"featured_media":62428,"comment_status":"closed","ping_status":"closed","sticky":false,"template":"","format":"standard","meta":{"footnotes":""},"categories":[52],"tags":[],"class_list":["post-62427","post","type-post","status-publish","format-standard","has-post-thumbnail","hentry","category-cultura"],"jetpack_featured_media_url":"https:\/\/radiorevelacionfm.cl\/wp-content\/uploads\/2025\/12\/umbrales3-1_optimized-1.jpeg","_links":{"self":[{"href":"https:\/\/radiorevelacionfm.cl\/index.php?rest_route=\/wp\/v2\/posts\/62427","targetHints":{"allow":["GET"]}}],"collection":[{"href":"https:\/\/radiorevelacionfm.cl\/index.php?rest_route=\/wp\/v2\/posts"}],"about":[{"href":"https:\/\/radiorevelacionfm.cl\/index.php?rest_route=\/wp\/v2\/types\/post"}],"author":[{"embeddable":true,"href":"https:\/\/radiorevelacionfm.cl\/index.php?rest_route=\/wp\/v2\/users\/1"}],"replies":[{"embeddable":true,"href":"https:\/\/radiorevelacionfm.cl\/index.php?rest_route=%2Fwp%2Fv2%2Fcomments&post=62427"}],"version-history":[{"count":2,"href":"https:\/\/radiorevelacionfm.cl\/index.php?rest_route=\/wp\/v2\/posts\/62427\/revisions"}],"predecessor-version":[{"id":62430,"href":"https:\/\/radiorevelacionfm.cl\/index.php?rest_route=\/wp\/v2\/posts\/62427\/revisions\/62430"}],"wp:featuredmedia":[{"embeddable":true,"href":"https:\/\/radiorevelacionfm.cl\/index.php?rest_route=\/wp\/v2\/media\/62428"}],"wp:attachment":[{"href":"https:\/\/radiorevelacionfm.cl\/index.php?rest_route=%2Fwp%2Fv2%2Fmedia&parent=62427"}],"wp:term":[{"taxonomy":"category","embeddable":true,"href":"https:\/\/radiorevelacionfm.cl\/index.php?rest_route=%2Fwp%2Fv2%2Fcategories&post=62427"},{"taxonomy":"post_tag","embeddable":true,"href":"https:\/\/radiorevelacionfm.cl\/index.php?rest_route=%2Fwp%2Fv2%2Ftags&post=62427"}],"curies":[{"name":"wp","href":"https:\/\/api.w.org\/{rel}","templated":true}]}}