{"id":62414,"date":"2025-12-11T21:57:02","date_gmt":"2025-12-12T00:57:02","guid":{"rendered":"https:\/\/radiorevelacionfm.cl\/?p=62414"},"modified":"2025-12-11T21:57:02","modified_gmt":"2025-12-12T00:57:02","slug":"con-proceso-de-recepcion-de-obras-avanza-conectividad-digital-en-bahia-jara","status":"publish","type":"post","link":"https:\/\/radiorevelacionfm.cl\/?p=62414","title":{"rendered":"Con proceso de recepci\u00f3n de obras avanza conectividad digital en Bah\u00eda Jara"},"content":{"rendered":"<div class=\"flex_column av_one_full  flex_column_div av-zero-column-padding first  avia-builder-el-0  el_before_av_one_full  avia-builder-el-first  \" style='border-radius:0px; '><div  class='avia-image-container  av-styling-    avia-builder-el-1  avia-builder-el-no-sibling  avia-align-center '  itemprop=\"image\" itemscope=\"itemscope\" itemtype=\"https:\/\/schema.org\/ImageObject\"  ><div class='avia-image-container-inner'><div class='avia-image-overlay-wrap'><img decoding=\"async\" class='wp-image-62415 avia-img-lazy-loading-not-62415 avia_image' src=\"https:\/\/radiorevelacionfm.cl\/wp-content\/uploads\/2025\/12\/20251210_184500-1_optimized.jpg\" alt='' title='20251210_184500-(1)_optimized' height=\"615\" width=\"800\"  itemprop=\"thumbnailUrl\" srcset=\"https:\/\/radiorevelacionfm.cl\/wp-content\/uploads\/2025\/12\/20251210_184500-1_optimized.jpg 800w, https:\/\/radiorevelacionfm.cl\/wp-content\/uploads\/2025\/12\/20251210_184500-1_optimized-300x231.jpg 300w, https:\/\/radiorevelacionfm.cl\/wp-content\/uploads\/2025\/12\/20251210_184500-1_optimized-768x590.jpg 768w, https:\/\/radiorevelacionfm.cl\/wp-content\/uploads\/2025\/12\/20251210_184500-1_optimized-705x542.jpg 705w, https:\/\/radiorevelacionfm.cl\/wp-content\/uploads\/2025\/12\/20251210_184500-1_optimized-450x346.jpg 450w, https:\/\/radiorevelacionfm.cl\/wp-content\/uploads\/2025\/12\/20251210_184500-1_optimized-600x461.jpg 600w\" sizes=\"(max-width: 800px) 100vw, 800px\" \/><\/div><\/div><\/div><\/div><div class=\"flex_column av_one_full  flex_column_div av-zero-column-padding first  avia-builder-el-2  el_after_av_one_full  el_before_av_one_full  column-top-margin\" style='border-radius:0px; '><section class=\"av_textblock_section \"  itemscope=\"itemscope\" itemtype=\"https:\/\/schema.org\/BlogPosting\" itemprop=\"blogPost\" ><div class='avia_textblock  '   itemprop=\"text\" ><p style=\"text-align: center;\"><strong><span style=\"font-size: 18pt;\">Con proceso de recepci\u00f3n de obras avanza conectividad digital en Bah\u00eda Jara<\/span><\/strong><\/p>\n<div id=\"gtx-trans\" style=\"position: absolute; left: -50px; top: 4.31534px;\">\n<div class=\"gtx-trans-icon\"><\/div>\n<\/div>\n<\/div><\/section><\/div><div class=\"flex_column av_one_full  flex_column_div av-zero-column-padding first  avia-builder-el-4  el_after_av_one_full  el_before_av_hr  column-top-margin\" style='border-radius:0px; '><section class=\"av_textblock_section \"  itemscope=\"itemscope\" itemtype=\"https:\/\/schema.org\/BlogPosting\" itemprop=\"blogPost\" ><div class='avia_textblock  '   itemprop=\"text\" ><p style=\"text-align: justify;\"><em>Mediante contraprestaciones sociales de la subsecretar\u00eda de Telecomunicaciones (Subtel), Bah\u00eda Jara y otras 12 localidades de Ays\u00e9n ser\u00e1n beneficiadas con un mejor acceso a Internet y telefon\u00eda m\u00f3vil.<\/em><\/p>\n<p style=\"text-align: justify;\">En una visita a terreno del seremiTT Hans Zimmermann, fiscalizaci\u00f3n de la subsecretar\u00eda de Telecomunicaciones (Subtel), delegado provincial Crist\u00f3bal Barcel\u00f3, la consejera Paulina Hern\u00e1ndez, representantes de la municipalidad de Chile Chico y vecinos de Bah\u00eda Jara, pudieron constatar los avances en la recepci\u00f3n de obras de la antena que brindar\u00e1 servicios de voz y datos a los habitantes de esta localidad, que pese a su cercan\u00eda con la ciudad del sol, no contaba hasta el momento con acceso a la conectividad digital.<\/p>\n<p style=\"text-align: justify;\">Este adelanto se pudo materializar a trav\u00e9s de las contraprestaciones sociales implementadas por la Subtel, metodolog\u00eda que ha permitido entregar conectividad digital a zonas rurales y en general, sectores con menor atractivo comercial para los operadores. En esta oportunidad, se relaciona con el proceso de asignaci\u00f3n de espectro radioel\u00e9ctrico destinado al despliegue comercial de servicios de telecomunicaciones 5G, concurso que fue asignado a la empresa WOM S.A. Con el fin de disminuir la brecha digital, se consider\u00f3 dentro de las obligaciones del concurso, proveer de conectividad a 366 localidades aisladas de Chile.<\/p>\n<p style=\"text-align: justify;\">El representante de la cartera de Telecomunicaciones en la regi\u00f3n, Hans Zimmermann expres\u00f3 la satisfacci\u00f3n de poder entregar una respuesta de conectividad esperada hace varios a\u00f1os por los habitantes de la zona. \u201cEste es un hito tremendamente relevante, que va a cambiar la calidad de vida de los habitantes de esta hermosa localidad. Estas obras que vienen a refundar la conectividad digital dentro de la comuna de Chile Chico, sumado a lo que ha hecho el ministerio de Obras P\u00fablicas con la aplicaci\u00f3n del suelo cemento, que hoy d\u00eda permite tener un camino en muchas mejores condiciones para esta localidad. Esto representa el esfuerzo y el compromiso del gobierno del presidente Gabriel Boric por mejorar las condiciones de vida para la regi\u00f3n de Ays\u00e9n, con un estado robusto, un estado fuerte, que cumpla con los habitantes que hacen patria en estos territorios\u201d, destac\u00f3.<\/p>\n<p style=\"text-align: justify;\">A nivel territorial el delegado provincial Crist\u00f3bal Barcel\u00f3, valor\u00f3 el aporte de este avance para vecinas y vecinos. \u201cHoy Bah\u00eda Jara es uno de los lugares que se est\u00e1 beneficiando, lo que impacta positivamente no solo por la comunidad que vive all\u00ed, sino tambi\u00e9n por el sector productivo que se desarrolla con las cerezas, el sector turismo, tambi\u00e9n en el camping que es muy importante aqu\u00ed para Chile Chico. Por lo tanto, todo este desarrollo, todo este avance, va a venir a mejorar a la comunidad que all\u00ed vive, pero tambi\u00e9n a todos los que podemos visitar y podemos tambi\u00e9n estar participando activamente con ellos\u201d.<\/p>\n<p style=\"text-align: justify;\">La consejera regional de la provincia de General Carrera, Paulina Hern\u00e1ndez tambi\u00e9n hizo un reconocimiento a las gestiones sectoriales realizadas que fueron concretadas exitosamente: \u201cFelizmente hoy d\u00eda, esto logra un buen resultado, un resultado que trasciende m\u00e1s all\u00e1 de un mismo gobierno y eso es tremendamente importante y quiero ponerlo en valor. Generalmente estos proyectos tardan muchos a\u00f1os en poder resolverse y hoy d\u00eda se tom\u00f3 un compromiso serio, responsable con la comunidad y se cumple dentro de los plazos tambi\u00e9n establecidos. As\u00ed que agradecerle al seremi, y por supuesto desde la subsecretar\u00eda, hasta el nivel ministerial por este tremendo avance para la comunidad de Bah\u00eda Jara\u201d.<\/p>\n<p style=\"text-align: justify;\">Finalmente, Cristi\u00e1n Cort\u00e9s, presidente de la Junta de Vecinos de Bah\u00eda Jara indic\u00f3 que esta obra ser\u00e1 fundamental para el desarrollo del emprendimiento y la vida en comunidad para la zona. \u201cPara nosotros es s\u00faper importante este avance. Nos permite indudablemente una mejora en la calidad de vida de nuestros habitantes. Ahora, con esta antena, con esta cobertura digital que tenemos hoy en d\u00eda, vamos a poder, sin duda, mejorar los tiempos de respuesta para la comunidad en cuanto a emergencias. Y tambi\u00e9n, para nosotros es importante, porque puede que algunos focos de negocio podamos tecnologizarlos en el sentido de tener el de cobro con tarjetas, antes de estar recibiendo el efectivo, que muchas veces el turista no anda con efectivo.\u201d<\/p>\n<p style=\"text-align: justify;\">En el contexto de estas contraprestaciones del convenio entre Subtel y WOM, se podr\u00e1 emular esta conectividad digital para otras 12 localidades de la regi\u00f3n en donde se cuentan Isla Queitao, Cruce Cabezas, Sector Las Llaves Chicas, Bah\u00eda Jara, Las Chacras, Los Mellizos \u2013 El Salto, Valle Simpson, El Turbio, Lomas Bajas, Candelario Mancilla, Rivera Norte de Cerro Castillo y R\u00edo Bravo.<\/p>\n<\/div><\/section><\/div><div  style='height:50px' class='hr hr-invisible   avia-builder-el-6  el_after_av_one_full  el_before_av_social_share '><span class='hr-inner ' ><span class='hr-inner-style'><\/span><\/span><\/div><\/p>\n<div  class='av-social-sharing-box  avia-builder-el-7  el_after_av_hr  el_before_av_hr  '><div class='av-share-box'><h5 class='av-share-link-description av-no-toc '>Compartir esta noticia<\/h5><ul class='av-share-box-list noLightbox'><li class='av-share-link av-social-link-facebook' ><a target=\"_blank\" aria-label=\"Compartir en Facebook\" href='https:\/\/www.facebook.com\/sharer.php?u=https:\/\/radiorevelacionfm.cl\/?p=62414&#038;t=Con%20proceso%20de%20recepci%C3%B3n%20de%20obras%20avanza%20conectividad%20digital%20en%20Bah%C3%ADa%20Jara' aria-hidden='false' data-av_icon='\ue8f3' data-av_iconfont='entypo-fontello' title='' data-avia-related-tooltip='Compartir en Facebook' rel=\"noopener\"><span class='avia_hidden_link_text'>Compartir en Facebook<\/span><\/a><\/li><li class='av-share-link av-social-link-twitter' ><a target=\"_blank\" aria-label=\"Compartir en Twitter\" href='https:\/\/twitter.com\/share?text=Con%20proceso%20de%20recepci%C3%B3n%20de%20obras%20avanza%20conectividad%20digital%20en%20Bah%C3%ADa%20Jara&#038;url=https:\/\/radiorevelacionfm.cl\/?p=62414' aria-hidden='false' data-av_icon='\ue8f1' data-av_iconfont='entypo-fontello' title='' data-avia-related-tooltip='Compartir en Twitter' rel=\"noopener\"><span class='avia_hidden_link_text'>Compartir en Twitter<\/span><\/a><\/li><li class='av-share-link av-social-link-whatsapp' ><a target=\"_blank\" aria-label=\"Compartir en Whatsapp\" href='https:\/\/api.whatsapp.com\/send?text=https:\/\/radiorevelacionfm.cl\/?p=62414' aria-hidden='false' data-av_icon='\uf232' data-av_iconfont='entypo-fontello' title='' data-avia-related-tooltip='Compartir en Whatsapp' rel=\"noopener\"><span class='avia_hidden_link_text'>Compartir en Whatsapp<\/span><\/a><\/li><li class='av-share-link av-social-link-linkedin' ><a target=\"_blank\" aria-label=\"Compartir en LinkedIn\" href='https:\/\/linkedin.com\/shareArticle?mini=true&#038;title=Con%20proceso%20de%20recepci%C3%B3n%20de%20obras%20avanza%20conectividad%20digital%20en%20Bah%C3%ADa%20Jara&#038;url=https:\/\/radiorevelacionfm.cl\/?p=62414' aria-hidden='false' data-av_icon='\ue8fc' data-av_iconfont='entypo-fontello' title='' data-avia-related-tooltip='Compartir en LinkedIn' rel=\"noopener\"><span class='avia_hidden_link_text'>Compartir en LinkedIn<\/span><\/a><\/li><li class='av-share-link av-social-link-mail' ><a  aria-label=\"Compartir por correo\" href='mailto:?subject=Con%20proceso%20de%20recepci%C3%B3n%20de%20obras%20avanza%20conectividad%20digital%20en%20Bah%C3%ADa%20Jara&#038;body=https:\/\/radiorevelacionfm.cl\/?p=62414' aria-hidden='false' data-av_icon='\ue805' data-av_iconfont='entypo-fontello' title='' data-avia-related-tooltip='Compartir por correo'><span class='avia_hidden_link_text'>Compartir por correo<\/span><\/a><\/li><\/ul><\/div><\/div>\n<div  style='height:50px' class='hr hr-invisible   avia-builder-el-8  el_after_av_social_share  el_before_av_comments_list '><span class='hr-inner ' ><span class='hr-inner-style'><\/span><\/span><\/div>\n<div  class='av-buildercomment  av-blog-meta-html-info-disabled av-blog-meta-tag-disabled  '><\/div>\n","protected":false},"excerpt":{"rendered":"","protected":false},"author":1,"featured_media":62415,"comment_status":"closed","ping_status":"closed","sticky":false,"template":"","format":"standard","meta":{"footnotes":""},"categories":[38],"tags":[],"class_list":["post-62414","post","type-post","status-publish","format-standard","has-post-thumbnail","hentry","category-regional"],"jetpack_featured_media_url":"https:\/\/radiorevelacionfm.cl\/wp-content\/uploads\/2025\/12\/20251210_184500-1_optimized.jpg","_links":{"self":[{"href":"https:\/\/radiorevelacionfm.cl\/index.php?rest_route=\/wp\/v2\/posts\/62414","targetHints":{"allow":["GET"]}}],"collection":[{"href":"https:\/\/radiorevelacionfm.cl\/index.php?rest_route=\/wp\/v2\/posts"}],"about":[{"href":"https:\/\/radiorevelacionfm.cl\/index.php?rest_route=\/wp\/v2\/types\/post"}],"author":[{"embeddable":true,"href":"https:\/\/radiorevelacionfm.cl\/index.php?rest_route=\/wp\/v2\/users\/1"}],"replies":[{"embeddable":true,"href":"https:\/\/radiorevelacionfm.cl\/index.php?rest_route=%2Fwp%2Fv2%2Fcomments&post=62414"}],"version-history":[{"count":2,"href":"https:\/\/radiorevelacionfm.cl\/index.php?rest_route=\/wp\/v2\/posts\/62414\/revisions"}],"predecessor-version":[{"id":62421,"href":"https:\/\/radiorevelacionfm.cl\/index.php?rest_route=\/wp\/v2\/posts\/62414\/revisions\/62421"}],"wp:featuredmedia":[{"embeddable":true,"href":"https:\/\/radiorevelacionfm.cl\/index.php?rest_route=\/wp\/v2\/media\/62415"}],"wp:attachment":[{"href":"https:\/\/radiorevelacionfm.cl\/index.php?rest_route=%2Fwp%2Fv2%2Fmedia&parent=62414"}],"wp:term":[{"taxonomy":"category","embeddable":true,"href":"https:\/\/radiorevelacionfm.cl\/index.php?rest_route=%2Fwp%2Fv2%2Fcategories&post=62414"},{"taxonomy":"post_tag","embeddable":true,"href":"https:\/\/radiorevelacionfm.cl\/index.php?rest_route=%2Fwp%2Fv2%2Ftags&post=62414"}],"curies":[{"name":"wp","href":"https:\/\/api.w.org\/{rel}","templated":true}]}}