{"id":62410,"date":"2025-12-12T12:12:27","date_gmt":"2025-12-12T15:12:27","guid":{"rendered":"https:\/\/radiorevelacionfm.cl\/?p=62410"},"modified":"2025-12-12T12:12:27","modified_gmt":"2025-12-12T15:12:27","slug":"mop-realiza-8-sesion-de-la-mesa-estrategica-de-recursos-hidricos-de-la-cuenca-del-rio-aysen","status":"publish","type":"post","link":"https:\/\/radiorevelacionfm.cl\/?p=62410","title":{"rendered":"MOP realiza 8\u00b0 sesi\u00f3n de la mesa estrat\u00e9gica de recursos h\u00eddricos de la Cuenca del R\u00edo Ays\u00e9n"},"content":{"rendered":"<div class=\"flex_column av_one_full  flex_column_div av-zero-column-padding first  avia-builder-el-0  el_before_av_one_full  avia-builder-el-first  \" style='border-radius:0px; '><div  class='avia-image-container  av-styling-    avia-builder-el-1  avia-builder-el-no-sibling  avia-align-center '  itemprop=\"image\" itemscope=\"itemscope\" itemtype=\"https:\/\/schema.org\/ImageObject\"  ><div class='avia-image-container-inner'><div class='avia-image-overlay-wrap'><img decoding=\"async\" class='wp-image-62411 avia-img-lazy-loading-not-62411 avia_image' src=\"https:\/\/radiorevelacionfm.cl\/wp-content\/uploads\/2025\/12\/img_2648_optimized.jpg\" alt='' title='img_2648_optimized' height=\"600\" width=\"899\"  itemprop=\"thumbnailUrl\" srcset=\"https:\/\/radiorevelacionfm.cl\/wp-content\/uploads\/2025\/12\/img_2648_optimized.jpg 899w, https:\/\/radiorevelacionfm.cl\/wp-content\/uploads\/2025\/12\/img_2648_optimized-300x200.jpg 300w, https:\/\/radiorevelacionfm.cl\/wp-content\/uploads\/2025\/12\/img_2648_optimized-768x513.jpg 768w, https:\/\/radiorevelacionfm.cl\/wp-content\/uploads\/2025\/12\/img_2648_optimized-705x471.jpg 705w, https:\/\/radiorevelacionfm.cl\/wp-content\/uploads\/2025\/12\/img_2648_optimized-450x300.jpg 450w, https:\/\/radiorevelacionfm.cl\/wp-content\/uploads\/2025\/12\/img_2648_optimized-600x400.jpg 600w\" sizes=\"(max-width: 899px) 100vw, 899px\" \/><\/div><\/div><\/div><\/div><div class=\"flex_column av_one_full  flex_column_div av-zero-column-padding first  avia-builder-el-2  el_after_av_one_full  el_before_av_one_full  column-top-margin\" style='border-radius:0px; '><section class=\"av_textblock_section \"  itemscope=\"itemscope\" itemtype=\"https:\/\/schema.org\/BlogPosting\" itemprop=\"blogPost\" ><div class='avia_textblock  '   itemprop=\"text\" ><p style=\"text-align: center;\"><strong><span style=\"font-size: 18pt;\">MOP realiza 8\u00b0 sesi\u00f3n de la mesa estrat\u00e9gica de recursos h\u00eddricos de la Cuenca del R\u00edo Ays\u00e9n<\/span><\/strong><\/p>\n<div id=\"gtx-trans\" style=\"position: absolute; left: -50px; top: 4.31534px;\">\n<div class=\"gtx-trans-icon\"><\/div>\n<\/div>\n<\/div><\/section><\/div><\/p>\n<div class=\"flex_column av_one_full  flex_column_div av-zero-column-padding first  avia-builder-el-4  el_after_av_one_full  el_before_av_hr  column-top-margin\" style='border-radius:0px; '><section class=\"av_textblock_section \"  itemscope=\"itemscope\" itemtype=\"https:\/\/schema.org\/BlogPosting\" itemprop=\"blogPost\" ><div class='avia_textblock  '   itemprop=\"text\" ><ul>\n<li style=\"text-align: justify;\"><em>Iniciativa impulsa la participaci\u00f3n de diversos representantes de la ciudadan\u00eda para gestionar los recursos h\u00eddricos de la Cuenca.<\/em><\/li>\n<\/ul>\n<p style=\"text-align: justify;\">La Secretaria Regional Ministerial de Obras P\u00fablicas Paloma Jara junto al Director Regional de la Direcci\u00f3n General \u00a0Aguas del MOP H\u00e9ctor Cort\u00e9s Gaete y equipo, y diversos representantes del sector p\u00fablico, academia y privados participan en la 8\u00b0 sesi\u00f3n de la Mesa Estrat\u00e9gica de Recursos H\u00eddricos (MERH) de la Cuenca del R\u00edo Ays\u00e9n.<\/p>\n<p style=\"text-align: justify;\">Las Mesas Estrat\u00e9gicas de Recursos H\u00eddricos son instancias lideradas por la Direcci\u00f3n General de Aguas del MOP, que se constituyen en el marco de lo dispuesto en el art\u00edculo 293 bis del C\u00f3digo de Aguas, y que est\u00e1n compuestas por representantes acreditados de diversos sectores, quienes colaboran en las fases de desarrollo de los Planes Estrat\u00e9gicos de Recursos H\u00eddricos de Cuencas (PERHC), como en la Cuenca del R\u00edo Ays\u00e9n la que abarca Coyhaique, Ays\u00e9n y Puerto Chacabuco, y tienen como responsabilidad colaborar con la ejecuci\u00f3n de las distintas fases y actividades de los Planes Estrat\u00e9gicos de Recursos H\u00eddricos de esta Cuenca, lo que permitir\u00e1 identificar brechas, establecer balances, diagnosticar el estado e informaci\u00f3n e infraestructuras, promover acuerdos y compromisos entre los organismos del Estado y los actores privados para proponer acciones, prioridades y enfrentar efectos adversos asociados al cambio clim\u00e1tico sobre el recurso h\u00eddrico, as\u00ed como tambi\u00e9n realizar seguimiento y evaluaci\u00f3n a los compromisos adquiridos en el trabajo de la Mesa y colaborar en las actividades de participaci\u00f3n ciudadana requeridas durante las fases de elaboraci\u00f3n, revisi\u00f3n y actualizaci\u00f3n de los PERHC.<\/p>\n<p style=\"text-align: justify;\">Al respecto la Seremi del MOP destac\u00f3 que \u201cla octava sesi\u00f3n de la Mesa de la Cuenca del R\u00edo Ays\u00e9n viene a seguir fortaleciendo la gobernanza que se espera de la comunidad, que se asocie a esta gran Cuenca que incluye r\u00edos tan importantes como nuestro r\u00edo Coyhaique y tambi\u00e9n el r\u00edo Simpson. Para nosotros como Ministerio de Obras P\u00fablicas, la gesti\u00f3n del agua ha sido una prioridad desde el a\u00f1o 2024 que vienen trabajando distintos sectores p\u00fablicos y privados en mejorar c\u00f3mo vamos a llevar a cabo el desarrollo de la Cuenca, hablando temas tan importantes como el desarrollo productivo y tambi\u00e9n los temas de abastecimiento, agua potable y los temas ecol\u00f3gicos. Este trabajo ha sido liderado por el Director General de Aguas a nivel nacional y en nuestra regi\u00f3n por \u00a0H\u00e9ctor Cort\u00e9s, quien ha ido llevando esto en conjunto con su equipo, con el fin de que podamos ver resultados muy pronto de cu\u00e1les van a ser los nuevos lineamientos para trabajar en la Cuenca\u201d.<\/p>\n<p style=\"text-align: justify;\">Algunos aspectos que son significativos de la implementaci\u00f3n de la MERH y la visi\u00f3n que existe respecto de los Planes Estrat\u00e9gicos de Recursos H\u00eddricos de la Cuenca (PERHC), es la forma de gobernanza desde la Cuenca, donde participan todos los actores que se desenvuelven ah\u00ed para formular sus puntos de vista, dialogar y tomar las mejores decisiones para su desarrollo, y se constituye como un ejercicio efectivo de participaci\u00f3n en torno a \u00a0trabajar juntos el Plan Estrat\u00e9gico de Recursos H\u00eddricos para esta Cuenca y avanzar hacia la gesti\u00f3n integrada de las aguas en un escenario de cambio clim\u00e1tico, priorizando siempre el consumo humano en armon\u00eda con las funciones ecosist\u00e9micas y productivas.<\/p>\n<p style=\"text-align: justify;\">Desde esa perspectiva, el director de la Direcci\u00f3n de Aguas del MOP en la Regi\u00f3n de Ays\u00e9n, H\u00e9ctor Cort\u00e9s Gaete destac\u00f3 que \u201cen la Regi\u00f3n de Ays\u00e9n en una primera instancia se est\u00e1 trabajando con la Cuenca del R\u00edo Ays\u00e9n, y han expuesto el espacio f\u00edsico de la Cuenca, la definici\u00f3n de los problemas y oportunidades dentro de ella para sistematizarlos y trabajar con ellos integr\u00e1ndolos dentro de los ejes como son el consumo humano, salud y subsistencia, desarrollo econ\u00f3mico, conservaci\u00f3n y preservaci\u00f3n de los ecosistemas, resiliencia ante amenazas como inundaciones y sequ\u00edas. Hoy en la 8\u00b0 sesi\u00f3n de la Mesa Estrat\u00e9gica de Recursos H\u00eddricos el objetivo era generar la imagen objetivo del plan estrat\u00e9gico de la Cuenca del R\u00edo Ays\u00e9n, en donde el tema importante es el concepto de la planificaci\u00f3n del territorio con una visi\u00f3n desde la cuenca hidrogr\u00e1fica, reconociendo los diferentes actores, las diferentes demandas que existen sobre el recurso h\u00eddrico y por supuesto tambi\u00e9n confrontarlo y analizarlo desde la perspectiva de la oferta h\u00eddrica. Estamos en un concepto de planificaci\u00f3n que de alguna manera tambi\u00e9n est\u00e1 abordando el contexto del cambio clim\u00e1tico, desde la perspectiva de dar sustentabilidad. A el uso del recurso h\u00eddrico, desde una perspectiva de responsabilidad en el largo plazo que permita por supuesto hacer frente a las demandas y reconociendo que el recurso h\u00eddrico, el agua, no es un elemento tan abundante y que desde esa perspectiva es necesario tener una adecuada planificaci\u00f3n para asegurar su uso y principalmente poder atender la oferta en diferentes escenarios\u201d.<\/p>\n<p style=\"text-align: justify;\">Iniciativas como estas permiten al Ministerio de Obras P\u00fablicas trabajar mancomunadamente con el sector privado y la Academia acreditados, en una alianza que fortalecer\u00e1 la forma en que se trabaja en torno al desarrollo de diversos aspectos de la Cuenca del R\u00edo Ays\u00e9n, y se dan a conocer puntos de vista, sobre una Cuenca que congrega la mayor cantidad de poblaci\u00f3n en la Regi\u00f3n. Trabajar en la Cuenca considera aspectos relevantes como son las personas, el desarrollo del territorio y c\u00f3mo queremos que en el futuro ese medio ambiente f\u00edsico y el recurso h\u00eddrico en \u00e9l sea considerado y utilizado por lo tanto, se requiere continuar conversando, acordar prioridades y que se impulsen acciones\u00a0 que aporten al desarrollo de los PERHC.<\/p>\n<p style=\"text-align: justify;\">As\u00ed lo expres\u00f3 tambi\u00e9n, Pablo Bulnes Pardo, Coordinador Regional de Riego en la Regi\u00f3n de Ays\u00e9n. \u201cYo creo que es una actividad muy provechosa. Hoy d\u00eda estuvimos analizando los \u00e1rboles de objetivo para poder ir definiendo metas, acciones y trabajos futuros respecto a lo que va a ser el Plan de Gesti\u00f3n de Recursos H\u00eddricos piloto en la Regi\u00f3n de Ays\u00e9n y espec\u00edficamente en la Cuenca del R\u00edo Ays\u00e9n. Hay una gran participaci\u00f3n, hay inter\u00e9s y convoca a todos los actores antes mencionados, tomadores de decisiones, directores de servicio, comunidad y organizaciones vinculadas con esta Cuenca, porque sin lugar a duda una buena gesti\u00f3n del recurso h\u00eddrico nos va a permitir utilizar este preciado recurso, que adem\u00e1s es escaso y con el cambio clim\u00e1tico cada vez va a ir en disminuci\u00f3n de una manera m\u00e1s eficiente. Entonces, creo que es un trabajo responsable que se est\u00e1 liderando desde el Ministerio de Obras P\u00fablicas, espec\u00edficamente la Direcci\u00f3n General de Aguas, en este caso su director y su equipo trabajo. Entonces, creo que es un trabajo muy importante y que nos va a poder aportar herramientas y sobre todo lineamientos y trabajo en gesti\u00f3n y sobre todo en gobernanza participativa de manera transparente para poder desarrollar finalmente un Plan que nos haga sentido, que pueda tener cartera de inversi\u00f3n y que por cierto pueda mejorar la calidad de vida de nuestras vecinas de la Regi\u00f3n de Ays\u00e9n en el tema del recurso h\u00eddrico\u201d.<\/p>\n<p style=\"text-align: justify;\">Por su parte, Alexandra Salazar, Directora de la Corporaci\u00f3n para el Desarrollo de Ays\u00e9n, CODESA. \u201cTodo lo que est\u00e1 expuesto a los objetivos que se han llegado, las medidas que en el fondo est\u00e1n propuestas en este Plan o en este futuro Plan, me parecen s\u00faper pertinentes porque han sido muy participativas. Es un trabajo que hemos realizado como este trabajo en grupo, de opinar desde los diferentes sectores que estamos aqu\u00ed presentes y el trabajo del MOP tambi\u00e9n ha sido de consolidar toda esta informaci\u00f3n y llegar a estos objetivos que hoy en d\u00eda estamos revisando. Yo creo que ha sido un trabajo que ya va bien avanzado. Est\u00e1 el eje de la conservaci\u00f3n de los ecosistemas, yo creo que es uno de los objetivos m\u00e1s relevantes, sobre todo \u00a0desde mi corporaci\u00f3n tambi\u00e9n tratamos de conservar los ecosistemas, tratamos de ver a Ays\u00e9n como reserva de vida, por lo tanto es uno de los ejes que m\u00e1s relevancia tiene para nosotros, y las medidas que se han tomado tambi\u00e9n encuentro s\u00faper pertinente en la medida que no solamente se busca fiscalizar o monitorear. La cuenca en general, sino m\u00e1s bien tambi\u00e9n establecer sistemas de recuperaci\u00f3n de ciertas partes que est\u00e1n m\u00e1s contaminadas, que tienen un impacto mayor desde el ser humano. Entonces en ese sentido, son medidas que me parecen s\u00faper pertinentes y que tenemos que s\u00ed o s\u00ed abordar desde ya, pero que este Plan yo creo que va a ser un buen instrumento que pueda regular esos temas.\u201d<\/p>\n<\/div><\/section><\/div>\n<div  style='height:50px' class='hr hr-invisible   avia-builder-el-6  el_after_av_one_full  el_before_av_social_share '><span class='hr-inner ' ><span class='hr-inner-style'><\/span><\/span><\/div>\n<div  class='av-social-sharing-box  avia-builder-el-7  el_after_av_hr  el_before_av_hr  '><div class='av-share-box'><h5 class='av-share-link-description av-no-toc '>Compartir esta noticia<\/h5><ul class='av-share-box-list noLightbox'><li class='av-share-link av-social-link-facebook' ><a target=\"_blank\" aria-label=\"Compartir en Facebook\" href='https:\/\/www.facebook.com\/sharer.php?u=https:\/\/radiorevelacionfm.cl\/?p=62410&#038;t=MOP%20realiza%208%C2%B0%20sesi%C3%B3n%20de%20la%20mesa%20estrat%C3%A9gica%20de%20recursos%20h%C3%ADdricos%20de%20la%20Cuenca%20del%20R%C3%ADo%20Ays%C3%A9n' aria-hidden='false' data-av_icon='\ue8f3' data-av_iconfont='entypo-fontello' title='' data-avia-related-tooltip='Compartir en Facebook' rel=\"noopener\"><span class='avia_hidden_link_text'>Compartir en Facebook<\/span><\/a><\/li><li class='av-share-link av-social-link-twitter' ><a target=\"_blank\" aria-label=\"Compartir en Twitter\" href='https:\/\/twitter.com\/share?text=MOP%20realiza%208%C2%B0%20sesi%C3%B3n%20de%20la%20mesa%20estrat%C3%A9gica%20de%20recursos%20h%C3%ADdricos%20de%20la%20Cuenca%20del%20R%C3%ADo%20Ays%C3%A9n&#038;url=https:\/\/radiorevelacionfm.cl\/?p=62410' aria-hidden='false' data-av_icon='\ue8f1' data-av_iconfont='entypo-fontello' title='' data-avia-related-tooltip='Compartir en Twitter' rel=\"noopener\"><span class='avia_hidden_link_text'>Compartir en Twitter<\/span><\/a><\/li><li class='av-share-link av-social-link-whatsapp' ><a target=\"_blank\" aria-label=\"Compartir en Whatsapp\" href='https:\/\/api.whatsapp.com\/send?text=https:\/\/radiorevelacionfm.cl\/?p=62410' aria-hidden='false' data-av_icon='\uf232' data-av_iconfont='entypo-fontello' title='' data-avia-related-tooltip='Compartir en Whatsapp' rel=\"noopener\"><span class='avia_hidden_link_text'>Compartir en Whatsapp<\/span><\/a><\/li><li class='av-share-link av-social-link-linkedin' ><a target=\"_blank\" aria-label=\"Compartir en LinkedIn\" href='https:\/\/linkedin.com\/shareArticle?mini=true&#038;title=MOP%20realiza%208%C2%B0%20sesi%C3%B3n%20de%20la%20mesa%20estrat%C3%A9gica%20de%20recursos%20h%C3%ADdricos%20de%20la%20Cuenca%20del%20R%C3%ADo%20Ays%C3%A9n&#038;url=https:\/\/radiorevelacionfm.cl\/?p=62410' aria-hidden='false' data-av_icon='\ue8fc' data-av_iconfont='entypo-fontello' title='' data-avia-related-tooltip='Compartir en LinkedIn' rel=\"noopener\"><span class='avia_hidden_link_text'>Compartir en LinkedIn<\/span><\/a><\/li><li class='av-share-link av-social-link-mail' ><a  aria-label=\"Compartir por correo\" href='mailto:?subject=MOP%20realiza%208%C2%B0%20sesi%C3%B3n%20de%20la%20mesa%20estrat%C3%A9gica%20de%20recursos%20h%C3%ADdricos%20de%20la%20Cuenca%20del%20R%C3%ADo%20Ays%C3%A9n&#038;body=https:\/\/radiorevelacionfm.cl\/?p=62410' aria-hidden='false' data-av_icon='\ue805' data-av_iconfont='entypo-fontello' title='' data-avia-related-tooltip='Compartir por correo'><span class='avia_hidden_link_text'>Compartir por correo<\/span><\/a><\/li><\/ul><\/div><\/div>\n<div  style='height:50px' class='hr hr-invisible   avia-builder-el-8  el_after_av_social_share  el_before_av_comments_list '><span class='hr-inner ' ><span class='hr-inner-style'><\/span><\/span><\/div>\n<div  class='av-buildercomment  av-blog-meta-html-info-disabled av-blog-meta-tag-disabled  '><\/div>\n","protected":false},"excerpt":{"rendered":"","protected":false},"author":1,"featured_media":62411,"comment_status":"closed","ping_status":"closed","sticky":false,"template":"","format":"standard","meta":{"footnotes":""},"categories":[38],"tags":[],"class_list":["post-62410","post","type-post","status-publish","format-standard","has-post-thumbnail","hentry","category-regional"],"jetpack_featured_media_url":"https:\/\/radiorevelacionfm.cl\/wp-content\/uploads\/2025\/12\/img_2648_optimized.jpg","_links":{"self":[{"href":"https:\/\/radiorevelacionfm.cl\/index.php?rest_route=\/wp\/v2\/posts\/62410","targetHints":{"allow":["GET"]}}],"collection":[{"href":"https:\/\/radiorevelacionfm.cl\/index.php?rest_route=\/wp\/v2\/posts"}],"about":[{"href":"https:\/\/radiorevelacionfm.cl\/index.php?rest_route=\/wp\/v2\/types\/post"}],"author":[{"embeddable":true,"href":"https:\/\/radiorevelacionfm.cl\/index.php?rest_route=\/wp\/v2\/users\/1"}],"replies":[{"embeddable":true,"href":"https:\/\/radiorevelacionfm.cl\/index.php?rest_route=%2Fwp%2Fv2%2Fcomments&post=62410"}],"version-history":[{"count":2,"href":"https:\/\/radiorevelacionfm.cl\/index.php?rest_route=\/wp\/v2\/posts\/62410\/revisions"}],"predecessor-version":[{"id":62431,"href":"https:\/\/radiorevelacionfm.cl\/index.php?rest_route=\/wp\/v2\/posts\/62410\/revisions\/62431"}],"wp:featuredmedia":[{"embeddable":true,"href":"https:\/\/radiorevelacionfm.cl\/index.php?rest_route=\/wp\/v2\/media\/62411"}],"wp:attachment":[{"href":"https:\/\/radiorevelacionfm.cl\/index.php?rest_route=%2Fwp%2Fv2%2Fmedia&parent=62410"}],"wp:term":[{"taxonomy":"category","embeddable":true,"href":"https:\/\/radiorevelacionfm.cl\/index.php?rest_route=%2Fwp%2Fv2%2Fcategories&post=62410"},{"taxonomy":"post_tag","embeddable":true,"href":"https:\/\/radiorevelacionfm.cl\/index.php?rest_route=%2Fwp%2Fv2%2Ftags&post=62410"}],"curies":[{"name":"wp","href":"https:\/\/api.w.org\/{rel}","templated":true}]}}