{"id":62407,"date":"2025-12-11T21:37:39","date_gmt":"2025-12-12T00:37:39","guid":{"rendered":"https:\/\/radiorevelacionfm.cl\/?p=62407"},"modified":"2025-12-11T21:37:39","modified_gmt":"2025-12-12T00:37:39","slug":"coyhaique-impulsa-turismo-intercultural-con-encuentro-internacional-que-conecto-a-comunidades-y-expertos","status":"publish","type":"post","link":"https:\/\/radiorevelacionfm.cl\/?p=62407","title":{"rendered":"Coyhaique impulsa turismo intercultural con encuentro internacional que conect\u00f3 a comunidades y expertos"},"content":{"rendered":"<div class=\"flex_column av_one_full  flex_column_div av-zero-column-padding first  avia-builder-el-0  el_before_av_one_full  avia-builder-el-first  \" style='border-radius:0px; '><div  class='avia-image-container  av-styling-    avia-builder-el-1  avia-builder-el-no-sibling  avia-align-center '  itemprop=\"image\" itemscope=\"itemscope\" itemtype=\"https:\/\/schema.org\/ImageObject\"  ><div class='avia-image-container-inner'><div class='avia-image-overlay-wrap'><img decoding=\"async\" class='wp-image-62408 avia-img-lazy-loading-not-62408 avia_image' src=\"https:\/\/radiorevelacionfm.cl\/wp-content\/uploads\/2025\/12\/1000178251-1_optimized.jpg\" alt='' title='1000178251-(1)_optimized' height=\"600\" width=\"900\"  itemprop=\"thumbnailUrl\" srcset=\"https:\/\/radiorevelacionfm.cl\/wp-content\/uploads\/2025\/12\/1000178251-1_optimized.jpg 900w, https:\/\/radiorevelacionfm.cl\/wp-content\/uploads\/2025\/12\/1000178251-1_optimized-300x200.jpg 300w, https:\/\/radiorevelacionfm.cl\/wp-content\/uploads\/2025\/12\/1000178251-1_optimized-768x512.jpg 768w, https:\/\/radiorevelacionfm.cl\/wp-content\/uploads\/2025\/12\/1000178251-1_optimized-705x470.jpg 705w, https:\/\/radiorevelacionfm.cl\/wp-content\/uploads\/2025\/12\/1000178251-1_optimized-450x300.jpg 450w, https:\/\/radiorevelacionfm.cl\/wp-content\/uploads\/2025\/12\/1000178251-1_optimized-600x400.jpg 600w\" sizes=\"(max-width: 900px) 100vw, 900px\" \/><\/div><\/div><\/div><\/div><div class=\"flex_column av_one_full  flex_column_div av-zero-column-padding first  avia-builder-el-2  el_after_av_one_full  el_before_av_one_full  column-top-margin\" style='border-radius:0px; '><section class=\"av_textblock_section \"  itemscope=\"itemscope\" itemtype=\"https:\/\/schema.org\/BlogPosting\" itemprop=\"blogPost\" ><div class='avia_textblock  '   itemprop=\"text\" ><p style=\"text-align: center;\"><span style=\"font-size: 18pt;\"><b>Coyhaique impulsa turismo intercultural con encuentro internacional que conect\u00f3 a comunidades y expertos<\/b><\/span><\/p>\n<div id=\"gtx-trans\" style=\"position: absolute; left: -50px; top: 4.31534px;\">\n<div class=\"gtx-trans-icon\"><\/div>\n<\/div>\n<\/div><\/section><\/div><div class=\"flex_column av_one_full  flex_column_div av-zero-column-padding first  avia-builder-el-4  el_after_av_one_full  el_before_av_hr  column-top-margin\" style='border-radius:0px; '><section class=\"av_textblock_section \"  itemscope=\"itemscope\" itemtype=\"https:\/\/schema.org\/BlogPosting\" itemprop=\"blogPost\" ><div class='avia_textblock  '   itemprop=\"text\" ><p style=\"text-align: justify;\"><em>El encuentro, organizado por la Universidad Austral y el apoyo del Comit\u00e9 de Desarrollo Productivo de Corfo Ays\u00e9n, tuvo por prop\u00f3sito fortalecer experiencias tur\u00edsticas con identidad territorial y proyecci\u00f3n comunitaria.<\/em><\/p>\n<p style=\"text-align: justify;\">Con el objetivo de visibilizar pr\u00e1cticas emergentes del turismo ind\u00edgena, rural y de base comunitaria, integrando la mirada de las comunidades locales, la academia y el sector p\u00fablico en torno a un modelo de desarrollo sustentable y con identidad territorial, se desarroll\u00f3 en Coyhaique el Primer Encuentro Internacional de Turismo Intercultural.<\/p>\n<p style=\"text-align: justify;\">La iniciativa forma parte del proyecto \u201cTurismo Intercultural: Desarrollo e Innovaci\u00f3n de Experiencias de Base Comunitaria, Rurales y de Pueblos Originarios\u201d, que reuni\u00f3 a emprendedores, comunidades y expertos de Latinoam\u00e9rica para fortalecer el turismo con identidad. El encuentro fue organizado por la Universidad Austral de Chile a trav\u00e9s del programa Viraliza, postulado a la convocatoria Viraliza Eventos de Corfo Ays\u00e9n 2025, con el apoyo de esta instituci\u00f3n.<\/p>\n<p style=\"text-align: justify;\">CONECTANDO SABERES Y OPORTUNIDADES<\/p>\n<p style=\"text-align: justify;\">El encuentro se realiz\u00f3 el 4 y 5 de diciembre en el Campus Patagonia de la UACh y el Museo Regional de Ays\u00e9n, con actividades orientadas a la formaci\u00f3n, el intercambio y la generaci\u00f3n de redes. La primera jornada incluy\u00f3 un curso, feria de emprendimientos y rueda de negocios; el segundo d\u00eda se desarroll\u00f3 el Seminario Internacional de Turismo Intercultural, con expositores de Brasil, Colombia y diversas regiones de Chile.<\/p>\n<p style=\"text-align: justify;\">Estas instancias, explic\u00f3 el director de Corfo Ays\u00e9n, Humberto Mar\u00edn Leiva, posibilitaron el desarrollo de capacidades locales para la gesti\u00f3n del turismo intercultural y permitieron a emprendimientos locales mostrar servicios tur\u00edsticos con identidad cultural, abriendo espacios para negocios y proyecci\u00f3n. \u201cEste encuentro refleja el prop\u00f3sito de Corfo de impulsar la innovaci\u00f3n y la asociatividad en sectores estrat\u00e9gicos para el desarrollo regional. A trav\u00e9s del programa Viraliza, buscamos consolidar el turismo intercultural como una oferta diferenciada y sostenible, capaz de generar oportunidades econ\u00f3micas y fortalecer la identidad cultural de Ays\u00e9n\u201d, afirm\u00f3 Humberto Mar\u00edn Leiva, director de Corfo Ays\u00e9n.<\/p>\n<p style=\"text-align: justify;\">En la misma l\u00ednea, Guillermo Pacheco, director del Laboratorio de Innovaci\u00f3n Tur\u00edstica de la UACh, destac\u00f3 que \u201cestas instancias permiten sincronizar visiones entre comunidades, sector p\u00fablico y academia para fortalecer el desarrollo tur\u00edstico con identidad. Es clave avanzar en una gobernanza intercultural que reconozca a los pueblos originarios y comunidades rurales\u201d.<\/p>\n<p style=\"text-align: justify;\">EXPERIENCIAS Y APRENDIZAJES<\/p>\n<p style=\"text-align: justify;\">El seminario realizado el 5 de diciembre fue el eje central del encuentro y marc\u00f3 un paso decisivo hacia un modelo de turismo inclusivo y sostenible, basado en la identidad territorial. Expertos como Carlos Alberto Cioce Sampaio (Brasil), Jackson Baumann (Brasil) y Christian Henr\u00edquez (Chile\/Brasil), compartieron experiencias sobre turismo de base comunitaria y estrategias para preservar modos de vida y pr\u00e1cticas culturales. Por parte de Chile, expusieron Mar\u00eda Elisa Pichumilla (Panguipulli), Mauricio Pangui (San Jos\u00e9 de La Mariquina) y Luis Mar\u00eda Oyarzo (Pu\u00f1ihuil, Chilo\u00e9), quienes compartieron experiencias que fortalecen la interculturalidad y la econom\u00eda local. A nivel local, participaron representantes de comunidades mapuche y cooperativas locales de Alto Baguales y Alto \u00d1irehuao, quienes presentaron modelos que promueven la reciprocidad y el desarrollo regenerativo.<\/p>\n<p style=\"text-align: justify;\">El acad\u00e9mico brasile\u00f1o Dr. Carlos Sampaio subray\u00f3 la importancia de la innovaci\u00f3n en el turismo de base comunitaria, destacando que su presentaci\u00f3n abord\u00f3 experiencias interculturales surgidas en la Amazon\u00eda, vinculadas a procesos comunitarios y redes colaborativas orientadas al fortalecimiento territorial. \u201cLa innovaci\u00f3n surge cuando se crean arreglos socioproductivos comunitarios vinculados a la cadena de valor del turismo, preservando modos de vida, identidades culturales y pr\u00e1cticas productivas tradicionales\u201d, afirm\u00f3, enfatizando la necesidad de modelos que integren desarrollo econ\u00f3mico con la protecci\u00f3n de la identidad cultural.<\/p>\n<p style=\"text-align: justify;\">Desde la perspectiva nacional, Mauricio Pangui, representante de la Cooperativa Mely Lawen (San Jos\u00e9 de La Mariquina), destac\u00f3 el compromiso de las comunidades en liderar modelos de desarrollo tur\u00edstico regenerativo e intercultural. Subray\u00f3 que la propuesta se sustenta en principios de reciprocidad y fortalecimiento cultural. \u201cNos convoca el desarrollo de los pueblos, es lo que nos mueve como cooperativa. La interculturalidad plantea el tema de la reciprocidad, algo valioso y digno de compartir. Estamos muy contentos de aportar a este desarrollo para que la cultura mapuche siga creciendo y revitaliz\u00e1ndose, con modelos que las propias comunidades son capaces de liderar\u201d, afirm\u00f3.<\/p>\n<p style=\"text-align: justify;\">La Prodecana de la Facultad de Ciencias Econ\u00f3micas y Administrativas de la UACh, Dra. Marisela Pilquim\u00e1n, subray\u00f3 la relevancia de la vinculaci\u00f3n territorial. \u201cComo universidad, nuestro compromiso es aportar al desarrollo regional. Este encuentro reuni\u00f3 a familias, comunidades y emprendedores que son protagonistas del turismo intercultural en Ays\u00e9n\u201d.<\/p>\n<p style=\"text-align: justify;\">El encuentro deja como desaf\u00edo avanzar en la consolidaci\u00f3n de redes y sinergias entre actores p\u00fablicos, privados y comunitarios, para que el turismo intercultural se posicione como una alternativa sostenible y con identidad territorial, capaz de generar oportunidades econ\u00f3micas y fortalecer la cultura local.<\/p>\n<\/div><\/section><\/div><div  style='height:50px' class='hr hr-invisible   avia-builder-el-6  el_after_av_one_full  el_before_av_social_share '><span class='hr-inner ' ><span class='hr-inner-style'><\/span><\/span><\/div><\/p>\n<div  class='av-social-sharing-box  avia-builder-el-7  el_after_av_hr  el_before_av_hr  '><div class='av-share-box'><h5 class='av-share-link-description av-no-toc '>Compartir esta noticia<\/h5><ul class='av-share-box-list noLightbox'><li class='av-share-link av-social-link-facebook' ><a target=\"_blank\" aria-label=\"Compartir en Facebook\" href='https:\/\/www.facebook.com\/sharer.php?u=https:\/\/radiorevelacionfm.cl\/?p=62407&#038;t=Coyhaique%20impulsa%20turismo%20intercultural%20con%20encuentro%20internacional%20que%20conect%C3%B3%20a%20comunidades%20y%20expertos' aria-hidden='false' data-av_icon='\ue8f3' data-av_iconfont='entypo-fontello' title='' data-avia-related-tooltip='Compartir en Facebook' rel=\"noopener\"><span class='avia_hidden_link_text'>Compartir en Facebook<\/span><\/a><\/li><li class='av-share-link av-social-link-twitter' ><a target=\"_blank\" aria-label=\"Compartir en Twitter\" href='https:\/\/twitter.com\/share?text=Coyhaique%20impulsa%20turismo%20intercultural%20con%20encuentro%20internacional%20que%20conect%C3%B3%20a%20comunidades%20y%20expertos&#038;url=https:\/\/radiorevelacionfm.cl\/?p=62407' aria-hidden='false' data-av_icon='\ue8f1' data-av_iconfont='entypo-fontello' title='' data-avia-related-tooltip='Compartir en Twitter' rel=\"noopener\"><span class='avia_hidden_link_text'>Compartir en Twitter<\/span><\/a><\/li><li class='av-share-link av-social-link-whatsapp' ><a target=\"_blank\" aria-label=\"Compartir en Whatsapp\" href='https:\/\/api.whatsapp.com\/send?text=https:\/\/radiorevelacionfm.cl\/?p=62407' aria-hidden='false' data-av_icon='\uf232' data-av_iconfont='entypo-fontello' title='' data-avia-related-tooltip='Compartir en Whatsapp' rel=\"noopener\"><span class='avia_hidden_link_text'>Compartir en Whatsapp<\/span><\/a><\/li><li class='av-share-link av-social-link-linkedin' ><a target=\"_blank\" aria-label=\"Compartir en LinkedIn\" href='https:\/\/linkedin.com\/shareArticle?mini=true&#038;title=Coyhaique%20impulsa%20turismo%20intercultural%20con%20encuentro%20internacional%20que%20conect%C3%B3%20a%20comunidades%20y%20expertos&#038;url=https:\/\/radiorevelacionfm.cl\/?p=62407' aria-hidden='false' data-av_icon='\ue8fc' data-av_iconfont='entypo-fontello' title='' data-avia-related-tooltip='Compartir en LinkedIn' rel=\"noopener\"><span class='avia_hidden_link_text'>Compartir en LinkedIn<\/span><\/a><\/li><li class='av-share-link av-social-link-mail' ><a  aria-label=\"Compartir por correo\" href='mailto:?subject=Coyhaique%20impulsa%20turismo%20intercultural%20con%20encuentro%20internacional%20que%20conect%C3%B3%20a%20comunidades%20y%20expertos&#038;body=https:\/\/radiorevelacionfm.cl\/?p=62407' aria-hidden='false' data-av_icon='\ue805' data-av_iconfont='entypo-fontello' title='' data-avia-related-tooltip='Compartir por correo'><span class='avia_hidden_link_text'>Compartir por correo<\/span><\/a><\/li><\/ul><\/div><\/div>\n<div  style='height:50px' class='hr hr-invisible   avia-builder-el-8  el_after_av_social_share  el_before_av_comments_list '><span class='hr-inner ' ><span class='hr-inner-style'><\/span><\/span><\/div>\n<div  class='av-buildercomment  av-blog-meta-html-info-disabled av-blog-meta-tag-disabled  '><\/div>\n","protected":false},"excerpt":{"rendered":"","protected":false},"author":1,"featured_media":62408,"comment_status":"closed","ping_status":"closed","sticky":false,"template":"","format":"standard","meta":{"footnotes":""},"categories":[38],"tags":[],"class_list":["post-62407","post","type-post","status-publish","format-standard","has-post-thumbnail","hentry","category-regional"],"jetpack_featured_media_url":"https:\/\/radiorevelacionfm.cl\/wp-content\/uploads\/2025\/12\/1000178251-1_optimized.jpg","_links":{"self":[{"href":"https:\/\/radiorevelacionfm.cl\/index.php?rest_route=\/wp\/v2\/posts\/62407","targetHints":{"allow":["GET"]}}],"collection":[{"href":"https:\/\/radiorevelacionfm.cl\/index.php?rest_route=\/wp\/v2\/posts"}],"about":[{"href":"https:\/\/radiorevelacionfm.cl\/index.php?rest_route=\/wp\/v2\/types\/post"}],"author":[{"embeddable":true,"href":"https:\/\/radiorevelacionfm.cl\/index.php?rest_route=\/wp\/v2\/users\/1"}],"replies":[{"embeddable":true,"href":"https:\/\/radiorevelacionfm.cl\/index.php?rest_route=%2Fwp%2Fv2%2Fcomments&post=62407"}],"version-history":[{"count":2,"href":"https:\/\/radiorevelacionfm.cl\/index.php?rest_route=\/wp\/v2\/posts\/62407\/revisions"}],"predecessor-version":[{"id":62417,"href":"https:\/\/radiorevelacionfm.cl\/index.php?rest_route=\/wp\/v2\/posts\/62407\/revisions\/62417"}],"wp:featuredmedia":[{"embeddable":true,"href":"https:\/\/radiorevelacionfm.cl\/index.php?rest_route=\/wp\/v2\/media\/62408"}],"wp:attachment":[{"href":"https:\/\/radiorevelacionfm.cl\/index.php?rest_route=%2Fwp%2Fv2%2Fmedia&parent=62407"}],"wp:term":[{"taxonomy":"category","embeddable":true,"href":"https:\/\/radiorevelacionfm.cl\/index.php?rest_route=%2Fwp%2Fv2%2Fcategories&post=62407"},{"taxonomy":"post_tag","embeddable":true,"href":"https:\/\/radiorevelacionfm.cl\/index.php?rest_route=%2Fwp%2Fv2%2Ftags&post=62407"}],"curies":[{"name":"wp","href":"https:\/\/api.w.org\/{rel}","templated":true}]}}