{"id":62403,"date":"2025-12-11T18:35:36","date_gmt":"2025-12-11T21:35:36","guid":{"rendered":"https:\/\/radiorevelacionfm.cl\/?p=62403"},"modified":"2025-12-11T18:35:36","modified_gmt":"2025-12-11T21:35:36","slug":"plan-de-emergencia-habitacional-y-compromiso-de-constructora-acercan-la-casa-propia-a-familias-de-aysen","status":"publish","type":"post","link":"https:\/\/radiorevelacionfm.cl\/?p=62403","title":{"rendered":"Plan de emergencia habitacional y compromiso de constructora acercan la casa propia a familias de Ays\u00e9n"},"content":{"rendered":"<div class=\"flex_column av_one_full  flex_column_div av-zero-column-padding first  avia-builder-el-0  el_before_av_one_full  avia-builder-el-first  \" style='border-radius:0px; '><div  class='avia-image-container  av-styling-    avia-builder-el-1  avia-builder-el-no-sibling  avia-align-center '  itemprop=\"image\" itemscope=\"itemscope\" itemtype=\"https:\/\/schema.org\/ImageObject\"  ><div class='avia-image-container-inner'><div class='avia-image-overlay-wrap'><img decoding=\"async\" class='wp-image-62404 avia-img-lazy-loading-not-62404 avia_image' src=\"https:\/\/radiorevelacionfm.cl\/wp-content\/uploads\/2025\/12\/plan-1-1_optimized-1.jpg\" alt='' title='plan-1-(1)_optimized (1)' height=\"600\" width=\"1066\"  itemprop=\"thumbnailUrl\" srcset=\"https:\/\/radiorevelacionfm.cl\/wp-content\/uploads\/2025\/12\/plan-1-1_optimized-1.jpg 1066w, https:\/\/radiorevelacionfm.cl\/wp-content\/uploads\/2025\/12\/plan-1-1_optimized-1-300x169.jpg 300w, https:\/\/radiorevelacionfm.cl\/wp-content\/uploads\/2025\/12\/plan-1-1_optimized-1-1030x580.jpg 1030w, https:\/\/radiorevelacionfm.cl\/wp-content\/uploads\/2025\/12\/plan-1-1_optimized-1-768x432.jpg 768w, https:\/\/radiorevelacionfm.cl\/wp-content\/uploads\/2025\/12\/plan-1-1_optimized-1-705x397.jpg 705w, https:\/\/radiorevelacionfm.cl\/wp-content\/uploads\/2025\/12\/plan-1-1_optimized-1-450x253.jpg 450w, https:\/\/radiorevelacionfm.cl\/wp-content\/uploads\/2025\/12\/plan-1-1_optimized-1-600x338.jpg 600w\" sizes=\"(max-width: 1066px) 100vw, 1066px\" \/><\/div><\/div><\/div><\/div><div class=\"flex_column av_one_full  flex_column_div av-zero-column-padding first  avia-builder-el-2  el_after_av_one_full  el_before_av_one_full  column-top-margin\" style='border-radius:0px; '><section class=\"av_textblock_section \"  itemscope=\"itemscope\" itemtype=\"https:\/\/schema.org\/BlogPosting\" itemprop=\"blogPost\" ><div class='avia_textblock  '   itemprop=\"text\" ><p style=\"text-align: center;\"><strong><span style=\"font-size: 18pt;\">Plan de emergencia habitacional y compromiso de constructora acercan la casa propia a familias de Ays\u00e9n<\/span><\/strong><\/p>\n<div id=\"gtx-trans\" style=\"position: absolute; left: -50px; top: 4.31534px;\">\n<div class=\"gtx-trans-icon\"><\/div>\n<\/div>\n<\/div><\/section><\/div><div class=\"flex_column av_one_full  flex_column_div av-zero-column-padding first  avia-builder-el-4  el_after_av_one_full  el_before_av_hr  column-top-margin\" style='border-radius:0px; '><section class=\"av_textblock_section \"  itemscope=\"itemscope\" itemtype=\"https:\/\/schema.org\/BlogPosting\" itemprop=\"blogPost\" ><div class='avia_textblock  '   itemprop=\"text\" ><p style=\"text-align: justify;\">El Plan de Emergencia Habitacional es una medida de Gobierno, que ha permitido avanzar en iniciativas destinadas a que miles de familias en todo Chile puedan acceder a la casa propia. En la regi\u00f3n esta iniciativa tambi\u00e9n se ha ejecutado de manera exitosa, superando m\u00e1s del 100% del cumplimiento.<\/p>\n<p style=\"text-align: justify;\">La Seremi de Vivienda y Urbanismo de Ays\u00e9n, Paulina Ruz, destac\u00f3 el compromiso del ejecutivo, como as\u00ed tambi\u00e9n de las empresas que se han sumado al desaf\u00edo de construir proyectos sociales, como es el caso de las obras que se ejecutan en los terrenos que adquiri\u00f3 el Minvu al Vicariato y que hoy permite construir 103 casas, ya en su fase final.<\/p>\n<p style=\"text-align: justify;\">\u201cNosotros siempre se\u00f1alamos que el plan de emergencia habitacional como pol\u00edtica habitacional para garantizar a las familias el acceso a la vivienda era un piso. Siempre aspir\u00e1bamos a m\u00e1s y en eso se traduce que al d\u00eda de hoy ya llevemos un 107% de avance, 1.383 viviendas entregadas y 1.080 viviendas en ejecuci\u00f3n dentro de las cuales se encuentran estas 103 viviendas de Puerto Ays\u00e9n. Eso reafirma nuestro compromiso con las familias de la regi\u00f3n, pero tambi\u00e9n da cuenta de una gesti\u00f3n importante que se ha hecho que no se puede desconocer porque salta la vista y que tambi\u00e9n se traduce en que vamos a seguir trabajando con las familias de la regi\u00f3n para garantizar el acceso a la vivienda y en el caso de aquellos proyectos que no se logren ejecutar queden completamente encaminados para que ello corresponda\u201d.<\/p>\n<p style=\"text-align: justify;\">Sin duda, las familias son quienes m\u00e1s agradecen que en este periodo los plazos se hayan acortado y que existan empresas como Bellavista que, con su compromiso y permanente trabajo, han logrado avanzar, incluso antes de los plazos establecidos.<\/p>\n<p style=\"text-align: justify;\">\u201cNuestro plazo de ejecuci\u00f3n es hasta junio 2026, siempre lo tenemos como s\u00faper claro, pero en realidad viendo como el avance de la obra, yo dir\u00eda que vamos a estar antes, as\u00ed que estamos todos como con muchas expectativas y con harta ansiedad de ya poder vivir en nuestras casas. Est\u00e1 hermosa la casa, los colores, las terminaciones, se ve amplio, muy se ve muy grande el living comedor. Estamos contentos, encontramos todo en perfectas condiciones, creo que la empresa Bellavista ha trabajado s\u00faper bien con nosotros como comit\u00e9, ha escuchado siempre nuestras dudas o nuestras sugerencias y yo creo que eso es el resultado del d\u00eda de hoy, porque estamos todos contentos, fascinados con nuestras casas\u201d, manifest\u00f3 Juana Gonz\u00e1lez.<\/p>\n<p style=\"text-align: justify;\">Adriana \u00c1lzate, tiene una hija con discapacidad, por lo tanto, ha podido visitar la que ser\u00e1 su vivienda construida con algunas caracter\u00edsticas especiales y se\u00f1al\u00f3 estar muy feliz por los resultados, luego de haber estado 10 a\u00f1os esperando por obtener su casa propia y que ahora con el plan de emergencia habitacional, ha podido ver como se concreta el sue\u00f1o.<\/p>\n<p style=\"text-align: justify;\">\u201cDespu\u00e9s de 10 a\u00f1os aqu\u00ed de espera, de lucha, es para nosotros pues un sue\u00f1o que por fin se est\u00e1 haciendo realidad. Yo la veo preciosa, yo la veo un palacio para m\u00ed, est\u00e1 hermosa mi casa, hay observaciones, pero muy chiquititas, m\u00e1s bien como de est\u00e9tica, pedacitos de pintura que hay que limpiar, todas estas cosas, pero m\u00e1s all\u00e1 no m\u00e1s. Para nosotros, por lo menos en el comit\u00e9 nosotros no hemos tenido problemas con la empresa, hasta ahora nos han cumplido, se han dado los plazos, es m\u00e1s, siento que ha sido como m\u00e1s corto el plazo. Quiz\u00e1s porque llevamos esperando tanto tiempo, no esper\u00e1bamos tampoco ver las casas tan terminadas\u201d.<\/p>\n<p style=\"text-align: justify;\">Dalia Mansilla, revis\u00f3 cada detalle del que pronto ser\u00e1 su hogar y solo tienee buenos comentarios, un buen trabajo de la empresa constructora, solo peque\u00f1os detalles, pero, \u201cmuy bien, o sea, est\u00e1 s\u00faper. Cumpli\u00f3 las expectativas y todo s\u00faper bien, me gust\u00f3. S\u00faper r\u00e1pido muy eficiente la empresa, sabes que no me imagin\u00e9 yo en lo personal, hablo muy en lo personal, no me imagin\u00e9 que fuera tan r\u00e1pido, pero la verdad ya estamos a un par de d\u00edas de estar ac\u00e1, as\u00ed que estamos contentos\u201d.<\/p>\n<p style=\"text-align: justify;\">Con gran emoci\u00f3n y con mucha felicidad lleg\u00f3 a revisar su vivienda Nilse Rom\u00e1n, quien valor\u00f3 el esfuerzo del comit\u00e9, de las autoridades a trav\u00e9s del plan de emergencia habitacional y de la empresa constructora Bellavista, que est\u00e1n pr\u00f3ximos tener las casas y el proyecto de las viviendas totalmente terminadas. \u201cMuy bonita, estoy muy muy contenta por mi casita. Yo le dec\u00eda mucho a la edad que yo tengo para m\u00ed es un sue\u00f1o. Muy bonito, muy lindo, las terminaciones, todo. Hasta el momento por lo menos no he visto nada mal y la verdad no pensaba venir a encontrar tanto avance, as\u00ed es que, muy bien\u201d.<\/p>\n<p style=\"text-align: justify;\">El Plan de Emergencia Habitacional es una estrategia desarrollada por el Minvu, para abordar con sentido de urgencia el d\u00e9ficit habitacional que existe en Chile, ir en apoyo de las personas que m\u00e1s necesitan colaboraci\u00f3n del Estado para acceder a una vivienda de calidad.<\/p>\n<\/div><\/section><\/div><div  style='height:50px' class='hr hr-invisible   avia-builder-el-6  el_after_av_one_full  el_before_av_social_share '><span class='hr-inner ' ><span class='hr-inner-style'><\/span><\/span><\/div><\/p>\n<div  class='av-social-sharing-box  avia-builder-el-7  el_after_av_hr  el_before_av_hr  '><div class='av-share-box'><h5 class='av-share-link-description av-no-toc '>Compartir esta noticia<\/h5><ul class='av-share-box-list noLightbox'><li class='av-share-link av-social-link-facebook' ><a target=\"_blank\" aria-label=\"Compartir en Facebook\" href='https:\/\/www.facebook.com\/sharer.php?u=https:\/\/radiorevelacionfm.cl\/?p=62403&#038;t=Plan%20de%20emergencia%20habitacional%20y%20compromiso%20de%20constructora%20acercan%20la%20casa%20propia%20a%20familias%20de%20Ays%C3%A9n' aria-hidden='false' data-av_icon='\ue8f3' data-av_iconfont='entypo-fontello' title='' data-avia-related-tooltip='Compartir en Facebook' rel=\"noopener\"><span class='avia_hidden_link_text'>Compartir en Facebook<\/span><\/a><\/li><li class='av-share-link av-social-link-twitter' ><a target=\"_blank\" aria-label=\"Compartir en Twitter\" href='https:\/\/twitter.com\/share?text=Plan%20de%20emergencia%20habitacional%20y%20compromiso%20de%20constructora%20acercan%20la%20casa%20propia%20a%20familias%20de%20Ays%C3%A9n&#038;url=https:\/\/radiorevelacionfm.cl\/?p=62403' aria-hidden='false' data-av_icon='\ue8f1' data-av_iconfont='entypo-fontello' title='' data-avia-related-tooltip='Compartir en Twitter' rel=\"noopener\"><span class='avia_hidden_link_text'>Compartir en Twitter<\/span><\/a><\/li><li class='av-share-link av-social-link-whatsapp' ><a target=\"_blank\" aria-label=\"Compartir en Whatsapp\" href='https:\/\/api.whatsapp.com\/send?text=https:\/\/radiorevelacionfm.cl\/?p=62403' aria-hidden='false' data-av_icon='\uf232' data-av_iconfont='entypo-fontello' title='' data-avia-related-tooltip='Compartir en Whatsapp' rel=\"noopener\"><span class='avia_hidden_link_text'>Compartir en Whatsapp<\/span><\/a><\/li><li class='av-share-link av-social-link-linkedin' ><a target=\"_blank\" aria-label=\"Compartir en LinkedIn\" href='https:\/\/linkedin.com\/shareArticle?mini=true&#038;title=Plan%20de%20emergencia%20habitacional%20y%20compromiso%20de%20constructora%20acercan%20la%20casa%20propia%20a%20familias%20de%20Ays%C3%A9n&#038;url=https:\/\/radiorevelacionfm.cl\/?p=62403' aria-hidden='false' data-av_icon='\ue8fc' data-av_iconfont='entypo-fontello' title='' data-avia-related-tooltip='Compartir en LinkedIn' rel=\"noopener\"><span class='avia_hidden_link_text'>Compartir en LinkedIn<\/span><\/a><\/li><li class='av-share-link av-social-link-mail' ><a  aria-label=\"Compartir por correo\" href='mailto:?subject=Plan%20de%20emergencia%20habitacional%20y%20compromiso%20de%20constructora%20acercan%20la%20casa%20propia%20a%20familias%20de%20Ays%C3%A9n&#038;body=https:\/\/radiorevelacionfm.cl\/?p=62403' aria-hidden='false' data-av_icon='\ue805' data-av_iconfont='entypo-fontello' title='' data-avia-related-tooltip='Compartir por correo'><span class='avia_hidden_link_text'>Compartir por correo<\/span><\/a><\/li><\/ul><\/div><\/div>\n<div  style='height:50px' class='hr hr-invisible   avia-builder-el-8  el_after_av_social_share  el_before_av_comments_list '><span class='hr-inner ' ><span class='hr-inner-style'><\/span><\/span><\/div>\n<div  class='av-buildercomment  av-blog-meta-html-info-disabled av-blog-meta-tag-disabled  '><\/div>\n","protected":false},"excerpt":{"rendered":"","protected":false},"author":1,"featured_media":62404,"comment_status":"closed","ping_status":"closed","sticky":false,"template":"","format":"standard","meta":{"footnotes":""},"categories":[57],"tags":[],"class_list":["post-62403","post","type-post","status-publish","format-standard","has-post-thumbnail","hentry","category-vivienda"],"jetpack_featured_media_url":"https:\/\/radiorevelacionfm.cl\/wp-content\/uploads\/2025\/12\/plan-1-1_optimized-1.jpg","_links":{"self":[{"href":"https:\/\/radiorevelacionfm.cl\/index.php?rest_route=\/wp\/v2\/posts\/62403","targetHints":{"allow":["GET"]}}],"collection":[{"href":"https:\/\/radiorevelacionfm.cl\/index.php?rest_route=\/wp\/v2\/posts"}],"about":[{"href":"https:\/\/radiorevelacionfm.cl\/index.php?rest_route=\/wp\/v2\/types\/post"}],"author":[{"embeddable":true,"href":"https:\/\/radiorevelacionfm.cl\/index.php?rest_route=\/wp\/v2\/users\/1"}],"replies":[{"embeddable":true,"href":"https:\/\/radiorevelacionfm.cl\/index.php?rest_route=%2Fwp%2Fv2%2Fcomments&post=62403"}],"version-history":[{"count":2,"href":"https:\/\/radiorevelacionfm.cl\/index.php?rest_route=\/wp\/v2\/posts\/62403\/revisions"}],"predecessor-version":[{"id":62406,"href":"https:\/\/radiorevelacionfm.cl\/index.php?rest_route=\/wp\/v2\/posts\/62403\/revisions\/62406"}],"wp:featuredmedia":[{"embeddable":true,"href":"https:\/\/radiorevelacionfm.cl\/index.php?rest_route=\/wp\/v2\/media\/62404"}],"wp:attachment":[{"href":"https:\/\/radiorevelacionfm.cl\/index.php?rest_route=%2Fwp%2Fv2%2Fmedia&parent=62403"}],"wp:term":[{"taxonomy":"category","embeddable":true,"href":"https:\/\/radiorevelacionfm.cl\/index.php?rest_route=%2Fwp%2Fv2%2Fcategories&post=62403"},{"taxonomy":"post_tag","embeddable":true,"href":"https:\/\/radiorevelacionfm.cl\/index.php?rest_route=%2Fwp%2Fv2%2Ftags&post=62403"}],"curies":[{"name":"wp","href":"https:\/\/api.w.org\/{rel}","templated":true}]}}