{"id":62400,"date":"2025-12-12T10:39:16","date_gmt":"2025-12-12T13:39:16","guid":{"rendered":"https:\/\/radiorevelacionfm.cl\/?p=62400"},"modified":"2025-12-12T10:39:16","modified_gmt":"2025-12-12T13:39:16","slug":"gobierno-valora-avance-unanime-en-el-senado-de-proyecto-que-moderniza-los-sistemas-medianos-de-generacion-electrica","status":"publish","type":"post","link":"https:\/\/radiorevelacionfm.cl\/?p=62400","title":{"rendered":"Gobierno valora avance un\u00e1nime en el senado de proyecto que moderniza los sistemas medianos de generaci\u00f3n el\u00e9ctrica"},"content":{"rendered":"<div class=\"flex_column av_one_full  flex_column_div av-zero-column-padding first  avia-builder-el-0  el_before_av_one_full  avia-builder-el-first  \" style='border-radius:0px; '><div  class='avia-image-container  av-styling-    avia-builder-el-1  avia-builder-el-no-sibling  avia-align-center '  itemprop=\"image\" itemscope=\"itemscope\" itemtype=\"https:\/\/schema.org\/ImageObject\"  ><div class='avia-image-container-inner'><div class='avia-image-overlay-wrap'><img decoding=\"async\" class='wp-image-62401 avia-img-lazy-loading-not-62401 avia_image' src=\"https:\/\/radiorevelacionfm.cl\/wp-content\/uploads\/2025\/12\/foto-1-energia-1_optimized.jpeg\" alt='' title='foto-1-energia-(1)_optimized' height=\"600\" width=\"1069\"  itemprop=\"thumbnailUrl\" srcset=\"https:\/\/radiorevelacionfm.cl\/wp-content\/uploads\/2025\/12\/foto-1-energia-1_optimized.jpeg 1069w, https:\/\/radiorevelacionfm.cl\/wp-content\/uploads\/2025\/12\/foto-1-energia-1_optimized-300x168.jpeg 300w, https:\/\/radiorevelacionfm.cl\/wp-content\/uploads\/2025\/12\/foto-1-energia-1_optimized-1030x578.jpeg 1030w, https:\/\/radiorevelacionfm.cl\/wp-content\/uploads\/2025\/12\/foto-1-energia-1_optimized-768x431.jpeg 768w, https:\/\/radiorevelacionfm.cl\/wp-content\/uploads\/2025\/12\/foto-1-energia-1_optimized-705x396.jpeg 705w, https:\/\/radiorevelacionfm.cl\/wp-content\/uploads\/2025\/12\/foto-1-energia-1_optimized-450x253.jpeg 450w, https:\/\/radiorevelacionfm.cl\/wp-content\/uploads\/2025\/12\/foto-1-energia-1_optimized-600x337.jpeg 600w\" sizes=\"(max-width: 1069px) 100vw, 1069px\" \/><\/div><\/div><\/div><\/div><div class=\"flex_column av_one_full  flex_column_div av-zero-column-padding first  avia-builder-el-2  el_after_av_one_full  el_before_av_one_full  column-top-margin\" style='border-radius:0px; '><section class=\"av_textblock_section \"  itemscope=\"itemscope\" itemtype=\"https:\/\/schema.org\/BlogPosting\" itemprop=\"blogPost\" ><div class='avia_textblock  '   itemprop=\"text\" ><p style=\"text-align: center;\"><strong><span style=\"font-size: 18pt;\">Gobierno valora avance un\u00e1nime en el senado de proyecto que moderniza los sistemas medianos de generaci\u00f3n el\u00e9ctrica<\/span><\/strong><\/p>\n<div id=\"gtx-trans\" style=\"position: absolute; left: -50px; top: 4.31534px;\">\n<div class=\"gtx-trans-icon\"><\/div>\n<\/div>\n<\/div><\/section><\/div><div class=\"flex_column av_one_full  flex_column_div av-zero-column-padding first  avia-builder-el-4  el_after_av_one_full  el_before_av_hr  column-top-margin\" style='border-radius:0px; '><section class=\"av_textblock_section \"  itemscope=\"itemscope\" itemtype=\"https:\/\/schema.org\/BlogPosting\" itemprop=\"blogPost\" ><div class='avia_textblock  '   itemprop=\"text\" ><p style=\"text-align: justify;\">El Gobierno del Presidente Gabriel Boric destac\u00f3 la aprobaci\u00f3n un\u00e1nime del proyecto de ley que perfecciona los Sistemas Medianos de Generaci\u00f3n El\u00e9ctrica, iniciativa que avanz\u00f3 este mi\u00e9rcoles en la Comisi\u00f3n de Energ\u00eda del Senado y que beneficiar\u00e1 directamente a las regiones de Los Lagos, Ays\u00e9n y Magallanes, donde los costos y la calidad del servicio el\u00e9ctrico han sido desaf\u00edos hist\u00f3ricos.<\/p>\n<p style=\"text-align: justify;\">Esta propuesta \u2014impulsada con fuerza por el Ejecutivo\u2014 busca resolver las limitaciones del actual esquema tarifario de cuatro a\u00f1os, que ha derivado en redes envejecidas, mayores costos para los usuarios, dificultades para proyectar inversiones y una menor calidad del suministro en los territorios m\u00e1s aislados del pa\u00eds.<\/p>\n<p style=\"text-align: justify;\">El proyecto introduce una actualizaci\u00f3n integral a la categorizaci\u00f3n de los sistemas el\u00e9ctricos, incorporando nuevas definiciones: sistema aislado para peque\u00f1os consumidores, sistema aislado para procesos productivos, sistema mediano y sistema el\u00e9ctrico nacional. Esta ampliaci\u00f3n permitir\u00e1 una transici\u00f3n m\u00e1s flexible entre categor\u00edas, adapt\u00e1ndose a las realidades geogr\u00e1ficas, clim\u00e1ticas y demogr\u00e1ficas del extremo sur.<\/p>\n<p style=\"text-align: justify;\">Asimismo, la iniciativa suma criterios clave en el proceso tarifario, integrando Energ\u00edas Renovables No Convencionales y tecnolog\u00edas de almacenamiento, reforzando los actuales principios de seguridad y eficiencia. Tambi\u00e9n se incorpora un nuevo t\u00edtulo a la Ley General de Servicios El\u00e9ctricos (LGSE), que permite considerar factores como aislamiento geogr\u00e1fico y poblaci\u00f3n atendida, y establece una categorizaci\u00f3n quinquenal a cargo de la Comisi\u00f3n Nacional de Energ\u00eda (CNE).<\/p>\n<p style=\"text-align: justify;\">Otro eje prioritario es el impulso a la generaci\u00f3n renovable mediante la especificaci\u00f3n del principio de acceso abierto, de modo que transmisoras y distribuidoras faciliten la conexi\u00f3n de nuevos proyectos, ya sea por l\u00edneas propias o de terceros, promoviendo obras de expansi\u00f3n que integren energ\u00edas limpias.<\/p>\n<p style=\"text-align: justify;\">La Seremi de Energ\u00eda de Ays\u00e9n, Pamela C\u00e1rdenas, se\u00f1al\u00f3 que se trata de una gran noticia para las regiones de Los Lagos, Ays\u00e9n y Magallanes, porque permitir\u00e1 introducir mejoras que hagan posible incorporar m\u00e1s energ\u00edas renovables, avanzando hacia una matriz m\u00e1s limpia y accesible para todas las familias del sur austral.<\/p>\n<p style=\"text-align: justify;\">\u201cValoramos la aprobaci\u00f3n, en la comisi\u00f3n de energ\u00eda del Senado, del proyecto de ley que perfecciona los Sistemas Medianos de electricidad. Esta\u00a0 norma busca modernizar la regulaci\u00f3n de estos sistemas, aporta a la estrategia de descarbonizaci\u00f3n de nuestra matriz y nos permitir\u00e1 incorporarnos eficazmente a la transici\u00f3n energ\u00e9tica, promoviendo la generaci\u00f3n de energ\u00edas limpias a trav\u00e9s de ERNC\u201d, dijo.<\/p>\n<p style=\"text-align: justify;\">En tanto, la Seremi de Gobierno, \u00darsula Mix, indic\u00f3: \u201cEste paso en el Senado es una se\u00f1al clara del compromiso del Gobierno del Presidente Boric con las regiones extremas. Modernizar los Sistemas Medianos significa avanzar en equidad tarifaria, mejorar la calidad del servicio y abrir la puerta a una matriz m\u00e1s limpia y sostenible. Para Ays\u00e9n, esto no es solo una mejora t\u00e9cnica: es una herramienta concreta para reducir brechas hist\u00f3ricas y asegurar un acceso m\u00e1s justo a la energ\u00eda para nuestras familias y sectores productivos\u201d, afirm\u00f3.<\/p>\n<\/div><\/section><\/div><div  style='height:50px' class='hr hr-invisible   avia-builder-el-6  el_after_av_one_full  el_before_av_social_share '><span class='hr-inner ' ><span class='hr-inner-style'><\/span><\/span><\/div><\/p>\n<div  class='av-social-sharing-box  avia-builder-el-7  el_after_av_hr  el_before_av_hr  '><div class='av-share-box'><h5 class='av-share-link-description av-no-toc '>Compartir esta noticia<\/h5><ul class='av-share-box-list noLightbox'><li class='av-share-link av-social-link-facebook' ><a target=\"_blank\" aria-label=\"Compartir en Facebook\" href='https:\/\/www.facebook.com\/sharer.php?u=https:\/\/radiorevelacionfm.cl\/?p=62400&#038;t=Gobierno%20valora%20avance%20un%C3%A1nime%20en%20el%20senado%20de%20proyecto%20que%20moderniza%20los%20sistemas%20medianos%20de%20generaci%C3%B3n%20el%C3%A9ctrica' aria-hidden='false' data-av_icon='\ue8f3' data-av_iconfont='entypo-fontello' title='' data-avia-related-tooltip='Compartir en Facebook' rel=\"noopener\"><span class='avia_hidden_link_text'>Compartir en Facebook<\/span><\/a><\/li><li class='av-share-link av-social-link-twitter' ><a target=\"_blank\" aria-label=\"Compartir en Twitter\" href='https:\/\/twitter.com\/share?text=Gobierno%20valora%20avance%20un%C3%A1nime%20en%20el%20senado%20de%20proyecto%20que%20moderniza%20los%20sistemas%20medianos%20de%20generaci%C3%B3n%20el%C3%A9ctrica&#038;url=https:\/\/radiorevelacionfm.cl\/?p=62400' aria-hidden='false' data-av_icon='\ue8f1' data-av_iconfont='entypo-fontello' title='' data-avia-related-tooltip='Compartir en Twitter' rel=\"noopener\"><span class='avia_hidden_link_text'>Compartir en Twitter<\/span><\/a><\/li><li class='av-share-link av-social-link-whatsapp' ><a target=\"_blank\" aria-label=\"Compartir en Whatsapp\" href='https:\/\/api.whatsapp.com\/send?text=https:\/\/radiorevelacionfm.cl\/?p=62400' aria-hidden='false' data-av_icon='\uf232' data-av_iconfont='entypo-fontello' title='' data-avia-related-tooltip='Compartir en Whatsapp' rel=\"noopener\"><span class='avia_hidden_link_text'>Compartir en Whatsapp<\/span><\/a><\/li><li class='av-share-link av-social-link-linkedin' ><a target=\"_blank\" aria-label=\"Compartir en LinkedIn\" href='https:\/\/linkedin.com\/shareArticle?mini=true&#038;title=Gobierno%20valora%20avance%20un%C3%A1nime%20en%20el%20senado%20de%20proyecto%20que%20moderniza%20los%20sistemas%20medianos%20de%20generaci%C3%B3n%20el%C3%A9ctrica&#038;url=https:\/\/radiorevelacionfm.cl\/?p=62400' aria-hidden='false' data-av_icon='\ue8fc' data-av_iconfont='entypo-fontello' title='' data-avia-related-tooltip='Compartir en LinkedIn' rel=\"noopener\"><span class='avia_hidden_link_text'>Compartir en LinkedIn<\/span><\/a><\/li><li class='av-share-link av-social-link-mail' ><a  aria-label=\"Compartir por correo\" href='mailto:?subject=Gobierno%20valora%20avance%20un%C3%A1nime%20en%20el%20senado%20de%20proyecto%20que%20moderniza%20los%20sistemas%20medianos%20de%20generaci%C3%B3n%20el%C3%A9ctrica&#038;body=https:\/\/radiorevelacionfm.cl\/?p=62400' aria-hidden='false' data-av_icon='\ue805' data-av_iconfont='entypo-fontello' title='' data-avia-related-tooltip='Compartir por correo'><span class='avia_hidden_link_text'>Compartir por correo<\/span><\/a><\/li><\/ul><\/div><\/div>\n<div  style='height:50px' class='hr hr-invisible   avia-builder-el-8  el_after_av_social_share  el_before_av_comments_list '><span class='hr-inner ' ><span class='hr-inner-style'><\/span><\/span><\/div>\n<div  class='av-buildercomment  av-blog-meta-html-info-disabled av-blog-meta-tag-disabled  '><\/div>\n","protected":false},"excerpt":{"rendered":"","protected":false},"author":1,"featured_media":62401,"comment_status":"closed","ping_status":"closed","sticky":false,"template":"","format":"standard","meta":{"footnotes":""},"categories":[38],"tags":[],"class_list":["post-62400","post","type-post","status-publish","format-standard","has-post-thumbnail","hentry","category-regional"],"jetpack_featured_media_url":"https:\/\/radiorevelacionfm.cl\/wp-content\/uploads\/2025\/12\/foto-1-energia-1_optimized.jpeg","_links":{"self":[{"href":"https:\/\/radiorevelacionfm.cl\/index.php?rest_route=\/wp\/v2\/posts\/62400","targetHints":{"allow":["GET"]}}],"collection":[{"href":"https:\/\/radiorevelacionfm.cl\/index.php?rest_route=\/wp\/v2\/posts"}],"about":[{"href":"https:\/\/radiorevelacionfm.cl\/index.php?rest_route=\/wp\/v2\/types\/post"}],"author":[{"embeddable":true,"href":"https:\/\/radiorevelacionfm.cl\/index.php?rest_route=\/wp\/v2\/users\/1"}],"replies":[{"embeddable":true,"href":"https:\/\/radiorevelacionfm.cl\/index.php?rest_route=%2Fwp%2Fv2%2Fcomments&post=62400"}],"version-history":[{"count":2,"href":"https:\/\/radiorevelacionfm.cl\/index.php?rest_route=\/wp\/v2\/posts\/62400\/revisions"}],"predecessor-version":[{"id":62422,"href":"https:\/\/radiorevelacionfm.cl\/index.php?rest_route=\/wp\/v2\/posts\/62400\/revisions\/62422"}],"wp:featuredmedia":[{"embeddable":true,"href":"https:\/\/radiorevelacionfm.cl\/index.php?rest_route=\/wp\/v2\/media\/62401"}],"wp:attachment":[{"href":"https:\/\/radiorevelacionfm.cl\/index.php?rest_route=%2Fwp%2Fv2%2Fmedia&parent=62400"}],"wp:term":[{"taxonomy":"category","embeddable":true,"href":"https:\/\/radiorevelacionfm.cl\/index.php?rest_route=%2Fwp%2Fv2%2Fcategories&post=62400"},{"taxonomy":"post_tag","embeddable":true,"href":"https:\/\/radiorevelacionfm.cl\/index.php?rest_route=%2Fwp%2Fv2%2Ftags&post=62400"}],"curies":[{"name":"wp","href":"https:\/\/api.w.org\/{rel}","templated":true}]}}