{"id":6240,"date":"2021-07-14T10:18:19","date_gmt":"2021-07-14T13:18:19","guid":{"rendered":"https:\/\/radiorevelacionfm.cl\/?p=6240"},"modified":"2021-07-14T10:18:19","modified_gmt":"2021-07-14T13:18:19","slug":"noventa-ayseninas-inician-su-trayectoria-en-el-programa-mujeres-jefas-de-hogar","status":"publish","type":"post","link":"https:\/\/radiorevelacionfm.cl\/?p=6240","title":{"rendered":"Noventa ayseninas inician su trayectoria en el Programa Mujeres Jefas de Hogar"},"content":{"rendered":"<div class=\"flex_column av_one_full  flex_column_div av-zero-column-padding first  avia-builder-el-0  el_before_av_one_full  avia-builder-el-first  \" style='border-radius:0px; '><div  class='avia-image-container  av-styling-    avia-builder-el-1  avia-builder-el-no-sibling  avia-align-center '  itemprop=\"image\" itemscope=\"itemscope\" itemtype=\"https:\/\/schema.org\/ImageObject\"  ><div class='avia-image-container-inner'><div class='avia-image-overlay-wrap'><img decoding=\"async\" class='wp-image-0 avia-img-lazy-loading-not-0 avia_image' src=\"https:\/\/radiorevelacionfm.cl\/wp-content\/uploads\/2021\/07\/lanzamiento-programa-mujeres-jefas-de-hogar_2-1_optimized.jpg\" alt='' title=''   itemprop=\"thumbnailUrl\"  \/><\/div><\/div><\/div><\/div><div class=\"flex_column av_one_full  flex_column_div av-zero-column-padding first  avia-builder-el-2  el_after_av_one_full  el_before_av_one_full  column-top-margin\" style='border-radius:0px; '><section class=\"av_textblock_section \"  itemscope=\"itemscope\" itemtype=\"https:\/\/schema.org\/BlogPosting\" itemprop=\"blogPost\" ><div class='avia_textblock  '   itemprop=\"text\" ><p style=\"text-align: center;\"><strong><span style=\"font-size: 18pt;\">Noventa ayseninas inician su trayectoria en el Programa Mujeres Jefas de Hogar <\/span><\/strong><\/p>\n<div id=\"gtx-trans\" style=\"position: absolute; left: -50px; top: 4.31534px;\">\n<div class=\"gtx-trans-icon\"><\/div>\n<\/div>\n<\/div><\/section><\/div><div class=\"flex_column av_one_full  flex_column_div av-zero-column-padding first  avia-builder-el-4  el_after_av_one_full  el_before_av_hr  column-top-margin\" style='border-radius:0px; '><section class=\"av_textblock_section \"  itemscope=\"itemscope\" itemtype=\"https:\/\/schema.org\/BlogPosting\" itemprop=\"blogPost\" ><div class='avia_textblock  '   itemprop=\"text\" ><p style=\"font-weight: 400; text-align: justify;\">Con una ceremonia virtual, en el marco de los resguardos sanitarios por el COVID \u2013 19, se realiz\u00f3 el lanzamiento del Programa Mujeres Jefas de Hogar a\u00f1o 2021, que se ejecuta a nivel local v\u00eda convenio entre el Servicio Nacional de la Mujer y la Equidad de G\u00e9nero, SernamEG, y la Municipalidad de Ays\u00e9n. En la actividad se dio la bienvenida a las 90 participantes que ingresan a este modelo program\u00e1tico, que promueve la autonom\u00eda econ\u00f3mica de las mujeres; a trav\u00e9s de un conjunto de herramientas que les permitan generar ingresos y recursos propios a partir del trabajo remunerado, el acceso a la oferta p\u00fablica y de oportunidades para la conciliaci\u00f3n del trabajo remunerado, dom\u00e9stico y de cuidados.<\/p>\n<p style=\"font-weight: 400; text-align: justify;\">Durante su intervenci\u00f3n, la Seremi de la Mujer y la Equidad de G\u00e9nero, B\u00e1rbara Ort\u00fazar Candia, sostuvo que \u201cel Programa Mujeres Jefas de Hogar de SernamEG es super potente, la idea es que ustedes las participantes puedan a trav\u00e9s de los talleres de formaci\u00f3n para el trabajo y luego con su proyecto laboral desarrollen a\u00fan m\u00e1s sus habilidades. Para el Ministerio la autonom\u00eda econ\u00f3mica de las mujeres es un pilar fundamental de lo que estamos trabajando y para el presidente Sebasti\u00e1n Pi\u00f1era es trascendente que podamos lograrlo llegando a ustedes con este tipo de programas; as\u00ed que las invito a que le saquen el m\u00e1ximo provecho posible\u201d.<\/p>\n<p style=\"font-weight: 400; text-align: justify;\">Por su parte, la Directora Regional de SernamEG Ays\u00e9n, Elizabeth Guti\u00e9rrez Eggers, resalt\u00f3 la trayectoria del modelo program\u00e1tico, precisando que \u201cllevamos 25 a\u00f1os trabajando en este Programa, lo que nos ha permitido habilitar laboralmente junto al Municipio a cerca de 2.000 mujeres en la comuna de Ays\u00e9n y este 2021 son 90 las participantes que ingresan a este modelo program\u00e1tico que se suman a las 89 mujeres del a\u00f1o pasado; las que contin\u00faan con su trayectoria en el Programa. Creemos como SernamEG que una de las principales fortalezas que debemos habilitar es que las mujeres puedan incorporarse, mantenerse y desarrollarse en los espacios laborales, porque en el pa\u00eds el 42% de ellas son jefas de hogar y en la comuna de Ays\u00e9n esta cifra llega a un 47%. Es por esto que como Servicio seguiremos desarrollando programas como el Mujeres Jefas de Hogar, ya que entendemos que las chilenas somos protagonistas de un cambio cultural, donde necesitamos como sociedad, que se mejoren las oportunidades de vida de todas nosotras\u201d.<\/p>\n<p style=\"font-weight: 400; text-align: justify;\">El Programa Mujeres Jefas de Hogar se ejecuta en el territorio comunal desde su inicio de manera ininterrumpida, a trav\u00e9s de sucesivos convenios suscritos entre la Municipalidad de Ays\u00e9n y SernamEG. Para su ejecuci\u00f3n, el Municipio tiene\u00a0habilitada la Oficina Comunal del Programa Mujeres Jefas de Hogar; bajo dependencia de la Direcci\u00f3n de Desarrollo Comunitario, DIDECO.<\/p>\n<p style=\"font-weight: 400; text-align: justify;\">Durante la ceremonia, el Alcalde de Ays\u00e9n, Julio Uribe Alvarado, dijo: \u201cpara m\u00ed es un orgullo estar al frente del Municipio de Ays\u00e9n y poder llevar a cabo estos convenios que van en directo apoyo de las mujeres. Bajo mi mirada lo m\u00e1s importante para el desarrollo de la comuna es poder contar con mujeres capacitadas y empoderadas en sus labores. Tambi\u00e9n felicito el trabajo que realizan las profesionales de este Programa y de la DIDECO. Finalmente, desearles que les vaya lo mejor posible y este Alcalde est\u00e1 disponible para colaborar en lo que fuere necesario\u201d.<\/p>\n<p style=\"font-weight: 400; text-align: justify;\">Tambi\u00e9n entreg\u00f3 su testimonio la participante del modelo program\u00e1tico que ingres\u00f3 el a\u00f1o 2020 y est\u00e1 pr\u00f3xima a egresar de este apoyo, Denis Talma Mardones, quien resalt\u00f3 que \u201csoy emprendedora y madre de tres hijas. Estos dos \u00faltimos a\u00f1os han sido tiempos dif\u00edciles debido al virus Covid-19. Particip\u00e9 junto con otras 89 mujeres el a\u00f1o pasado en los talleres formativos mediante plataformas de internet. Personalmente siento gratitud y orgullo de haber culminado esta etapa acompa\u00f1ada de un gran equipo que me ayud\u00f3 a acceder a capacitaciones que me han permitido fortalecer mi emprendimiento, tambi\u00e9n recib\u00ed orientaci\u00f3n respecto a fondos, conocimiento que hoy me llevo y s\u00e9 que me servir\u00e1 a lo largo del tiempo\u201d.<\/p>\n<p style=\"font-weight: 400; text-align: justify;\">En la ceremonia de apertura del Programa Mujeres Jefas de Hogar asisti\u00f3 la Seremi de Gobierno, Tatiana Fontecha B\u00f3rquez; la Seremi de la Mujer y la Equidad de G\u00e9nero, B\u00e1rbara Ort\u00fazar Candia; el Alcalde de Puerto Ays\u00e9n, Julio Uribe Alvarado; la concejal Tatiana Villaroel Arancibia; la Directora Regional de SernamEG, Elizabeth Guti\u00e9rrez Eggers; la Directora del Servicio de Cooperaci\u00f3n T\u00e9cnica, Cinthya Pantanalli Wandersleben; y en representaci\u00f3n de la Directora Regional de Fundaci\u00f3n INTEGRA, la Jefa Territorial de Calidad Educativa, Ver\u00f3nica C\u00e1rcamo Galaz.<\/p>\n<\/div><\/section><\/div><div  style='height:50px' class='hr hr-invisible   avia-builder-el-6  el_after_av_one_full  el_before_av_social_share '><span class='hr-inner ' ><span class='hr-inner-style'><\/span><\/span><\/div><\/p>\n<div  class='av-social-sharing-box  avia-builder-el-7  el_after_av_hr  el_before_av_hr  '><div class='av-share-box'><h5 class='av-share-link-description av-no-toc '>Compartir esta noticia<\/h5><ul class='av-share-box-list noLightbox'><li class='av-share-link av-social-link-facebook' ><a target=\"_blank\" aria-label=\"Compartir en Facebook\" href='https:\/\/www.facebook.com\/sharer.php?u=https:\/\/radiorevelacionfm.cl\/?p=6240&#038;t=Noventa%20ayseninas%20inician%20su%20trayectoria%20en%20el%20Programa%20Mujeres%20Jefas%20de%20Hogar' aria-hidden='false' data-av_icon='\ue8f3' data-av_iconfont='entypo-fontello' title='' data-avia-related-tooltip='Compartir en Facebook' rel=\"noopener\"><span class='avia_hidden_link_text'>Compartir en Facebook<\/span><\/a><\/li><li class='av-share-link av-social-link-twitter' ><a target=\"_blank\" aria-label=\"Compartir en Twitter\" href='https:\/\/twitter.com\/share?text=Noventa%20ayseninas%20inician%20su%20trayectoria%20en%20el%20Programa%20Mujeres%20Jefas%20de%20Hogar&#038;url=https:\/\/radiorevelacionfm.cl\/?p=6240' aria-hidden='false' data-av_icon='\ue8f1' data-av_iconfont='entypo-fontello' title='' data-avia-related-tooltip='Compartir en Twitter' rel=\"noopener\"><span class='avia_hidden_link_text'>Compartir en Twitter<\/span><\/a><\/li><li class='av-share-link av-social-link-whatsapp' ><a target=\"_blank\" aria-label=\"Compartir en Whatsapp\" href='https:\/\/api.whatsapp.com\/send?text=https:\/\/radiorevelacionfm.cl\/?p=6240' aria-hidden='false' data-av_icon='\uf232' data-av_iconfont='entypo-fontello' title='' data-avia-related-tooltip='Compartir en Whatsapp' rel=\"noopener\"><span class='avia_hidden_link_text'>Compartir en Whatsapp<\/span><\/a><\/li><li class='av-share-link av-social-link-linkedin' ><a target=\"_blank\" aria-label=\"Compartir en LinkedIn\" href='https:\/\/linkedin.com\/shareArticle?mini=true&#038;title=Noventa%20ayseninas%20inician%20su%20trayectoria%20en%20el%20Programa%20Mujeres%20Jefas%20de%20Hogar&#038;url=https:\/\/radiorevelacionfm.cl\/?p=6240' aria-hidden='false' data-av_icon='\ue8fc' data-av_iconfont='entypo-fontello' title='' data-avia-related-tooltip='Compartir en LinkedIn' rel=\"noopener\"><span class='avia_hidden_link_text'>Compartir en LinkedIn<\/span><\/a><\/li><li class='av-share-link av-social-link-mail' ><a  aria-label=\"Compartir por correo\" href='mailto:?subject=Noventa%20ayseninas%20inician%20su%20trayectoria%20en%20el%20Programa%20Mujeres%20Jefas%20de%20Hogar&#038;body=https:\/\/radiorevelacionfm.cl\/?p=6240' aria-hidden='false' data-av_icon='\ue805' data-av_iconfont='entypo-fontello' title='' data-avia-related-tooltip='Compartir por correo'><span class='avia_hidden_link_text'>Compartir por correo<\/span><\/a><\/li><\/ul><\/div><\/div>\n<div  style='height:50px' class='hr hr-invisible   avia-builder-el-8  el_after_av_social_share  el_before_av_comments_list '><span class='hr-inner ' ><span class='hr-inner-style'><\/span><\/span><\/div>\n<div  class='av-buildercomment  av-blog-meta-html-info-disabled av-blog-meta-tag-disabled  '><\/div>\n","protected":false},"excerpt":{"rendered":"","protected":false},"author":1,"featured_media":0,"comment_status":"open","ping_status":"open","sticky":false,"template":"","format":"standard","meta":{"footnotes":""},"categories":[38],"tags":[],"class_list":["post-6240","post","type-post","status-publish","format-standard","hentry","category-regional"],"jetpack_featured_media_url":"","_links":{"self":[{"href":"https:\/\/radiorevelacionfm.cl\/index.php?rest_route=\/wp\/v2\/posts\/6240","targetHints":{"allow":["GET"]}}],"collection":[{"href":"https:\/\/radiorevelacionfm.cl\/index.php?rest_route=\/wp\/v2\/posts"}],"about":[{"href":"https:\/\/radiorevelacionfm.cl\/index.php?rest_route=\/wp\/v2\/types\/post"}],"author":[{"embeddable":true,"href":"https:\/\/radiorevelacionfm.cl\/index.php?rest_route=\/wp\/v2\/users\/1"}],"replies":[{"embeddable":true,"href":"https:\/\/radiorevelacionfm.cl\/index.php?rest_route=%2Fwp%2Fv2%2Fcomments&post=6240"}],"version-history":[{"count":1,"href":"https:\/\/radiorevelacionfm.cl\/index.php?rest_route=\/wp\/v2\/posts\/6240\/revisions"}],"predecessor-version":[{"id":6242,"href":"https:\/\/radiorevelacionfm.cl\/index.php?rest_route=\/wp\/v2\/posts\/6240\/revisions\/6242"}],"wp:attachment":[{"href":"https:\/\/radiorevelacionfm.cl\/index.php?rest_route=%2Fwp%2Fv2%2Fmedia&parent=6240"}],"wp:term":[{"taxonomy":"category","embeddable":true,"href":"https:\/\/radiorevelacionfm.cl\/index.php?rest_route=%2Fwp%2Fv2%2Fcategories&post=6240"},{"taxonomy":"post_tag","embeddable":true,"href":"https:\/\/radiorevelacionfm.cl\/index.php?rest_route=%2Fwp%2Fv2%2Ftags&post=6240"}],"curies":[{"name":"wp","href":"https:\/\/api.w.org\/{rel}","templated":true}]}}