{"id":62396,"date":"2025-12-12T15:14:24","date_gmt":"2025-12-12T18:14:24","guid":{"rendered":"https:\/\/radiorevelacionfm.cl\/?p=62396"},"modified":"2025-12-12T15:14:24","modified_gmt":"2025-12-12T18:14:24","slug":"por-unanimidad-se-aprueba-el-plan-de-infraestructura-patrimonial","status":"publish","type":"post","link":"https:\/\/radiorevelacionfm.cl\/?p=62396","title":{"rendered":"Por unanimidad se aprueba el Plan de Infraestructura Patrimonial"},"content":{"rendered":"<div class=\"flex_column av_one_full  flex_column_div av-zero-column-padding first  avia-builder-el-0  el_before_av_one_full  avia-builder-el-first  \" style='border-radius:0px; '><div  class='avia-image-container  av-styling-    avia-builder-el-1  avia-builder-el-no-sibling  avia-align-center '  itemprop=\"image\" itemscope=\"itemscope\" itemtype=\"https:\/\/schema.org\/ImageObject\"  ><div class='avia-image-container-inner'><div class='avia-image-overlay-wrap'><img decoding=\"async\" class='wp-image-62397 avia-img-lazy-loading-not-62397 avia_image' src=\"https:\/\/radiorevelacionfm.cl\/wp-content\/uploads\/2025\/12\/votacion-pip1-1-1.jpeg\" alt='' title='votacion pip1 (1) (1)' height=\"600\" width=\"897\"  itemprop=\"thumbnailUrl\" srcset=\"https:\/\/radiorevelacionfm.cl\/wp-content\/uploads\/2025\/12\/votacion-pip1-1-1.jpeg 897w, https:\/\/radiorevelacionfm.cl\/wp-content\/uploads\/2025\/12\/votacion-pip1-1-1-300x201.jpeg 300w, https:\/\/radiorevelacionfm.cl\/wp-content\/uploads\/2025\/12\/votacion-pip1-1-1-768x514.jpeg 768w, https:\/\/radiorevelacionfm.cl\/wp-content\/uploads\/2025\/12\/votacion-pip1-1-1-705x472.jpeg 705w, https:\/\/radiorevelacionfm.cl\/wp-content\/uploads\/2025\/12\/votacion-pip1-1-1-450x301.jpeg 450w, https:\/\/radiorevelacionfm.cl\/wp-content\/uploads\/2025\/12\/votacion-pip1-1-1-600x401.jpeg 600w\" sizes=\"(max-width: 897px) 100vw, 897px\" \/><\/div><\/div><\/div><\/div><div class=\"flex_column av_one_full  flex_column_div av-zero-column-padding first  avia-builder-el-2  el_after_av_one_full  el_before_av_one_full  column-top-margin\" style='border-radius:0px; '><section class=\"av_textblock_section \"  itemscope=\"itemscope\" itemtype=\"https:\/\/schema.org\/BlogPosting\" itemprop=\"blogPost\" ><div class='avia_textblock  '   itemprop=\"text\" ><p style=\"text-align: center;\"><strong><span style=\"font-size: 18pt;\">Por unanimidad se aprueba el Plan de Infraestructura Patrimonial<\/span><\/strong><\/p>\n<div id=\"gtx-trans\" style=\"position: absolute; left: -50px; top: 4.31534px;\">\n<div class=\"gtx-trans-icon\"><\/div>\n<\/div>\n<\/div><\/section><\/div><div class=\"flex_column av_one_full  flex_column_div av-zero-column-padding first  avia-builder-el-4  el_after_av_one_full  el_before_av_hr  column-top-margin\" style='border-radius:0px; '><section class=\"av_textblock_section \"  itemscope=\"itemscope\" itemtype=\"https:\/\/schema.org\/BlogPosting\" itemprop=\"blogPost\" ><div class='avia_textblock  '   itemprop=\"text\" ><p style=\"text-align: justify;\">Tras la sugerencia de la Comisi\u00f3n de Infraestructura, Transportes y Telecomunicaciones del Gobierno Regional de Ays\u00e9n, el pleno del Gore aprob\u00f3 de forma un\u00e1nime el Plan de Infraestructura Patrimonio Cultural de Ays\u00e9n, el cual fortalece el trabajo e inyecta recursos a la construcci\u00f3n, protecci\u00f3n, restauraci\u00f3n y salvaguarda de sitios hist\u00f3rico-patrimoniales de la Regi\u00f3n de Ays\u00e9n.<\/p>\n<p style=\"text-align: justify;\">El Plan Nacional de Infraestructura Patrimonial (PIP) coordina a los ministerios de Culturas, Obras P\u00fablicas, Bienes Nacionales y subsecretaria de Desarrollo Regional para el desarrollo de proyectos con el objetivo de proteger bienes muebles e inmuebles. En el caso de la Regi\u00f3n de Ays\u00e9n, el plan fue dise\u00f1ado en un trabajo mancomunado de diversas instituciones, que incluye la Oficina T\u00e9cnica Regional del Consejo de Monumentos Nacionales.<\/p>\n<p style=\"text-align: justify;\">La aprobaci\u00f3n un\u00e1nime del Gore Ays\u00e9n permitir\u00e1 la inyecci\u00f3n de 53 mil millones de pesos para diversos proyectos en todo el territorio: la construcci\u00f3n, ampliaci\u00f3n y habilitaci\u00f3n de infraestructura y equipamiento para el desarrollo de las actividades culturales, art\u00edsticas y patrimoniales, promoviendo la equidad territorial.<\/p>\n<p style=\"text-align: justify;\">La subsecretaria de Patrimonio Cultural, Carolina P\u00e9rez Dattari, salud\u00f3 el avance para Ays\u00e9n: \u201cEste es un gran paso para fortalecer la infraestructura patrimonial de la Regi\u00f3n de Ays\u00e9n y avanzar entregando bienestar a la ciudadan\u00eda. Es importante mostrar que el patrimonio no es solo pasado, sino tambi\u00e9n futuro: son construcciones de excelencia, es la posibilidad de recorrer y vivir nuestra historia. Cada peso que invertimos en patrimonio cultural es un peso orientado a recuperar el espacio p\u00fablico, a la salud mental, a la educaci\u00f3n y a construir mejores ciudades y mejores territorios\u201d.<\/p>\n<p style=\"text-align: justify;\">El seremi de Culturas Ays\u00e9n, Felipe Quiroz, dijo que \u201ccon esta aprobaci\u00f3n estamos poniendo en valor y cuidando nuestra riqueza patrimonial, adem\u00e1s de mejorar las condiciones de los sitios que hablan de nuestra historia, de qui\u00e9nes somos y qui\u00e9nes fuimos. Mantener en condiciones \u00f3ptimas estos espacios es cuidar nuestra historia y nuestra identidad. Como Ministerio de las Culturas, estamos contentos de poder contar con un Plan de Infraestructura Patrimonial en Ays\u00e9n, pues constituye un legado cultural para las nuevas generaciones\u201d.<\/p>\n<p style=\"text-align: justify;\">La directora de Patrimonio Cultural de Ays\u00e9n, Claudia Cantero, puntualiz\u00f3 que \u201ceste plan de trabajo no solamente nos habla de una manera local y regional de cuidar nuestro patrimonio cultural, sino tambi\u00e9n de importantes fondos que van a ser parte de un trabajo que se proyecta varios a\u00f1os m\u00e1s. Adem\u00e1s, estos fondos son tambi\u00e9n sectoriales, como tambi\u00e9n del Gobierno Regional, por lo tanto, es un esfuerzo conjunto que hacemos las instituciones para poder preservar, cuidar y proteger nuestro patrimonio regional\u201d.<\/p>\n<p style=\"text-align: justify;\">El PIP Ays\u00e9n contempla al menos 15 iniciativas, entre restauraciones, mejoramientos, construcciones de edificios y resguardo de monumentos hist\u00f3ricos. Entre los proyectos destacan 10 pasarelas en proceso de registro como hitos en rutas de belleza esc\u00e9nica y la creaci\u00f3n de la Ruta de las Iglesias del Padre Antonio Ronchi.<\/p>\n<\/div><\/section><\/div><div  style='height:50px' class='hr hr-invisible   avia-builder-el-6  el_after_av_one_full  el_before_av_social_share '><span class='hr-inner ' ><span class='hr-inner-style'><\/span><\/span><\/div><\/p>\n<div  class='av-social-sharing-box  avia-builder-el-7  el_after_av_hr  el_before_av_hr  '><div class='av-share-box'><h5 class='av-share-link-description av-no-toc '>Compartir esta noticia<\/h5><ul class='av-share-box-list noLightbox'><li class='av-share-link av-social-link-facebook' ><a target=\"_blank\" aria-label=\"Compartir en Facebook\" href='https:\/\/www.facebook.com\/sharer.php?u=https:\/\/radiorevelacionfm.cl\/?p=62396&#038;t=Por%20unanimidad%20se%20aprueba%20el%20Plan%20de%20Infraestructura%20Patrimonial' aria-hidden='false' data-av_icon='\ue8f3' data-av_iconfont='entypo-fontello' title='' data-avia-related-tooltip='Compartir en Facebook' rel=\"noopener\"><span class='avia_hidden_link_text'>Compartir en Facebook<\/span><\/a><\/li><li class='av-share-link av-social-link-twitter' ><a target=\"_blank\" aria-label=\"Compartir en Twitter\" href='https:\/\/twitter.com\/share?text=Por%20unanimidad%20se%20aprueba%20el%20Plan%20de%20Infraestructura%20Patrimonial&#038;url=https:\/\/radiorevelacionfm.cl\/?p=62396' aria-hidden='false' data-av_icon='\ue8f1' data-av_iconfont='entypo-fontello' title='' data-avia-related-tooltip='Compartir en Twitter' rel=\"noopener\"><span class='avia_hidden_link_text'>Compartir en Twitter<\/span><\/a><\/li><li class='av-share-link av-social-link-whatsapp' ><a target=\"_blank\" aria-label=\"Compartir en Whatsapp\" href='https:\/\/api.whatsapp.com\/send?text=https:\/\/radiorevelacionfm.cl\/?p=62396' aria-hidden='false' data-av_icon='\uf232' data-av_iconfont='entypo-fontello' title='' data-avia-related-tooltip='Compartir en Whatsapp' rel=\"noopener\"><span class='avia_hidden_link_text'>Compartir en Whatsapp<\/span><\/a><\/li><li class='av-share-link av-social-link-linkedin' ><a target=\"_blank\" aria-label=\"Compartir en LinkedIn\" href='https:\/\/linkedin.com\/shareArticle?mini=true&#038;title=Por%20unanimidad%20se%20aprueba%20el%20Plan%20de%20Infraestructura%20Patrimonial&#038;url=https:\/\/radiorevelacionfm.cl\/?p=62396' aria-hidden='false' data-av_icon='\ue8fc' data-av_iconfont='entypo-fontello' title='' data-avia-related-tooltip='Compartir en LinkedIn' rel=\"noopener\"><span class='avia_hidden_link_text'>Compartir en LinkedIn<\/span><\/a><\/li><li class='av-share-link av-social-link-mail' ><a  aria-label=\"Compartir por correo\" href='mailto:?subject=Por%20unanimidad%20se%20aprueba%20el%20Plan%20de%20Infraestructura%20Patrimonial&#038;body=https:\/\/radiorevelacionfm.cl\/?p=62396' aria-hidden='false' data-av_icon='\ue805' data-av_iconfont='entypo-fontello' title='' data-avia-related-tooltip='Compartir por correo'><span class='avia_hidden_link_text'>Compartir por correo<\/span><\/a><\/li><\/ul><\/div><\/div>\n<div  style='height:50px' class='hr hr-invisible   avia-builder-el-8  el_after_av_social_share  el_before_av_comments_list '><span class='hr-inner ' ><span class='hr-inner-style'><\/span><\/span><\/div>\n<div  class='av-buildercomment  av-blog-meta-html-info-disabled av-blog-meta-tag-disabled  '><\/div>\n","protected":false},"excerpt":{"rendered":"","protected":false},"author":1,"featured_media":62397,"comment_status":"closed","ping_status":"closed","sticky":false,"template":"","format":"standard","meta":{"footnotes":""},"categories":[52],"tags":[],"class_list":["post-62396","post","type-post","status-publish","format-standard","has-post-thumbnail","hentry","category-cultura"],"jetpack_featured_media_url":"https:\/\/radiorevelacionfm.cl\/wp-content\/uploads\/2025\/12\/votacion-pip1-1-1.jpeg","_links":{"self":[{"href":"https:\/\/radiorevelacionfm.cl\/index.php?rest_route=\/wp\/v2\/posts\/62396","targetHints":{"allow":["GET"]}}],"collection":[{"href":"https:\/\/radiorevelacionfm.cl\/index.php?rest_route=\/wp\/v2\/posts"}],"about":[{"href":"https:\/\/radiorevelacionfm.cl\/index.php?rest_route=\/wp\/v2\/types\/post"}],"author":[{"embeddable":true,"href":"https:\/\/radiorevelacionfm.cl\/index.php?rest_route=\/wp\/v2\/users\/1"}],"replies":[{"embeddable":true,"href":"https:\/\/radiorevelacionfm.cl\/index.php?rest_route=%2Fwp%2Fv2%2Fcomments&post=62396"}],"version-history":[{"count":2,"href":"https:\/\/radiorevelacionfm.cl\/index.php?rest_route=\/wp\/v2\/posts\/62396\/revisions"}],"predecessor-version":[{"id":62444,"href":"https:\/\/radiorevelacionfm.cl\/index.php?rest_route=\/wp\/v2\/posts\/62396\/revisions\/62444"}],"wp:featuredmedia":[{"embeddable":true,"href":"https:\/\/radiorevelacionfm.cl\/index.php?rest_route=\/wp\/v2\/media\/62397"}],"wp:attachment":[{"href":"https:\/\/radiorevelacionfm.cl\/index.php?rest_route=%2Fwp%2Fv2%2Fmedia&parent=62396"}],"wp:term":[{"taxonomy":"category","embeddable":true,"href":"https:\/\/radiorevelacionfm.cl\/index.php?rest_route=%2Fwp%2Fv2%2Fcategories&post=62396"},{"taxonomy":"post_tag","embeddable":true,"href":"https:\/\/radiorevelacionfm.cl\/index.php?rest_route=%2Fwp%2Fv2%2Ftags&post=62396"}],"curies":[{"name":"wp","href":"https:\/\/api.w.org\/{rel}","templated":true}]}}