{"id":62393,"date":"2025-12-11T20:39:13","date_gmt":"2025-12-11T23:39:13","guid":{"rendered":"https:\/\/radiorevelacionfm.cl\/?p=62393"},"modified":"2025-12-11T20:39:13","modified_gmt":"2025-12-11T23:39:13","slug":"educacion-informa-el-calendario-del-proceso-para-solicitudes-de-cupos-fuera-de-plazo-anotate-en-la-lista","status":"publish","type":"post","link":"https:\/\/radiorevelacionfm.cl\/?p=62393","title":{"rendered":"Educaci\u00f3n informa el calendario del proceso para solicitudes de cupos fuera de plazo &#8211; An\u00f3tate en la Lista"},"content":{"rendered":"<div class=\"flex_column av_one_full  flex_column_div av-zero-column-padding first  avia-builder-el-0  el_before_av_one_full  avia-builder-el-first  \" style='border-radius:0px; '><div  class='avia-image-container  av-styling-    avia-builder-el-1  avia-builder-el-no-sibling  avia-align-center '  itemprop=\"image\" itemscope=\"itemscope\" itemtype=\"https:\/\/schema.org\/ImageObject\"  ><div class='avia-image-container-inner'><div class='avia-image-overlay-wrap'><img decoding=\"async\" class='wp-image-62394 avia-img-lazy-loading-not-62394 avia_image' src=\"https:\/\/radiorevelacionfm.cl\/wp-content\/uploads\/2025\/12\/image-2025-12-11T174847.136-1.jpg\" alt='' title='image - 2025-12-11T174847.136 (1)' height=\"600\" width=\"1000\"  itemprop=\"thumbnailUrl\" srcset=\"https:\/\/radiorevelacionfm.cl\/wp-content\/uploads\/2025\/12\/image-2025-12-11T174847.136-1.jpg 1000w, https:\/\/radiorevelacionfm.cl\/wp-content\/uploads\/2025\/12\/image-2025-12-11T174847.136-1-300x180.jpg 300w, https:\/\/radiorevelacionfm.cl\/wp-content\/uploads\/2025\/12\/image-2025-12-11T174847.136-1-768x461.jpg 768w, https:\/\/radiorevelacionfm.cl\/wp-content\/uploads\/2025\/12\/image-2025-12-11T174847.136-1-705x423.jpg 705w, https:\/\/radiorevelacionfm.cl\/wp-content\/uploads\/2025\/12\/image-2025-12-11T174847.136-1-450x270.jpg 450w, https:\/\/radiorevelacionfm.cl\/wp-content\/uploads\/2025\/12\/image-2025-12-11T174847.136-1-600x360.jpg 600w\" sizes=\"(max-width: 1000px) 100vw, 1000px\" \/><\/div><\/div><\/div><\/div><div class=\"flex_column av_one_full  flex_column_div av-zero-column-padding first  avia-builder-el-2  el_after_av_one_full  el_before_av_one_full  column-top-margin\" style='border-radius:0px; '><section class=\"av_textblock_section \"  itemscope=\"itemscope\" itemtype=\"https:\/\/schema.org\/BlogPosting\" itemprop=\"blogPost\" ><div class='avia_textblock  '   itemprop=\"text\" ><p style=\"text-align: center;\"><span style=\"font-size: 18pt;\"><b><span lang=\"ES\">Educaci\u00f3n informa el calendario del proceso para solicitudes de cupos fuera de plazo &#8211; An\u00f3tate en la Lista<\/span><\/b><\/span><\/p>\n<div id=\"gtx-trans\" style=\"position: absolute; left: -50px; top: 4.31534px;\">\n<div class=\"gtx-trans-icon\"><\/div>\n<\/div>\n<\/div><\/section><\/div><div class=\"flex_column av_one_full  flex_column_div av-zero-column-padding first  avia-builder-el-4  el_after_av_one_full  el_before_av_hr  column-top-margin\" style='border-radius:0px; '><section class=\"av_textblock_section \"  itemscope=\"itemscope\" itemtype=\"https:\/\/schema.org\/BlogPosting\" itemprop=\"blogPost\" ><div class='avia_textblock  '   itemprop=\"text\" ><p style=\"font-weight: 400; text-align: justify;\"><em>Este mi\u00e9rcoles 10 de diciembre comenz\u00f3 el proceso de Solicitudes fuera de plazo \u2013 An\u00f3tate en la Lista, Vacantes 2026, para alumnos repitentes, dando as\u00ed inicio al periodo de regularizaci\u00f3n para el a\u00f1o 2026.<\/em><\/p>\n<p style=\"font-weight: 400; text-align: justify;\">El Ministerio de Educaci\u00f3n informa el inicio del proceso de <strong>Solicitudes fuera de plazo \u2013 An\u00f3tate en la Lista, Vacantes 2026<\/strong>, herramienta digital oficial que reemplaza al antiguo registro p\u00fablico f\u00edsico de los establecimientos educacionales. Esta plataforma permite a las familias solicitar vacantes en establecimientos p\u00fablicos y particulares subvencionados una vez finalizado el proceso de matr\u00edculas del Sistema de Admisi\u00f3n Escolar (SAE).<\/p>\n<p style=\"font-weight: 400; text-align: justify;\">Al respecto, la Seremi de Educaci\u00f3n de Ays\u00e9n Katherine Miqueles se\u00f1al\u00f3 que \u201cCon esta herramienta, las antiguas listas de espera presenciales se transforman en un registro p\u00fablico transparente por orden de llegada, donde cada familia puede inscribirse en l\u00ednea, conocer su posici\u00f3n en tiempo real y recibir notificaciones en caso de asignarle un cupo. Es importante se\u00f1alar que las y los apoderados en esta etapa pueden acceder a los establecimientos con vacantes disponibles, las que deber\u00e1n ser asignadas siguiendo estrictamente el orden del registro\u201d.<\/p>\n<p style=\"font-weight: 400; text-align: justify;\"><strong>Calendario \u201cAn\u00f3tate en la Lista\u201d \u2013 Regularizaci\u00f3n 2026:<\/strong><\/p>\n<ul style=\"font-weight: 400; text-align: justify;\">\n<li><strong>Desde el 10 de diciembre \u2013 Inicio del periodo exclusivo para repitentes<\/strong><\/li>\n<\/ul>\n<p style=\"font-weight: 400; text-align: justify;\">Podr\u00e1n participar los estudiantes que, habiendo postulado por Admisi\u00f3n Escolar 2026 a un nivel determinado, finalmente repitieron el curso y deben cursarlo nuevamente.<\/p>\n<p style=\"font-weight: 400; text-align: justify;\">Estas familias podr\u00e1n solicitar vacantes en el nivel correcto del establecimiento donde fueron asignados por SAE.<\/p>\n<p style=\"font-weight: 400; text-align: justify;\">En caso de no existir vacantes, o si as\u00ed lo estiman, podr\u00e1n ejercer el derecho a matr\u00edcula en el establecimiento de origen.<\/p>\n<ul style=\"font-weight: 400; text-align: justify;\">\n<li><strong>Desde el 12 de diciembre \u2013 Periodo exclusivo para estudiantes sin asignaci\u00f3n o asignados por cercan\u00eda<\/strong><\/li>\n<\/ul>\n<p style=\"font-weight: 400; text-align: justify;\">Podr\u00e1n solicitar vacantes, estudiantes que postularon en el Periodo Complementario y quedaron sin asignaci\u00f3n o fueron asignados por cercan\u00eda.<\/p>\n<p style=\"font-weight: 400; text-align: justify;\"><strong>En tanto, luego comienza la regularizaci\u00f3n general por zonas geogr\u00e1ficas:<\/strong><\/p>\n<ul style=\"font-weight: 400; text-align: justify;\">\n<li><strong>Desde el 15 de diciembre:<\/strong>\u00a0regularizaci\u00f3n para establecimientos de Arica y Parinacota, Tarapac\u00e1, Antofagasta, Atacama, Coquimbo y Valpara\u00edso.<\/li>\n<li><strong>Desde el 17 de diciembre:<\/strong>\u00a0regularizaci\u00f3n para establecimientos de O\u2019Higgins, Maule, \u00d1uble, Biob\u00edo, La Araucan\u00eda, Los R\u00edos, Los Lagos, Ays\u00e9n y Magallanes.<\/li>\n<li><strong>Desde el 19 de diciembre:<\/strong>\u00a0regularizaci\u00f3n para establecimientos de Regi\u00f3n Metropolitana.<\/li>\n<\/ul>\n<p style=\"font-weight: 400; text-align: justify;\"><strong>\u00a0<\/strong><strong>\u00bfC\u00f3mo funciona Solicitudes fuera de Plazo \u2013 An\u00f3tate en la Lista, Vacantes 2026?<\/strong><\/p>\n<p style=\"font-weight: 400; text-align: justify;\">Los apoderados deben ingresar a\u00a0<a href=\"http:\/\/www.sistemadeadmisionescolar.cl\/\" data-saferedirecturl=\"https:\/\/www.google.com\/url?q=http:\/\/www.sistemadeadmisionescolar.cl&amp;source=gmail&amp;ust=1765570867685000&amp;usg=AOvVaw071Xc1f1LtLo3L3xAqbYZO\"><strong>www.sistemadeadmisionescolar.cl<\/strong><\/a>\u00a0y hacer clic en el bot\u00f3n\u00a0<strong>\u201cIngresar\u201d<\/strong>\u00a0dentro de la l\u00ednea de tiempo\u00a0<em>Solicitudes fuera de plazo \u2013 An\u00f3tate en la Lista, Vacantes 2026<\/em>.<\/p>\n<p style=\"font-weight: 400; text-align: justify;\">Una vez en la plataforma, los apoderados podr\u00e1n enviar solicitudes a todos los establecimientos que deseen. Sin embargo, esto\u00a0<strong>no garantiza<\/strong>\u00a0la obtenci\u00f3n de una vacante, ya que esto depende de los cupos disponibles en cada establecimiento.<\/p>\n<p style=\"font-weight: 400; text-align: justify;\"><strong>\u00bfPor qu\u00e9 algunas listas no avanzan?<\/strong><\/p>\n<p style=\"font-weight: 400; text-align: justify;\"><strong>\u00a0<\/strong>En ciertos establecimientos, las listas no avanzan porque\u00a0<strong>no existen vacantes disponibles<\/strong>.<\/p>\n<p style=\"font-weight: 400; text-align: justify;\"><strong>\u00bfC\u00f3mo se informa la asignaci\u00f3n de una vacante?<\/strong><\/p>\n<p style=\"font-weight: 400; text-align: justify;\"><strong>\u00a0<\/strong>Cuando un establecimiento asigna una vacante a trav\u00e9s de An\u00f3tate en la Lista:<\/p>\n<ul style=\"font-weight: 400; text-align: justify;\">\n<li>El apoderado recibe\u00a0<strong>autom\u00e1ticamente un correo electr\u00f3nico<\/strong>\u00a0con la informaci\u00f3n.<\/li>\n<li>El establecimiento debe\u00a0<strong>contactar telef\u00f3nicamente<\/strong>\u00a0al apoderado y volver a enviar correos en caso de no obtener respuesta.<\/li>\n<li>La familia dispone de\u00a0<strong>2 d\u00edas h\u00e1biles<\/strong>\u00a0para responder y confirmar o rechazar la vacante.<\/li>\n<\/ul>\n<p style=\"font-weight: 400; text-align: justify;\"><strong>Canales oficiales de informaci\u00f3n y asistencia<\/strong><\/p>\n<ul style=\"font-weight: 400; text-align: justify;\">\n<li>Redes sociales oficiales de\u00a0<strong>Admisi\u00f3n Escolar<\/strong><\/li>\n<li>Sitio web:\u00a0<a href=\"http:\/\/www.sistemadeadmisionescolar.cl\/\" data-saferedirecturl=\"https:\/\/www.google.com\/url?q=http:\/\/www.sistemadeadmisionescolar.cl&amp;source=gmail&amp;ust=1765570867685000&amp;usg=AOvVaw071Xc1f1LtLo3L3xAqbYZO\"><strong>www.sistemadeadmisionescolar.cl<\/strong><\/a><\/li>\n<li>Plataforma de ayuda:\u00a0<a href=\"http:\/\/www.ayudamineduc.cl\/\" data-saferedirecturl=\"https:\/\/www.google.com\/url?q=http:\/\/www.ayudamineduc.cl&amp;source=gmail&amp;ust=1765570867685000&amp;usg=AOvVaw2lgZFnIGm4NQEI3EgCkueW\"><strong>www.ayudamineduc.cl<\/strong><\/a><\/li>\n<li>Tel\u00e9fono:\u00a0<strong>600 600 26 26<\/strong><\/li>\n<li>Atenci\u00f3n presencial en\u00a0<strong>oficinas de Ayuda Mineduc<\/strong>,\u00a0<strong>Secretar\u00edas Ministeriales<\/strong>, y\u00a0<strong>Departamentos Provinciales de Educaci\u00f3n<\/strong><\/li>\n<\/ul>\n<\/div><\/section><\/div><div  style='height:50px' class='hr hr-invisible   avia-builder-el-6  el_after_av_one_full  el_before_av_social_share '><span class='hr-inner ' ><span class='hr-inner-style'><\/span><\/span><\/div><\/p>\n<div  class='av-social-sharing-box  avia-builder-el-7  el_after_av_hr  el_before_av_hr  '><div class='av-share-box'><h5 class='av-share-link-description av-no-toc '>Compartir esta noticia<\/h5><ul class='av-share-box-list noLightbox'><li class='av-share-link av-social-link-facebook' ><a target=\"_blank\" aria-label=\"Compartir en Facebook\" href='https:\/\/www.facebook.com\/sharer.php?u=https:\/\/radiorevelacionfm.cl\/?p=62393&#038;t=Educaci%C3%B3n%20informa%20el%20calendario%20del%20proceso%20para%20solicitudes%20de%20cupos%20fuera%20de%20plazo%20%E2%80%93%20An%C3%B3tate%20en%20la%20Lista' aria-hidden='false' data-av_icon='\ue8f3' data-av_iconfont='entypo-fontello' title='' data-avia-related-tooltip='Compartir en Facebook' rel=\"noopener\"><span class='avia_hidden_link_text'>Compartir en Facebook<\/span><\/a><\/li><li class='av-share-link av-social-link-twitter' ><a target=\"_blank\" aria-label=\"Compartir en Twitter\" href='https:\/\/twitter.com\/share?text=Educaci%C3%B3n%20informa%20el%20calendario%20del%20proceso%20para%20solicitudes%20de%20cupos%20fuera%20de%20plazo%20%E2%80%93%20An%C3%B3tate%20en%20la%20Lista&#038;url=https:\/\/radiorevelacionfm.cl\/?p=62393' aria-hidden='false' data-av_icon='\ue8f1' data-av_iconfont='entypo-fontello' title='' data-avia-related-tooltip='Compartir en Twitter' rel=\"noopener\"><span class='avia_hidden_link_text'>Compartir en Twitter<\/span><\/a><\/li><li class='av-share-link av-social-link-whatsapp' ><a target=\"_blank\" aria-label=\"Compartir en Whatsapp\" href='https:\/\/api.whatsapp.com\/send?text=https:\/\/radiorevelacionfm.cl\/?p=62393' aria-hidden='false' data-av_icon='\uf232' data-av_iconfont='entypo-fontello' title='' data-avia-related-tooltip='Compartir en Whatsapp' rel=\"noopener\"><span class='avia_hidden_link_text'>Compartir en Whatsapp<\/span><\/a><\/li><li class='av-share-link av-social-link-linkedin' ><a target=\"_blank\" aria-label=\"Compartir en LinkedIn\" href='https:\/\/linkedin.com\/shareArticle?mini=true&#038;title=Educaci%C3%B3n%20informa%20el%20calendario%20del%20proceso%20para%20solicitudes%20de%20cupos%20fuera%20de%20plazo%20%E2%80%93%20An%C3%B3tate%20en%20la%20Lista&#038;url=https:\/\/radiorevelacionfm.cl\/?p=62393' aria-hidden='false' data-av_icon='\ue8fc' data-av_iconfont='entypo-fontello' title='' data-avia-related-tooltip='Compartir en LinkedIn' rel=\"noopener\"><span class='avia_hidden_link_text'>Compartir en LinkedIn<\/span><\/a><\/li><li class='av-share-link av-social-link-mail' ><a  aria-label=\"Compartir por correo\" href='mailto:?subject=Educaci%C3%B3n%20informa%20el%20calendario%20del%20proceso%20para%20solicitudes%20de%20cupos%20fuera%20de%20plazo%20%E2%80%93%20An%C3%B3tate%20en%20la%20Lista&#038;body=https:\/\/radiorevelacionfm.cl\/?p=62393' aria-hidden='false' data-av_icon='\ue805' data-av_iconfont='entypo-fontello' title='' data-avia-related-tooltip='Compartir por correo'><span class='avia_hidden_link_text'>Compartir por correo<\/span><\/a><\/li><\/ul><\/div><\/div>\n<div  style='height:50px' class='hr hr-invisible   avia-builder-el-8  el_after_av_social_share  el_before_av_comments_list '><span class='hr-inner ' ><span class='hr-inner-style'><\/span><\/span><\/div>\n<div  class='av-buildercomment  av-blog-meta-html-info-disabled av-blog-meta-tag-disabled  '><\/div>\n","protected":false},"excerpt":{"rendered":"","protected":false},"author":1,"featured_media":62394,"comment_status":"closed","ping_status":"closed","sticky":false,"template":"","format":"standard","meta":{"footnotes":""},"categories":[49],"tags":[],"class_list":["post-62393","post","type-post","status-publish","format-standard","has-post-thumbnail","hentry","category-educacion"],"jetpack_featured_media_url":"https:\/\/radiorevelacionfm.cl\/wp-content\/uploads\/2025\/12\/image-2025-12-11T174847.136-1.jpg","_links":{"self":[{"href":"https:\/\/radiorevelacionfm.cl\/index.php?rest_route=\/wp\/v2\/posts\/62393","targetHints":{"allow":["GET"]}}],"collection":[{"href":"https:\/\/radiorevelacionfm.cl\/index.php?rest_route=\/wp\/v2\/posts"}],"about":[{"href":"https:\/\/radiorevelacionfm.cl\/index.php?rest_route=\/wp\/v2\/types\/post"}],"author":[{"embeddable":true,"href":"https:\/\/radiorevelacionfm.cl\/index.php?rest_route=\/wp\/v2\/users\/1"}],"replies":[{"embeddable":true,"href":"https:\/\/radiorevelacionfm.cl\/index.php?rest_route=%2Fwp%2Fv2%2Fcomments&post=62393"}],"version-history":[{"count":2,"href":"https:\/\/radiorevelacionfm.cl\/index.php?rest_route=\/wp\/v2\/posts\/62393\/revisions"}],"predecessor-version":[{"id":62413,"href":"https:\/\/radiorevelacionfm.cl\/index.php?rest_route=\/wp\/v2\/posts\/62393\/revisions\/62413"}],"wp:featuredmedia":[{"embeddable":true,"href":"https:\/\/radiorevelacionfm.cl\/index.php?rest_route=\/wp\/v2\/media\/62394"}],"wp:attachment":[{"href":"https:\/\/radiorevelacionfm.cl\/index.php?rest_route=%2Fwp%2Fv2%2Fmedia&parent=62393"}],"wp:term":[{"taxonomy":"category","embeddable":true,"href":"https:\/\/radiorevelacionfm.cl\/index.php?rest_route=%2Fwp%2Fv2%2Fcategories&post=62393"},{"taxonomy":"post_tag","embeddable":true,"href":"https:\/\/radiorevelacionfm.cl\/index.php?rest_route=%2Fwp%2Fv2%2Ftags&post=62393"}],"curies":[{"name":"wp","href":"https:\/\/api.w.org\/{rel}","templated":true}]}}